{"id":14173,"date":"2025-08-08T00:16:58","date_gmt":"2025-08-07T22:16:58","guid":{"rendered":"https:\/\/pasaenmendoza.com\/?p=14173"},"modified":"2025-08-08T00:23:17","modified_gmt":"2025-08-07T22:23:17","slug":"la-junta-electoral-de-mendoza-oficializo-el-cronograma-de-las-elecciones-2025","status":"publish","type":"post","link":"https:\/\/pasaenmendoza.com\/?p=14173","title":{"rendered":"La Junta Electoral de Mendoza oficializ\u00f3 el cronograma de las elecciones 2025"},"content":{"rendered":"\n<p>La&nbsp;<strong>Junta Electoral&nbsp;<\/strong>de Mendoza dio a conocer este jueves el calendario para las pr\u00f3ximas<strong>&nbsp;elecciones 2025&nbsp;<\/strong>teniendo en cuenta la unificaci\u00f3n de las fechas de la provincia con los comicios nacionales, tal y como lo decidi\u00f3 el gobernador<strong>&nbsp;Alfredo Cornejo.<\/strong><\/p>\n\n\n\n<p>As\u00ed el el domingo<strong>&nbsp;26 de octubre<\/strong>&nbsp;se llevar\u00e1n adelante las elecciones generales provinciales y de los 12 municipios que no van a desdoblar.<\/p>\n\n\n\n<p>En tanto, la fecha para el escrutinio definitivo se estableci\u00f3 el<strong>&nbsp;28 de octubre<\/strong>.<\/p>\n\n\n\n<h2 class=\"wp-block-heading\">Fechas clave de agosto<\/h2>\n\n\n\n<p>Durante agosto, la&nbsp;<strong>Junta Electoral&nbsp;<\/strong>anunci\u00f3 cinco fechas clave: este jueves&nbsp;<strong>7 de agosto<\/strong>&nbsp;es el \u00faltimo d\u00eda en el que las partidos pol\u00edticos pueden solicitar el reconocimiento de alianzas provinciales y municipales en conjunto.<\/p>\n\n\n\n<p>En tanto, el martes&nbsp;<strong>12 de agosto<\/strong>&nbsp;vence el plazo para registrar s\u00edmbolos y colores en el&nbsp;<strong>\u00f3rgano electoral<\/strong>.<\/p>\n\n\n\n<p>En el mismo contexto, los partidos tienen tiempo hasta el domingo&nbsp;<strong>17 de agosto<\/strong>&nbsp;para registrar a los candidatos<strong><\/strong>&nbsp;que integrar\u00e1n la boleta \u00fanica, quienes deber\u00e1n ser aptos para el cargo al que se postulan.<\/p>\n\n\n\n<p>Un d\u00eda despu\u00e9s, el lunes&nbsp;<strong>18 de agosto<\/strong>, se debe remitir la n\u00f3mina de los partidos pol\u00edticos reconocidos y que puedan participar de las elecciones municipales y provinciales junto con sus apoderados y domicilios.<\/p>\n\n\n\n<p>Por \u00faltimo, el<strong>&nbsp;27 de agosto<\/strong>&nbsp;se iniciar\u00e1 formalmente la<strong>&nbsp;campa\u00f1a electoral<\/strong>&nbsp;en elecciones provinciales y municipales.<\/p>\n\n\n\n<h2 class=\"wp-block-heading\">C\u00f3mo sigue el calendario electoral de Mendoza<\/h2>\n\n\n\n<p>El calendario electoral contin\u00faa marcando d\u00edas fundamentales: el&nbsp;<strong>21 de septiembre<\/strong>&nbsp;se podr\u00e1 comenzar con la propaganda en medios de comunicaci\u00f3n audiovisual, mientras el&nbsp;<strong>1 de octubre<\/strong>&nbsp;comenzar\u00e1 a regir la prohibici\u00f3n de actos p\u00fablicos que tengan finalidad de promover la captaci\u00f3n del voto.<\/p>\n\n\n\n<p>La&nbsp;<strong>Junta Electoral de Mendoza<\/strong>&nbsp;tambi\u00e9n se\u00f1al\u00f3 que el&nbsp;<strong>11 de octubre<\/strong>&nbsp;deber\u00e1n estar impresas la boletas \u00fanicas provinciales.<\/p>\n\n\n\n<p>La veda electoral comenzar\u00e1 oficialmente el 24 de octubre a las 8 y el&nbsp;<strong>26 de octubre<\/strong>&nbsp;ser\u00e1 el d\u00eda de la votaci\u00f3n.<\/p>\n\n\n\n<p>Para culminar el proceso de&nbsp;<strong>elecciones 2025<\/strong>, el&nbsp;<strong>28 de octubre<\/strong>&nbsp;a las 18 terminar\u00e1 el plazo para la recepci\u00f3n de las protestas y reclamos acerca de todos los hechos vinculados con el proceso electoral. Ese mismo d\u00eda comenzar\u00e1 a realizarse el escrutinio definitivo.<\/p>\n\n\n\n<p><strong>Fuente: www.diariouno.com.ar<\/strong><\/p>\n","protected":false},"excerpt":{"rendered":"<p>La&nbsp;Junta Electoral&nbsp;de Mendoza dio a conocer este jueves el calendario para las pr\u00f3ximas&nbsp;elecciones 2025&nbsp;teniendo en cuenta la unificaci\u00f3n de las fechas de la provincia con los comicios nacionales, tal y como lo decidi\u00f3 el gobernador&nbsp;Alfredo Cornejo. As\u00ed el el domingo&nbsp;26 de octubre&nbsp;se llevar\u00e1n adelante las elecciones generales provinciales y de los 12 municipios que no [&hellip;]<\/p>\n","protected":false},"author":2,"featured_media":14174,"comment_status":"open","ping_status":"open","sticky":false,"template":"","format":"standard","meta":[],"categories":[47],"tags":[],"_links":{"self":[{"href":"https:\/\/pasaenmendoza.com\/index.php?rest_route=\/wp\/v2\/posts\/14173"}],"collection":[{"href":"https:\/\/pasaenmendoza.com\/index.php?rest_route=\/wp\/v2\/posts"}],"about":[{"href":"https:\/\/pasaenmendoza.com\/index.php?rest_route=\/wp\/v2\/types\/post"}],"author":[{"embeddable":true,"href":"https:\/\/pasaenmendoza.com\/index.php?rest_route=\/wp\/v2\/users\/2"}],"replies":[{"embeddable":true,"href":"https:\/\/pasaenmendoza.com\/index.php?rest_route=%2Fwp%2Fv2%2Fcomments&post=14173"}],"version-history":[{"count":2,"href":"https:\/\/pasaenmendoza.com\/index.php?rest_route=\/wp\/v2\/posts\/14173\/revisions"}],"predecessor-version":[{"id":14180,"href":"https:\/\/pasaenmendoza.com\/index.php?rest_route=\/wp\/v2\/posts\/14173\/revisions\/14180"}],"wp:featuredmedia":[{"embeddable":true,"href":"https:\/\/pasaenmendoza.com\/index.php?rest_route=\/wp\/v2\/media\/14174"}],"wp:attachment":[{"href":"https:\/\/pasaenmendoza.com\/index.php?rest_route=%2Fwp%2Fv2%2Fmedia&parent=14173"}],"wp:term":[{"taxonomy":"category","embeddable":true,"href":"https:\/\/pasaenmendoza.com\/index.php?rest_route=%2Fwp%2Fv2%2Fcategories&post=14173"},{"taxonomy":"post_tag","embeddable":true,"href":"https:\/\/pasaenmendoza.com\/index.php?rest_route=%2Fwp%2Fv2%2Ftags&post=14173"}],"curies":[{"name":"wp","href":"https:\/\/api.w.org\/{rel}","templated":true}]}}