{"id":14181,"date":"2025-08-08T00:27:48","date_gmt":"2025-08-07T22:27:48","guid":{"rendered":"https:\/\/pasaenmendoza.com\/?p=14181"},"modified":"2025-08-08T00:27:49","modified_gmt":"2025-08-07T22:27:49","slug":"una-multitud-fue-a-san-cayetano-de-godoy-cruz-con-pedidos-de-trabajo-salud-y-paz","status":"publish","type":"post","link":"https:\/\/pasaenmendoza.com\/?p=14181","title":{"rendered":"Una multitud fue a San Cayetano de Godoy Cruz, con pedidos de trabajo, salud y paz"},"content":{"rendered":"\n<p>Como cada\u00a0<strong>7 de agosto<\/strong>, miles de personas se movilizaron hacia diferentes puntos del pa\u00eds para conmemorar a\u00a0<strong>San Cayetano<\/strong>, el\u00a0<strong>patrono del Pan y del Trabajo<\/strong>. Este jueves, en\u00a0<strong>Godoy Cruz<\/strong>,\u00a0la jornada estuvo marcada por la\u00a0<strong>fe<\/strong>, el\u00a0<strong>agradecimiento<\/strong>\u00a0y los\u00a0<strong>pedidos de\u00a0trabajo, salud y paz<\/strong>, a pesar del\u00a0<strong>mal clima<\/strong>\u00a0que limit\u00f3 la asistencia con respecto a a\u00f1os anteriores.<\/p>\n\n\n\n<p>La celebraci\u00f3n religiosa, que se extiende a lo largo de todo el d\u00eda, incluye varias\u00a0<strong>misas<\/strong>\u00a0y una\u00a0<strong>procesi\u00f3n central<\/strong>\u00a0que comenz\u00f3 a las\u00a0<strong>16:30<\/strong>, recorriendo las calles aleda\u00f1as a la parroquia ubicada en\u00a0<strong>Anatole France 642<\/strong>. En medio de un contexto econ\u00f3mico complejo, el\u00a0<strong>trabajo<\/strong>\u00a0fue nuevamente el pedido m\u00e1s recurrente entre quienes se acercaron al templo. Para algunos, fue su primera vez. Para otros, una\u00a0<strong>tradici\u00f3n familiar<\/strong>\u00a0que se mantiene intacta con el paso de los a\u00f1os.<\/p>\n\n\n\n<p>El municipio de\u00a0<strong>Godoy Cruz<\/strong>\u00a0despleg\u00f3 un importante\u00a0<strong>operativo especial<\/strong>\u00a0que contempl\u00f3\u00a0<strong>cortes de tr\u00e1nsito<\/strong>,\u00a0<strong>puestos sanitarios<\/strong>\u00a0y la instalaci\u00f3n de\u00a0<strong>ba\u00f1os qu\u00edmicos<\/strong>\u00a0en la\u00a0<strong>Ciclov\u00eda<\/strong>. Las\u00a0<strong>calles afectadas<\/strong>\u00a0por los desv\u00edos fueron\u00a0<strong>Anatole France y Chacabuco<\/strong>,\u00a0<strong>Derqui y O&#8217;Higgins<\/strong>, y\u00a0<strong>Derqui y Santos Dumont<\/strong>. A esto se sum\u00f3 el corte permanente en la calle\u00a0<strong>Beltr\u00e1n<\/strong>, entre\u00a0<strong>Chacabuco y Anzorena<\/strong>, por las\u00a0<strong>obras del Metrotranv\u00eda<\/strong>, lo que oblig\u00f3 a muchos conductores a buscar\u00a0<strong>rutas alternativas<\/strong>.<\/p>\n\n\n\n<p>Mientras tanto, la\u00a0<strong>devoci\u00f3n popular<\/strong>\u00a0sigue siendo la verdadera protagonista de la jornada. La imagen de\u00a0<strong>San Cayetano<\/strong>\u00a0recorriendo la calle\u00a0<strong>Anatole France<\/strong>\u00a0sintetiza la esperanza de un pueblo que, a\u00f1o tras a\u00f1o, vuelve a caminar para pedir y agradecer.<\/p>\n\n\n\n<p><strong>Fuente: www.diariomendoza.com.ar<\/strong><\/p>\n","protected":false},"excerpt":{"rendered":"<p>Como cada\u00a07 de agosto, miles de personas se movilizaron hacia diferentes puntos del pa\u00eds para conmemorar a\u00a0San Cayetano, el\u00a0patrono del Pan y del Trabajo. Este jueves, en\u00a0Godoy Cruz,\u00a0la jornada estuvo marcada por la\u00a0fe, el\u00a0agradecimiento\u00a0y los\u00a0pedidos de\u00a0trabajo, salud y paz, a pesar del\u00a0mal clima\u00a0que limit\u00f3 la asistencia con respecto a a\u00f1os anteriores. La celebraci\u00f3n religiosa, que [&hellip;]<\/p>\n","protected":false},"author":2,"featured_media":14182,"comment_status":"open","ping_status":"open","sticky":false,"template":"","format":"standard","meta":[],"categories":[50],"tags":[],"_links":{"self":[{"href":"https:\/\/pasaenmendoza.com\/index.php?rest_route=\/wp\/v2\/posts\/14181"}],"collection":[{"href":"https:\/\/pasaenmendoza.com\/index.php?rest_route=\/wp\/v2\/posts"}],"about":[{"href":"https:\/\/pasaenmendoza.com\/index.php?rest_route=\/wp\/v2\/types\/post"}],"author":[{"embeddable":true,"href":"https:\/\/pasaenmendoza.com\/index.php?rest_route=\/wp\/v2\/users\/2"}],"replies":[{"embeddable":true,"href":"https:\/\/pasaenmendoza.com\/index.php?rest_route=%2Fwp%2Fv2%2Fcomments&post=14181"}],"version-history":[{"count":1,"href":"https:\/\/pasaenmendoza.com\/index.php?rest_route=\/wp\/v2\/posts\/14181\/revisions"}],"predecessor-version":[{"id":14183,"href":"https:\/\/pasaenmendoza.com\/index.php?rest_route=\/wp\/v2\/posts\/14181\/revisions\/14183"}],"wp:featuredmedia":[{"embeddable":true,"href":"https:\/\/pasaenmendoza.com\/index.php?rest_route=\/wp\/v2\/media\/14182"}],"wp:attachment":[{"href":"https:\/\/pasaenmendoza.com\/index.php?rest_route=%2Fwp%2Fv2%2Fmedia&parent=14181"}],"wp:term":[{"taxonomy":"category","embeddable":true,"href":"https:\/\/pasaenmendoza.com\/index.php?rest_route=%2Fwp%2Fv2%2Fcategories&post=14181"},{"taxonomy":"post_tag","embeddable":true,"href":"https:\/\/pasaenmendoza.com\/index.php?rest_route=%2Fwp%2Fv2%2Ftags&post=14181"}],"curies":[{"name":"wp","href":"https:\/\/api.w.org\/{rel}","templated":true}]}}