{"id":14184,"date":"2025-08-08T00:31:27","date_gmt":"2025-08-07T22:31:27","guid":{"rendered":"https:\/\/pasaenmendoza.com\/?p=14184"},"modified":"2025-08-08T00:31:28","modified_gmt":"2025-08-07T22:31:28","slug":"el-70-de-los-oradores-de-la-audiencia-por-psj-cobre-mendocino-se-expreso-a-favor-del-emprendimiento","status":"publish","type":"post","link":"https:\/\/pasaenmendoza.com\/?p=14184","title":{"rendered":"El 70% de los oradores de la audiencia por PSJ Cobre Mendocino se expres\u00f3 a favor del emprendimiento"},"content":{"rendered":"\n<p>Con 70% de apoyo al proyecto concluy\u00f3 la etapa presencial de la\u00a0audiencia p\u00fablica por PSJ Cobre Mendocino en Uspallata.\u00a0Este viernes se inicia la fase virtual.<\/p>\n\n\n\n<p>En esta fase inicial durante seis jornadas, los ciudadanos pudieron expresar su postura con mucha participaci\u00f3n de habitantes de Uspallata y en donde se escucharon todas las posturas.<\/p>\n\n\n\n<p>La mayor\u00eda de los oradores se expres\u00f3 en apoyo\u00a0al desarrollo del proyecto,\u00a0en la audiencia que se realiz\u00f3 en el sitio donde se proyecta la mina, con acceso y conectividad gratuitos, puestos de comida, carpas calefaccionadas y transmisi\u00f3n permanente por\u00a0<strong>Youtube<\/strong>.<\/p>\n\n\n\n<h2 class=\"wp-block-heading\">Arranca la etapa virtual<\/h2>\n\n\n\n<p>Este viernes 8 a las 9 comienza la etapa virtual, en la que los<strong>\u00a01.380 inscriptos para esta instancia tendr\u00e1n la posibilidad de hablar v\u00eda\u00a0<em>Zoom<\/em>,<\/strong>\u00a0con listas p\u00fablicas ordenadas que pueden consultarse desde este enlace:\u00a0https:\/\/www.mendoza.gov.ar\/mineria\/proyecto-psj-cobre-mendocino\/<\/p>\n\n\n\n<p>Las exposiciones se realizar\u00e1n seg\u00fan el orden cronol\u00f3gico de inscripci\u00f3n, respetando los listados publicados en la p\u00e1gina del&nbsp;<strong>Ministerio de Energ\u00eda y Ambiente.&nbsp;<\/strong>Continuar\u00e1n durante los d\u00edas siguientes -incluidos s\u00e1bado y domingo- hasta completar las intervenciones de todos los inscriptos, con lo que se busca garantizar un proceso basado en el pluralismo, la transparencia y la participaci\u00f3n ciudadana efectiva.<\/p>\n\n\n\n<p>La Autoridad Ambiental Minera solicit\u00f3 expresamente a todos los inscriptos que realicen un seguimiento del listado a medida que avance la audiencia, a fin de encontrarse presentes al momento de ser llamados por la mesa instructora. En la plataforma&nbsp;<em>Zoom&nbsp;<\/em>encontrar\u00e1n un contador que indicar\u00e1 el n\u00famero correspondiente al orador que se est\u00e9 expresando en ese momento.<\/p>\n\n\n\n<p>Para poder acceder al seminario en&nbsp;<em>Zoom<\/em>, es necesario completar el formulario que fue enviado por correo electr\u00f3nico al momento de realizar correctamente la inscripci\u00f3n a la Audiencia P\u00fablica a trav\u00e9s del sistema Ticket.<\/p>\n\n\n\n<h2 class=\"wp-block-heading\"><strong>Participaci\u00f3n, informaci\u00f3n y pluralidad de voces<\/strong><\/h2>\n\n\n\n<p>Durante este proceso participativo hablaron todos los que se inscribieron presencialmente en sistema ticket, respetando el orden y el tiempo de exposici\u00f3n. Entre los oradores hubo&nbsp;<strong>ciudadanos de Mendoza, vecinos de Uspallata, mineros, gente de la ganader\u00eda, turismo, autoridades y j\u00f3venes.<\/strong><\/p>\n\n\n\n<p>En la primera jornada, la Autoridad Ambiental Minera \u2014compuesta por la Direcci\u00f3n de Miner\u00eda y la Direcci\u00f3n de Gesti\u00f3n y Fiscalizaci\u00f3n Ambiental\u2014, junto a&nbsp;<strong>Fabi\u00e1n Gregorio,<\/strong>&nbsp;director ejecutivo de PSJ Cobre Mendocino, y la consultora&nbsp;<strong>GT Ingenier\u00eda&nbsp;<\/strong>present\u00f3 los detalles t\u00e9cnicos y los controles ambientales del proyecto.<\/p>\n\n\n\n<p>Entre las voces a favor hubo vecinos de Uspallata con un clamor com\u00fan:&nbsp;<strong>oportunidades laborales para los j\u00f3venes, crecimiento y arraigo, ya que hoy muchos pobladores deben dejar la villa para encontrar trabajo.<\/strong><\/p>\n\n\n\n<p>Tambi\u00e9n se escucharon fundamentos t\u00e9cnicos de<strong>&nbsp;mineros, hijos y nietos de mineros<\/strong>, profesionales, representantes de asociaciones de peque\u00f1as y medianas empresas que quieren participar en la cadena de valor que genera la industria, y hasta<strong>&nbsp;ganaderos de Uspallata.<\/strong><\/p>\n\n\n\n<p>Los j\u00f3venes pusieron especial \u00e9nfasis en las formaciones brindadas por PSJ en oficios vinculados a la miner\u00eda, y pidieron que se d\u00e9 prioridad a la mano de obra local y a emprendedores regionales.<\/p>\n\n\n\n<p>Las inquietudes de quienes se manifestaron en contra tuvieron que ver con el&nbsp;<strong>recurso h\u00eddrico, flora, fauna, garant\u00eda de continuidad, generaci\u00f3n de trabajo por parte de la empresa proponente y pasivos ambientales.<\/strong><\/p>\n\n\n\n<p>Adem\u00e1s, hubo quienes se expresaron en contra de cualquier tipo de miner\u00eda en Mendoza, aunque los proyectos cumplan con la<strong>\u00a0Ley 7.722.<\/strong><\/p>\n\n\n\n<h2 class=\"wp-block-heading\"><strong>Al alcance de todos<\/strong><\/h2>\n\n\n\n<p>Para promover la participaci\u00f3n ciudadana, garantizar la accesibilidad y cuidar el bienestar de los m\u00e1s de 3.000 inscriptos, la Autoridad Ambiental Minera dispuso que el predio en Uspallata contara con todas las condiciones necesarias de seguridad y confort.<\/p>\n\n\n\n<p><strong>El espacio tuvo tres carpas calefaccionadas:&nbsp;<\/strong>una destinada a los oradores que participaron en la audiencia, otra habilitada para el p\u00fablico general, equipada con pantallas gigantes que permitieron seguir el desarrollo completo de cada intervenci\u00f3n, y una tercera para la instalaci\u00f3n de equipos de periodistas acreditados. Estas estructuras brindaron resguardo y comodidad a los asistentes.<\/p>\n\n\n\n<p>El predio dispuso de servicio de conectividad gratuito, puestos de comida, acceso a agua potable, sanitarios, asistencia m\u00e9dica y se\u00f1alizaci\u00f3n en los caminos internos para facilitar la circulaci\u00f3n segura. Tambi\u00e9n hubo transporte gratuito para los interesados desde Mendoza y desde Uspallata hacia el proyecto.<\/p>\n\n\n\n<p><strong>Documentaci\u00f3n p\u00fablica y acceso a las exposiciones<\/strong><\/p>\n\n\n\n<p>Quienes quieran ver todas las ponencias realizadas durante las seis jornadas presenciales, pueden hacerlo desde este enlace de\u00a0Youtube: https:\/\/www.youtube.com\/@ministerioenergiayambientemza<\/p>\n\n\n\n<p>El expediente t\u00e9cnico est\u00e1 disponible para su consulta libre desde el inicio del proceso. Incluye los informes elaborados por la Direcci\u00f3n de Miner\u00eda, la Direcci\u00f3n de Gesti\u00f3n y Fiscalizaci\u00f3n Ambiental, la Fundaci\u00f3n de la Universidad Nacional de Cuyo (FUNC) y los dict\u00e1menes de organismos provinciales y nacionales.<\/p>\n\n\n\n<p>Entre las instituciones que han emitido opini\u00f3n, se encuentran:<\/p>\n\n\n\n<ul>\n<li>Municipalidad de Las Heras.<\/li>\n\n\n\n<li>Departamento General de Irrigaci\u00f3n.<\/li>\n\n\n\n<li>Direcciones Provinciales de Vialidad, Hidr\u00e1ulica, Transici\u00f3n Energ\u00e9tica, Planificaci\u00f3n Territorial, Bienes Registrables, Biodiversidad y Ecoparque.<\/li>\n\n\n\n<li>Patrimonio Cultural y Museos.<\/li>\n\n\n\n<li>Direcci\u00f3n Nacional de Vialidad.<\/li>\n\n\n\n<li>&nbsp;Instituto Nacional de Asuntos Ind\u00edgenas (INAI).<\/li>\n\n\n\n<li>EPRE, Iadiza, Emetur y Segemar.<\/li>\n\n\n\n<li>Y representantes del proyecto PSJ Cobre Mendocino.<\/li>\n<\/ul>\n\n\n\n<p><strong>Fuente: www.diariouno.com.ar<\/strong><\/p>\n","protected":false},"excerpt":{"rendered":"<p>Con 70% de apoyo al proyecto concluy\u00f3 la etapa presencial de la\u00a0audiencia p\u00fablica por PSJ Cobre Mendocino en Uspallata.\u00a0Este viernes se inicia la fase virtual. En esta fase inicial durante seis jornadas, los ciudadanos pudieron expresar su postura con mucha participaci\u00f3n de habitantes de Uspallata y en donde se escucharon todas las posturas. La mayor\u00eda [&hellip;]<\/p>\n","protected":false},"author":2,"featured_media":14185,"comment_status":"open","ping_status":"open","sticky":false,"template":"","format":"standard","meta":[],"categories":[116],"tags":[],"_links":{"self":[{"href":"https:\/\/pasaenmendoza.com\/index.php?rest_route=\/wp\/v2\/posts\/14184"}],"collection":[{"href":"https:\/\/pasaenmendoza.com\/index.php?rest_route=\/wp\/v2\/posts"}],"about":[{"href":"https:\/\/pasaenmendoza.com\/index.php?rest_route=\/wp\/v2\/types\/post"}],"author":[{"embeddable":true,"href":"https:\/\/pasaenmendoza.com\/index.php?rest_route=\/wp\/v2\/users\/2"}],"replies":[{"embeddable":true,"href":"https:\/\/pasaenmendoza.com\/index.php?rest_route=%2Fwp%2Fv2%2Fcomments&post=14184"}],"version-history":[{"count":1,"href":"https:\/\/pasaenmendoza.com\/index.php?rest_route=\/wp\/v2\/posts\/14184\/revisions"}],"predecessor-version":[{"id":14186,"href":"https:\/\/pasaenmendoza.com\/index.php?rest_route=\/wp\/v2\/posts\/14184\/revisions\/14186"}],"wp:featuredmedia":[{"embeddable":true,"href":"https:\/\/pasaenmendoza.com\/index.php?rest_route=\/wp\/v2\/media\/14185"}],"wp:attachment":[{"href":"https:\/\/pasaenmendoza.com\/index.php?rest_route=%2Fwp%2Fv2%2Fmedia&parent=14184"}],"wp:term":[{"taxonomy":"category","embeddable":true,"href":"https:\/\/pasaenmendoza.com\/index.php?rest_route=%2Fwp%2Fv2%2Fcategories&post=14184"},{"taxonomy":"post_tag","embeddable":true,"href":"https:\/\/pasaenmendoza.com\/index.php?rest_route=%2Fwp%2Fv2%2Ftags&post=14184"}],"curies":[{"name":"wp","href":"https:\/\/api.w.org\/{rel}","templated":true}]}}