{"id":14187,"date":"2025-08-08T21:18:14","date_gmt":"2025-08-08T19:18:14","guid":{"rendered":"https:\/\/pasaenmendoza.com\/?p=14187"},"modified":"2025-08-08T21:18:15","modified_gmt":"2025-08-08T19:18:15","slug":"el-epre-fijo-nuevas-tarifas-y-aumenta-la-luz-desde-agosto-en-mendoza","status":"publish","type":"post","link":"https:\/\/pasaenmendoza.com\/?p=14187","title":{"rendered":"El EPRE fij\u00f3 nuevas tarifas y aumenta la luz desde agosto en Mendoza"},"content":{"rendered":"\n<p>El Ente Provincial Regulador El\u00e9ctrico\u00a0(EPRE)\u00a0<strong>aprob\u00f3, mediante la Resoluci\u00f3n N\u00b0 194\/2025 publicada este jueves en el Bolet\u00edn Oficial, los\u00a0nuevos cuadros tarifarios\u00a0para el servicio el\u00e9ctrico en Mendoza<\/strong>. Los valores estar\u00e1n vigentes entre agosto y octubre para todas las distribuidoras de la provincia y se aplicar\u00e1n autom\u00e1ticamente a los consumos registrados\u00a0<strong>desde el 1 de agosto.<\/strong><\/p>\n\n\n\n<p><strong>Segmentaci\u00f3n y valores por categor\u00eda<\/strong><\/p>\n\n\n\n<p>La actualizaci\u00f3n se basa en la reprogramaci\u00f3n del mercado el\u00e9ctrico mayorista realizada por Cammesa y en los lineamientos de la Secretar\u00eda de Energ\u00eda de la Naci\u00f3n. Se mantienen los precios estacionales diferenciados para usuarios residenciales seg\u00fan su nivel de segmentaci\u00f3n:<\/p>\n\n\n\n<ul>\n<li>N1 (altos ingresos o sin subsidio): $6,516 por kWh en agosto.<\/li>\n\n\n\n<li>N2 (bajos ingresos): $2,656 por kWh, con bonificaci\u00f3n del 67,52%.<\/li>\n\n\n\n<li>N3 (ingresos medios): $3,454 por kWh, con bonificaci\u00f3n del 52,16%.<br>En septiembre y octubre se prev\u00e9n ajustes menores. El Valor Agregado de Distribuci\u00f3n (VAD) continuar\u00e1 sin cambios, dado que la inflaci\u00f3n trimestral no super\u00f3 el 7% establecido en el marco regulatorio.<\/li>\n<\/ul>\n\n\n\n<p>El esquema mantiene los topes de consumo subsidiado. Para los usuarios N2, el l\u00edmite es de 1400 kWh bimestrales (700 mensuales), mientras que para los N3 es de 1000 kWh bimestrales (500 mensuales). El excedente se facturar\u00e1 al precio pleno correspondiente al Nivel 1.<\/p>\n\n\n\n<p>El EPRE instruy\u00f3 a las distribuidoras a aplicar las nuevas tarifas conforme a las resoluciones e instructivos vigentes. El\u00a0incremento\u00a0promedio es del 1% y se mantendr\u00e1n las bonificaciones y ampliaciones de consumo subsidiado para los usuarios de menores y medianos ingresos durante el per\u00edodo agosto-octubre.<\/p>\n\n\n\n<p><strong>Fuente: www.diariomendoza.com.ar<\/strong><\/p>\n","protected":false},"excerpt":{"rendered":"<p>El Ente Provincial Regulador El\u00e9ctrico\u00a0(EPRE)\u00a0aprob\u00f3, mediante la Resoluci\u00f3n N\u00b0 194\/2025 publicada este jueves en el Bolet\u00edn Oficial, los\u00a0nuevos cuadros tarifarios\u00a0para el servicio el\u00e9ctrico en Mendoza. Los valores estar\u00e1n vigentes entre agosto y octubre para todas las distribuidoras de la provincia y se aplicar\u00e1n autom\u00e1ticamente a los consumos registrados\u00a0desde el 1 de agosto. Segmentaci\u00f3n y valores [&hellip;]<\/p>\n","protected":false},"author":2,"featured_media":14188,"comment_status":"open","ping_status":"open","sticky":false,"template":"","format":"standard","meta":[],"categories":[79],"tags":[],"_links":{"self":[{"href":"https:\/\/pasaenmendoza.com\/index.php?rest_route=\/wp\/v2\/posts\/14187"}],"collection":[{"href":"https:\/\/pasaenmendoza.com\/index.php?rest_route=\/wp\/v2\/posts"}],"about":[{"href":"https:\/\/pasaenmendoza.com\/index.php?rest_route=\/wp\/v2\/types\/post"}],"author":[{"embeddable":true,"href":"https:\/\/pasaenmendoza.com\/index.php?rest_route=\/wp\/v2\/users\/2"}],"replies":[{"embeddable":true,"href":"https:\/\/pasaenmendoza.com\/index.php?rest_route=%2Fwp%2Fv2%2Fcomments&post=14187"}],"version-history":[{"count":1,"href":"https:\/\/pasaenmendoza.com\/index.php?rest_route=\/wp\/v2\/posts\/14187\/revisions"}],"predecessor-version":[{"id":14189,"href":"https:\/\/pasaenmendoza.com\/index.php?rest_route=\/wp\/v2\/posts\/14187\/revisions\/14189"}],"wp:featuredmedia":[{"embeddable":true,"href":"https:\/\/pasaenmendoza.com\/index.php?rest_route=\/wp\/v2\/media\/14188"}],"wp:attachment":[{"href":"https:\/\/pasaenmendoza.com\/index.php?rest_route=%2Fwp%2Fv2%2Fmedia&parent=14187"}],"wp:term":[{"taxonomy":"category","embeddable":true,"href":"https:\/\/pasaenmendoza.com\/index.php?rest_route=%2Fwp%2Fv2%2Fcategories&post=14187"},{"taxonomy":"post_tag","embeddable":true,"href":"https:\/\/pasaenmendoza.com\/index.php?rest_route=%2Fwp%2Fv2%2Ftags&post=14187"}],"curies":[{"name":"wp","href":"https:\/\/api.w.org\/{rel}","templated":true}]}}