{"id":14193,"date":"2025-08-08T23:01:09","date_gmt":"2025-08-08T21:01:09","guid":{"rendered":"https:\/\/pasaenmendoza.com\/?p=14193"},"modified":"2025-08-08T23:01:10","modified_gmt":"2025-08-08T21:01:10","slug":"esteban-solari-dejo-de-ser-el-entrenador-de-godoy-cruz-los-numeros-de-un-ciclo-terminado","status":"publish","type":"post","link":"https:\/\/pasaenmendoza.com\/?p=14193","title":{"rendered":"Esteban Solari dej\u00f3 de ser el entrenador de Godoy Cruz: los n\u00fameros de un ciclo terminado"},"content":{"rendered":"\n<p><strong>Esteban Solari<\/strong>\u00a0dej\u00f3 de ser este viernes el entrenador de\u00a0<strong>Godoy Cruz<\/strong>. El DT santafesino culmin\u00f3 su etapa como conductor del Expreso luego dirigir 22 partidos entre el Torneo Apertura, Clausura, Copa Argentina y Sudamericana.<\/p>\n\n\n\n<p>El punto final fue la derrota ante Gimnasia y Esgrima de La Plata, con un f\u00fatbol de bajo vuelo, que dej\u00f3 expuesto el entrenador rosarino tras una seguidilla de malas presentaciones. Solari culmin\u00f3 su v\u00ednculo con el Expreso de com\u00fan acuerdo con la dirigencia luego de un jueves caliente en el Gambarte en el que, adem\u00e1s, se fue abucheado por el p\u00fablico del Tomba.<\/p>\n\n\n\n<p>En el Clausura, de los cuatro partidos que dirigi\u00f3, consigui\u00f3 tres empates, y una derrota. En el Apertura solamente gan\u00f3 dos encuentros, de local a Atl\u00e9tico Tucum\u00e1n y de visitante a Barracas Central. En 22 partidos con&nbsp;<strong>Solari&nbsp;<\/strong>al mando,&nbsp;<strong>Godoy Cruz&nbsp;<\/strong>gan\u00f3 5 cotejos (dos ellos en el torneo Apertura y tres por la Copa Sudamericana), empat\u00f3 12 y perdi\u00f3 5 .<\/p>\n\n\n\n<p>En el Clausura, el Tomba igual\u00f3 de visitante ante Rosario Central (1-1), de local empat\u00f3 frente a Sarmiento y luego de visitante frente Talleres en C\u00f3rdoba, ambos sin goles. Finalmente, este jueves, cay\u00f3 por 2 a 1 ante Gimnasia y Esgrima La Plata.<\/p>\n\n\n\n<h2 class=\"wp-block-heading\">Cu\u00e1ndo fue el debut de Esteban Solari en Godoy Cruz<\/h2>\n\n\n\n<p>Esteban Solari debut\u00f3 en el Tomba el 21 de febrero ante el campe\u00f3n Platense, en el Malvinas Argentinas, por la 7ma fecha del torneo Apertura. El DT lleg\u00f3 en el lugar de Ernesto Pedernera y en su estreno el resultado fue 1 a 1.<\/p>\n\n\n\n<p>En el torneo Apertura, dirigi\u00f3 11 de los 16 partidos. En el certamen, el equipo no pudo clasificar a los octavos de final y termin\u00f3 noveno, con 17 unidades.<\/p>\n\n\n\n<p>Lo mejor del entrenador fue en la Copa Sudamericana donde logr\u00f3 el pasaje a los octavos de final. En esta competencia internacional gan\u00f3 tres partidos (a Grau de Per\u00fa y los dos encuentros a Sportivo Luque\u00f1o de Paraguay).<\/p>\n\n\n\n<h2 class=\"wp-block-heading\">Los n\u00fameros de Solari como entrenador de Godoy Cruz<\/h2>\n\n\n\n<ul>\n<li>vs. Platense 7\u00b0 fecha Apertura- (L\/1-1)<\/li>\n\n\n\n<li>vs. Excursionistas -32avos de final Copa Argentina- 0-1<\/li>\n\n\n\n<li>vs. Barracas Central 8\u00b0 Apertura- (V\/2-1)<\/li>\n\n\n\n<li>vs. Instituto 9\u00b0 fecha Apertura- (V\/1-1)<\/li>\n\n\n\n<li>vs. San Lorenzo 10\u00b0 fecha Apertura- (L\/0-0)<\/li>\n\n\n\n<li>vs Talleres, se completaron los cuarenta cinco minutos de la 3ra fecha (L\/0-0)<\/li>\n\n\n\n<li>vs. Independiente de Avellaneda 11\u00b0 fecha- Apertura (V\/0-4)<\/li>\n\n\n\n<li>Vs Atl\u00e9tico Grau de Per\u00fa -1\u00aa fecha Copa Sudamericana- (V\/2-0)<\/li>\n\n\n\n<li>vs. Independiente Rivadavia 12\u00b0 Apertura- (L\/1-1)<\/li>\n\n\n\n<li>Vs. Sportivo Luque\u00f1o de Paraguay -2\u00aa fecha 2-0- Copa Sudamericana- (L\/2-0)<\/li>\n\n\n\n<li>vs. Lan\u00fas 13\u00b0 fecha Apertura- (L\/0-0)<\/li>\n\n\n\n<li>vs. San Mart\u00edn (SJ) 14\u00b0 fecha-Apertura (V\/0-1<\/li>\n\n\n\n<li>Vs. Gremio de Porto Alegre -3\u00aa fecha Copa Sudamericana- (L\/2-2)<\/li>\n\n\n\n<li>vs. A. Tucum\u00e1n 15\u00b0 fecha- Apertura- (L) 1-0<\/li>\n\n\n\n<li>vs. Dep Riestra 16\u00b0 fecha (V) 0-3<\/li>\n\n\n\n<li>Vs Sportivo Luque\u00f1o 4\u00aa fecha Copa Sudamericana- (V\/1-0<\/li>\n\n\n\n<li>Vs Gremio -5\u00aa fecha Copa Sudamericana- (V\/1-1)<\/li>\n\n\n\n<li>Vs Grau -6\u00aa fecha Copa Sudamericana- (L\/2-2)<\/li>\n\n\n\n<li>Vs Rosario Central -1\u00aa Clausura- (V \/1-1)<\/li>\n\n\n\n<li>Vs Sarmiento -2\u00aa fecha Clausura- (L\/0-0)<\/li>\n\n\n\n<li>vs. Talleres (C) -3\u00aa fecha Clausura (V\/0-0)<\/li>\n\n\n\n<li>vs. Gimnasia y Esgrima (LP) -4\u00aa fecha- Clausura (L\/1-2)<\/li>\n<\/ul>\n\n\n\n<p><strong>Fuente: www.diariouno.com.ar<\/strong><\/p>\n","protected":false},"excerpt":{"rendered":"<p>Esteban Solari\u00a0dej\u00f3 de ser este viernes el entrenador de\u00a0Godoy Cruz. El DT santafesino culmin\u00f3 su etapa como conductor del Expreso luego dirigir 22 partidos entre el Torneo Apertura, Clausura, Copa Argentina y Sudamericana. El punto final fue la derrota ante Gimnasia y Esgrima de La Plata, con un f\u00fatbol de bajo vuelo, que dej\u00f3 expuesto [&hellip;]<\/p>\n","protected":false},"author":2,"featured_media":14194,"comment_status":"open","ping_status":"open","sticky":false,"template":"","format":"standard","meta":[],"categories":[81],"tags":[],"_links":{"self":[{"href":"https:\/\/pasaenmendoza.com\/index.php?rest_route=\/wp\/v2\/posts\/14193"}],"collection":[{"href":"https:\/\/pasaenmendoza.com\/index.php?rest_route=\/wp\/v2\/posts"}],"about":[{"href":"https:\/\/pasaenmendoza.com\/index.php?rest_route=\/wp\/v2\/types\/post"}],"author":[{"embeddable":true,"href":"https:\/\/pasaenmendoza.com\/index.php?rest_route=\/wp\/v2\/users\/2"}],"replies":[{"embeddable":true,"href":"https:\/\/pasaenmendoza.com\/index.php?rest_route=%2Fwp%2Fv2%2Fcomments&post=14193"}],"version-history":[{"count":1,"href":"https:\/\/pasaenmendoza.com\/index.php?rest_route=\/wp\/v2\/posts\/14193\/revisions"}],"predecessor-version":[{"id":14195,"href":"https:\/\/pasaenmendoza.com\/index.php?rest_route=\/wp\/v2\/posts\/14193\/revisions\/14195"}],"wp:featuredmedia":[{"embeddable":true,"href":"https:\/\/pasaenmendoza.com\/index.php?rest_route=\/wp\/v2\/media\/14194"}],"wp:attachment":[{"href":"https:\/\/pasaenmendoza.com\/index.php?rest_route=%2Fwp%2Fv2%2Fmedia&parent=14193"}],"wp:term":[{"taxonomy":"category","embeddable":true,"href":"https:\/\/pasaenmendoza.com\/index.php?rest_route=%2Fwp%2Fv2%2Fcategories&post=14193"},{"taxonomy":"post_tag","embeddable":true,"href":"https:\/\/pasaenmendoza.com\/index.php?rest_route=%2Fwp%2Fv2%2Ftags&post=14193"}],"curies":[{"name":"wp","href":"https:\/\/api.w.org\/{rel}","templated":true}]}}