{"id":14196,"date":"2025-08-08T23:19:19","date_gmt":"2025-08-08T21:19:19","guid":{"rendered":"https:\/\/pasaenmendoza.com\/?p=14196"},"modified":"2025-08-08T23:19:20","modified_gmt":"2025-08-08T21:19:20","slug":"el-pj-va-a-internas-en-cinco-departamentos-este-domingo-una-por-una-cuales-son-las-listas","status":"publish","type":"post","link":"https:\/\/pasaenmendoza.com\/?p=14196","title":{"rendered":"El PJ va a internas en cinco departamentos este domingo: una por una cu\u00e1les son las listas"},"content":{"rendered":"\n<p>Este domingo 10 de agosto, el\u00a0<strong>Partido Justicialista<\/strong>\u00a0de Mendoza celebrar\u00e1 elecciones internas en cinco departamentos para definir sus listas de precandidatos a concejales. El proceso se desarrollar\u00e1 en Capital, Guaymall\u00e9n, Las Heras, San Mart\u00edn y Jun\u00edn, y contar\u00e1 con la participaci\u00f3n de diez listas en total.<\/p>\n\n\n\n<p>En cada departamento competir\u00e1n al menos dos listas \u2014una de ellas oficialista, bajo el sello de Encuentro&nbsp;<strong>Peronista<\/strong>\u2014, mientras que&nbsp;<strong>Guaymall\u00e9n<\/strong>&nbsp;es el \u00fanico distrito donde habr\u00e1 tres alternativas. Adem\u00e1s de las disputas internas, el proceso implica un importante despliegue log\u00edstico: se utilizar\u00e1n m\u00e1s de 30 escuelas como centros de votaci\u00f3n, y por cada una se destinar\u00e1n 100.000 pesos en concepto de limpieza, 60.000 para el directivo responsable del establecimiento y 40.000 para el celador o celadora.<\/p>\n\n\n\n<p>Al tratarse de elecciones internas no obligatorias, el&nbsp;<strong>PJ<\/strong>&nbsp;debe solicitar autorizaci\u00f3n a la Direcci\u00f3n General de Escuelas (DGE), ya que las autoridades escolares pueden rechazar el uso de los edificios.<\/p>\n\n\n\n<h2 class=\"wp-block-heading\">Las dos listas del PJ en la Ciudad<\/h2>\n\n\n\n<p>En la Ciudad de Mendoza, la lista oficialista es&nbsp;<strong>Encuentro Peronista<\/strong>&nbsp;y la disidente&nbsp;<strong>Territoriales<\/strong>&nbsp;por Capital. En cuanto a las escuelas habilitadas para votar estas son Instituto Nadino, Ar\u00edstides Villanueva, Ricardo Rojas, Rep\u00fablica de Chile y Carlos Berdasco.<\/p>\n\n\n\n<p><strong>Encuentro Peronista (oficial)<\/strong><\/p>\n\n\n\n<ul>\n<li>&nbsp;Caleau, Gustavo Ernesto<\/li>\n\n\n\n<li>Blas, Mar\u00eda Gabriela<\/li>\n\n\n\n<li>Hormilla, Johana<\/li>\n\n\n\n<li>Almenara, Carlos Alberto<\/li>\n\n\n\n<li>Alfaro, Lorena Paula<\/li>\n\n\n\n<li>Reyes, Juan<\/li>\n<\/ul>\n\n\n\n<p><strong>Territoriales por Capital<\/strong><\/p>\n\n\n\n<ul>\n<li>&nbsp;Miranda, Maximiliano Xavier<\/li>\n\n\n\n<li>Su\u00e1rez, Juana Marta<\/li>\n\n\n\n<li>Becerra, Damaris Naida<\/li>\n\n\n\n<li>Ceballos, H\u00e9ctor Hugo<\/li>\n\n\n\n<li>Santander, Mariana Em\u00e9rita<\/li>\n\n\n\n<li>Medina, Ignacio Miguel<\/li>\n<\/ul>\n\n\n\n<h2 class=\"wp-block-heading\">Los candidatos peronistas de Las Heras<\/h2>\n\n\n\n<p>En&nbsp;<strong>Las Heras<\/strong>&nbsp;tambi\u00e9n se enfrentan dos listas. Se votar\u00e1 en siete escuelas: Mariano Necochea, Sargento Cabral, India Magdalena, Cruzada Libertadora, Bernardo O\u2019Higgins, Provincia de San Juan y Nuestra Se\u00f1ora de las Nieves.<\/p>\n\n\n\n<p><strong>Encuentro Peronista (oficial)<\/strong><\/p>\n\n\n\n<ul>\n<li>&nbsp;Ceverino, Ra\u00fal Adri\u00e1n<\/li>\n\n\n\n<li>Di Marco, Gisel Noem\u00ed<\/li>\n\n\n\n<li>Alaniz, Esteban Benjam\u00edn<\/li>\n\n\n\n<li>Jelvez, Yamila Alejandra<\/li>\n\n\n\n<li>S\u00e1nchez, Ivanna Vanesa<\/li>\n\n\n\n<li>Santos, Jos\u00e9 Francisco<\/li>\n<\/ul>\n\n\n\n<p><strong>Territoriales por Las Heras<\/strong><\/p>\n\n\n\n<ul>\n<li>&nbsp;Rodr\u00edguez, Mart\u00edn Daniel<\/li>\n\n\n\n<li>Barrozo, Valeria Alejandra<\/li>\n\n\n\n<li>G\u00f3mez, Mart\u00edn Alberto<\/li>\n\n\n\n<li>Magallanes, Mar\u00eda Paula<\/li>\n\n\n\n<li>Reichenbach, Graciela Liliana<\/li>\n\n\n\n<li>\u00c1vila, Daniel Osvaldo<\/li>\n<\/ul>\n\n\n\n<p><strong>Guaymall\u00e9n<\/strong>&nbsp;es el \u00fanico departamento en el que el PJ presenta tres listas internas: la oficialista<strong>&nbsp;Encuentro Peronista<\/strong>, y dos disidentes,&nbsp;<strong>Territoriales por Guaymall\u00e9n<\/strong>&nbsp;y&nbsp;<strong>Guaymall\u00e9n Futuro<\/strong>.<\/p>\n\n\n\n<p>Las escuelas habilitadas son Monse\u00f1or Verdaguer, \u00c1ngel Pe\u00f1aloza, Almafuerte, Manuel Videla, Bautista Grosso y Los Corralitos.<\/p>\n\n\n\n<p><strong>Encuentro Peronista (oficial)<\/strong><\/p>\n\n\n\n<ul>\n<li>&nbsp;Moreno Serrano, Manuel<\/li>\n\n\n\n<li>Salcedo, Adriana<\/li>\n\n\n\n<li>Ch\u00e1vez, Ariel<\/li>\n\n\n\n<li>Navarro, Mar\u00eda Bel\u00e9n<\/li>\n\n\n\n<li>Orellano, Viviana<\/li>\n\n\n\n<li>Bugue\u00f1o, Marcelo<\/li>\n<\/ul>\n\n\n\n<p><strong>Territoriales por Guaymall\u00e9n<\/strong><\/p>\n\n\n\n<ul>\n<li>&nbsp;Moyano, Rafael<\/li>\n\n\n\n<li>Mantello, Natali Ayel\u00e9n<\/li>\n\n\n\n<li>Soloa, Pablo<\/li>\n\n\n\n<li>Garc\u00eda Serrano, Camila<\/li>\n\n\n\n<li>Scatragli, Osvaldo<\/li>\n\n\n\n<li>Quiroga, Ver\u00f3nica<\/li>\n<\/ul>\n\n\n\n<p><strong>Guaymall\u00e9n Futuro<\/strong><\/p>\n\n\n\n<ul>\n<li>&nbsp;Pozzoli, Jos\u00e9<\/li>\n\n\n\n<li>Giordanino, Ana Mar\u00eda<\/li>\n\n\n\n<li>Lucero, Sergio Claudio<\/li>\n\n\n\n<li>Men\u00e9ndez, Patricia M\u00f3nica<\/li>\n\n\n\n<li>Abbate, Vicente \u00d3scar<\/li>\n\n\n\n<li>Barrios, Ang\u00e9lica Paola<\/li>\n<\/ul>\n\n\n\n<h2 class=\"wp-block-heading\">Las opciones peronistas en San Mart\u00edn<\/h2>\n\n\n\n<p>En&nbsp;<strong>San Mart\u00edn<\/strong>, las listas en pugna son<strong>&nbsp;Encuentro Peronista y So\u00f1emos San Mart\u00edn<\/strong>. Se votar\u00e1 en las escuelas Mar\u00eda Butera, Marcos Sastre, Patria, 2 de Abril, Jos\u00e9 Norberto Barraza, Coronel Barcala, Armando Figueroa y Jos\u00e9 Hern\u00e1ndez.<\/p>\n\n\n\n<p><strong>Encuentro Peronista (oficial)<\/strong><\/p>\n\n\n\n<ul>\n<li>&nbsp;Ravazzani, Alejandro Lorenzo<\/li>\n\n\n\n<li>Soto, Laura Beatriz<\/li>\n\n\n\n<li>Molina, Emiliano<\/li>\n\n\n\n<li>Peralta, Evel\u00edn Beatriz<\/li>\n\n\n\n<li>S\u00e1nchez, Tom\u00e1s Edgardo<\/li>\n\n\n\n<li>S\u00e1nchez, Yamila Nahir<\/li>\n<\/ul>\n\n\n\n<p><strong>So\u00f1emos San Mart\u00edn<\/strong><\/p>\n\n\n\n<ul>\n<li>&nbsp;Vilchez, Jes\u00fas Daniel<\/li>\n\n\n\n<li>Bravo, Noelia Anabel<\/li>\n\n\n\n<li>Briones, Mar\u00eda Alejandra<\/li>\n\n\n\n<li>Areas, Roberto Jos\u00e9<\/li>\n\n\n\n<li>Gaibazzi, Mario David<\/li>\n\n\n\n<li>Gil, Rosario del Valle<\/li>\n<\/ul>\n\n\n\n<h2 class=\"wp-block-heading\">Qu\u00e9 propone el PJ de Jun\u00edn<\/h2>\n\n\n\n<p>En Jun\u00edn competir\u00e1n la lista oficialista&nbsp;<strong>Encuentro Peronista<\/strong>&nbsp;y la disidente&nbsp;<strong>Territoriales<\/strong>&nbsp;por Jun\u00edn. Se votar\u00e1 en las escuelas Docentes Jubilados del Este, Gervasio Posadas, Alas Argentinas y Manuel Blanco Encalada.<\/p>\n\n\n\n<p><strong>Encuentro Peronista (oficial)<\/strong><\/p>\n\n\n\n<ul>\n<li>&nbsp;Vargas, Emiliano Jes\u00fas<\/li>\n\n\n\n<li>Coria, Milagros Alejandra<\/li>\n\n\n\n<li>Vera, Gast\u00f3n Ariel<\/li>\n\n\n\n<li>Ponce, Paola Natalia<\/li>\n\n\n\n<li>D\u00edaz, Ana Mar\u00eda<\/li>\n<\/ul>\n\n\n\n<p><strong>Territoriales por Jun\u00edn<\/strong><\/p>\n\n\n\n<ul>\n<li>&nbsp;Sosa, Mar\u00eda Lourdes<\/li>\n\n\n\n<li>G\u00f3mez, Hugo Alejandro<\/li>\n\n\n\n<li>N\u00fa\u00f1ez, Silvina Paola<\/li>\n\n\n\n<li>Aguiler, Javier Santos<\/li>\n\n\n\n<li>Azor, Mar\u00eda Lourdes<\/li>\n<\/ul>\n\n\n\n<p><strong>Fuente: www.diariouno.com.ar<\/strong><\/p>\n","protected":false},"excerpt":{"rendered":"<p>Este domingo 10 de agosto, el\u00a0Partido Justicialista\u00a0de Mendoza celebrar\u00e1 elecciones internas en cinco departamentos para definir sus listas de precandidatos a concejales. El proceso se desarrollar\u00e1 en Capital, Guaymall\u00e9n, Las Heras, San Mart\u00edn y Jun\u00edn, y contar\u00e1 con la participaci\u00f3n de diez listas en total. En cada departamento competir\u00e1n al menos dos listas \u2014una de [&hellip;]<\/p>\n","protected":false},"author":2,"featured_media":14197,"comment_status":"open","ping_status":"open","sticky":false,"template":"","format":"standard","meta":[],"categories":[47],"tags":[],"_links":{"self":[{"href":"https:\/\/pasaenmendoza.com\/index.php?rest_route=\/wp\/v2\/posts\/14196"}],"collection":[{"href":"https:\/\/pasaenmendoza.com\/index.php?rest_route=\/wp\/v2\/posts"}],"about":[{"href":"https:\/\/pasaenmendoza.com\/index.php?rest_route=\/wp\/v2\/types\/post"}],"author":[{"embeddable":true,"href":"https:\/\/pasaenmendoza.com\/index.php?rest_route=\/wp\/v2\/users\/2"}],"replies":[{"embeddable":true,"href":"https:\/\/pasaenmendoza.com\/index.php?rest_route=%2Fwp%2Fv2%2Fcomments&post=14196"}],"version-history":[{"count":1,"href":"https:\/\/pasaenmendoza.com\/index.php?rest_route=\/wp\/v2\/posts\/14196\/revisions"}],"predecessor-version":[{"id":14198,"href":"https:\/\/pasaenmendoza.com\/index.php?rest_route=\/wp\/v2\/posts\/14196\/revisions\/14198"}],"wp:featuredmedia":[{"embeddable":true,"href":"https:\/\/pasaenmendoza.com\/index.php?rest_route=\/wp\/v2\/media\/14197"}],"wp:attachment":[{"href":"https:\/\/pasaenmendoza.com\/index.php?rest_route=%2Fwp%2Fv2%2Fmedia&parent=14196"}],"wp:term":[{"taxonomy":"category","embeddable":true,"href":"https:\/\/pasaenmendoza.com\/index.php?rest_route=%2Fwp%2Fv2%2Fcategories&post=14196"},{"taxonomy":"post_tag","embeddable":true,"href":"https:\/\/pasaenmendoza.com\/index.php?rest_route=%2Fwp%2Fv2%2Ftags&post=14196"}],"curies":[{"name":"wp","href":"https:\/\/api.w.org\/{rel}","templated":true}]}}