{"id":14202,"date":"2025-08-11T22:34:47","date_gmt":"2025-08-11T20:34:47","guid":{"rendered":"https:\/\/pasaenmendoza.com\/?p=14202"},"modified":"2025-08-11T22:34:48","modified_gmt":"2025-08-11T20:34:48","slug":"el-seguro-contra-heladas-y-granizo-abrio-la-inscripcion-con-una-buena-y-una-mala-para-los-productores","status":"publish","type":"post","link":"https:\/\/pasaenmendoza.com\/?p=14202","title":{"rendered":"El seguro contra heladas y granizo abri\u00f3 la inscripci\u00f3n con una buena y una mala para los productores"},"content":{"rendered":"\n<p>El Ministerio de Producci\u00f3n, a trav\u00e9s de la Subsecretar\u00eda de Agricultura y Ganader\u00eda, abri\u00f3 las inscripciones para que peque\u00f1os<strong>\u00a0productores<\/strong>\u00a0puedan optar por su\u00a0<strong>seguro agr\u00edcola<\/strong>\u00a0contra granizo y heladas de cara a la temporada 2025-2026.<\/p>\n\n\n\n<p>El&nbsp;<strong>Fondo Compensador Agr\u00edcola<\/strong>&nbsp;(FCA) este a\u00f1o llega con dos novedades.<\/p>\n\n\n\n<p>Por un lado, que las\u00a0<strong>compensaciones previstas por da\u00f1os<\/strong>\u00a0<strong>tienen un incremento del 30%<\/strong>\u00a0en relaci\u00f3n a la temporada pasada y, a su vez, se actualizar\u00e1n seg\u00fan el \u00edndice de inflaci\u00f3n.<\/p>\n\n\n\n<p>Pero por otro, que si el cultivo a proteger pas\u00f3 tres de los \u00faltimos cinco per\u00edodos agr\u00edcolas en situaci\u00f3n de emergencia o desastre agropecuario, su aporte para adherir ser\u00e1&nbsp;<strong>30% m\u00e1s caro<\/strong>.<\/p>\n\n\n\n<h2 class=\"wp-block-heading\">Cuatro coberturas de seguro agr\u00edcola para peque\u00f1os productores<\/h2>\n\n\n\n<p>El Fondo Compensador Agr\u00edcola (FCA) est\u00e1 destinado a&nbsp;<strong>productores<\/strong>&nbsp;cuyas superficies cultivadas no superen las 30 hect\u00e1reas. El objetivo es que puedan resguardar sus cultivos de vid, frutales, hortalizas de verano, ma\u00edz grano y forrajes de las contingencias clim\u00e1ticas.<\/p>\n\n\n\n<p>Este a\u00f1o, el programa cuenta con cuatro opciones de cobertura y las&nbsp;<strong>compensaciones por da\u00f1o<\/strong>&nbsp;son 30% m\u00e1s altas que las de la temporada pasada.<\/p>\n\n\n\n<p>La&nbsp;<strong>inscripci\u00f3n<\/strong>&nbsp;para adherir al&nbsp;<strong>seguro agr\u00edcola<\/strong>&nbsp;estar\u00e1 abierta hasta el 5 de septiembre.<\/p>\n\n\n\n<h3 class=\"wp-block-heading\"><strong>Tipos de cobertura disponibles<\/strong><\/h3>\n\n\n\n<p>Seg\u00fan detallaron desde la cartera de Producci\u00f3n, el Fondo Compensador Agr\u00edcola ofrece tres tipos de cobertura para adaptarse a las distintas necesidades de los productores:<\/p>\n\n\n\n<ul>\n<li>Cobertura Espec\u00edfica (Granizo): Compensaci\u00f3n de&nbsp;<strong>$2.000.000<\/strong>&nbsp;por hect\u00e1rea afectada con da\u00f1o total.<\/li>\n\n\n\n<li>Cobertura Inicial (Granizo + Heladas): Compensaci\u00f3n de&nbsp;<strong>$800.000<\/strong>&nbsp;por hect\u00e1rea con da\u00f1o total.<\/li>\n\n\n\n<li>Cobertura Integral (Granizo + Heladas): Compensaci\u00f3n de&nbsp;<strong>$2.000.000<\/strong>&nbsp;por hect\u00e1rea con da\u00f1o total.<\/li>\n\n\n\n<li>Para los productores hort\u00edcolas, se ofrece una compensaci\u00f3n de&nbsp;<strong>$160.000<\/strong>&nbsp;por hect\u00e1rea en cualquiera de las coberturas. Es importante destacar que las compensaciones se efect\u00faan \u00fanicamente cuando el da\u00f1o supera el 50% y que solo se puede optar por un tipo de cobertura.<\/li>\n<\/ul>\n\n\n\n<p><strong>Aportes seg\u00fan tipo y oasis<\/strong><\/p>\n\n\n\n<p>Los productores deben realizar un aporte para acceder a las coberturas, que var\u00eda seg\u00fan la regi\u00f3n y el tipo de cobertura seleccionada:<\/p>\n\n\n\n<p><strong>Cobertura Espec\u00edfica de Granizo:<\/strong><\/p>\n\n\n\n<ul>\n<li>&nbsp;Oasis Centro y Norte: $16.000 p\/ha<\/li>\n\n\n\n<li>Oasis Este: $40.000<\/li>\n\n\n\n<li>Oasis Sur: $51.000<\/li>\n<\/ul>\n\n\n\n<p>Aportes por hect\u00e1rea de vid y frutales de productores en Condici\u00f3n de Emergencia<\/p>\n\n\n\n<ul>\n<li>Centro y Norte: $20. 800<\/li>\n\n\n\n<li>Este: $52.000<\/li>\n\n\n\n<li>Sur: $66.300<\/li>\n<\/ul>\n\n\n\n<p><strong>Cobertura Inicial (Granizo + Heladas):<\/strong><\/p>\n\n\n\n<ul>\n<li>&nbsp;Oasis Centro y Norte: $27.000 p\/ha<\/li>\n\n\n\n<li>Oasis Este: $34.000<\/li>\n\n\n\n<li>Oasis Sur: $39.000<\/li>\n<\/ul>\n\n\n\n<p>Aportes por hect\u00e1rea de vid y frutales de productores en Condici\u00f3n de Emergencia<\/p>\n\n\n\n<ul>\n<li>Centro y Norte: $35.100<\/li>\n\n\n\n<li>Este: $44.200<\/li>\n\n\n\n<li>Sur: $50.700<\/li>\n<\/ul>\n\n\n\n<p><strong>Cobertura Integral (Granizo + Heladas):<\/strong><\/p>\n\n\n\n<ul>\n<li>&nbsp;Oasis Centro y Norte: $150.000 p\/ha<\/li>\n\n\n\n<li>Oasis Este: $200.000<\/li>\n\n\n\n<li>Oasis Sur: $240.000<\/li>\n<\/ul>\n\n\n\n<p>Aportes por hect\u00e1rea de vid y frutales de productores en Condici\u00f3n de Emergencia<\/p>\n\n\n\n<ul>\n<li>Oasis Centro y Norte: $195.000<\/li>\n\n\n\n<li>Oasis Este: $260.000<\/li>\n\n\n\n<li>Oasis Sur: $312.000<\/li>\n<\/ul>\n\n\n\n<p><strong>Hortalizas de verano en los tres tipos de cobertura<\/strong><\/p>\n\n\n\n<ul>\n<li>&nbsp;Oasis Centro y Norte $7000 p\/ha<\/li>\n\n\n\n<li>Oasis Este: $8700<\/li>\n\n\n\n<li>Oasis Sur: $10.600<\/li>\n<\/ul>\n\n\n\n<p>El aporte por hect\u00e1rea de hortalizas en Condici\u00f3n de Emergencia, Independientemente del tipo de cobertura que escoja, ser\u00e1 de:<\/p>\n\n\n\n<ul>\n<li>Centro y Norte $9100 p\/ha<\/li>\n\n\n\n<li>Este: $11.310<\/li>\n\n\n\n<li>Sur: $13.780<\/li>\n<\/ul>\n\n\n\n<p>El aporte anual se puede realizar en un pago o en cuatro cuotas. En el caso de los contratistas, hasta cinco cuotas. Si el&nbsp;<strong>productor<\/strong>&nbsp;no realiz\u00f3 el aporte en tiempo y forma, no recibir\u00e1 la compensaci\u00f3n.<\/p>\n\n\n\n<p><strong>C\u00f3mo adherirse al seguro agr\u00edcola<\/strong><\/p>\n\n\n\n<p>Los interesados pueden adherirse al FCA a trav\u00e9s de la p\u00e1gina web de Contingencias Clim\u00e1ticas (www.contingencias.mendoza.gov.ar), donde deben seleccionar la opci\u00f3n Boletas Fondo\u00a0<strong>Compensador Agr\u00edcola<\/strong>\u00a02025-26, escoger la cobertura deseada y descargar la boleta de pago.<\/p>\n\n\n\n<p>Los pagos del\u00a0<strong>seguro<\/strong>\u00a0pueden realizarse en Banco Naci\u00f3n, Bolsa de Comercio, Rapipago, o mediante E-Pagos, para lo cual se enviar\u00e1 un enlace al correo registrado en el RUT-SIA.<\/p>\n\n\n\n<p><strong>Fuente: www.diariouno.com.ar<\/strong><\/p>\n","protected":false},"excerpt":{"rendered":"<p>El Ministerio de Producci\u00f3n, a trav\u00e9s de la Subsecretar\u00eda de Agricultura y Ganader\u00eda, abri\u00f3 las inscripciones para que peque\u00f1os\u00a0productores\u00a0puedan optar por su\u00a0seguro agr\u00edcola\u00a0contra granizo y heladas de cara a la temporada 2025-2026. El&nbsp;Fondo Compensador Agr\u00edcola&nbsp;(FCA) este a\u00f1o llega con dos novedades. Por un lado, que las\u00a0compensaciones previstas por da\u00f1os\u00a0tienen un incremento del 30%\u00a0en relaci\u00f3n a [&hellip;]<\/p>\n","protected":false},"author":2,"featured_media":14203,"comment_status":"open","ping_status":"open","sticky":false,"template":"","format":"standard","meta":[],"categories":[87],"tags":[],"_links":{"self":[{"href":"https:\/\/pasaenmendoza.com\/index.php?rest_route=\/wp\/v2\/posts\/14202"}],"collection":[{"href":"https:\/\/pasaenmendoza.com\/index.php?rest_route=\/wp\/v2\/posts"}],"about":[{"href":"https:\/\/pasaenmendoza.com\/index.php?rest_route=\/wp\/v2\/types\/post"}],"author":[{"embeddable":true,"href":"https:\/\/pasaenmendoza.com\/index.php?rest_route=\/wp\/v2\/users\/2"}],"replies":[{"embeddable":true,"href":"https:\/\/pasaenmendoza.com\/index.php?rest_route=%2Fwp%2Fv2%2Fcomments&post=14202"}],"version-history":[{"count":1,"href":"https:\/\/pasaenmendoza.com\/index.php?rest_route=\/wp\/v2\/posts\/14202\/revisions"}],"predecessor-version":[{"id":14204,"href":"https:\/\/pasaenmendoza.com\/index.php?rest_route=\/wp\/v2\/posts\/14202\/revisions\/14204"}],"wp:featuredmedia":[{"embeddable":true,"href":"https:\/\/pasaenmendoza.com\/index.php?rest_route=\/wp\/v2\/media\/14203"}],"wp:attachment":[{"href":"https:\/\/pasaenmendoza.com\/index.php?rest_route=%2Fwp%2Fv2%2Fmedia&parent=14202"}],"wp:term":[{"taxonomy":"category","embeddable":true,"href":"https:\/\/pasaenmendoza.com\/index.php?rest_route=%2Fwp%2Fv2%2Fcategories&post=14202"},{"taxonomy":"post_tag","embeddable":true,"href":"https:\/\/pasaenmendoza.com\/index.php?rest_route=%2Fwp%2Fv2%2Ftags&post=14202"}],"curies":[{"name":"wp","href":"https:\/\/api.w.org\/{rel}","templated":true}]}}