{"id":14205,"date":"2025-08-11T22:37:50","date_gmt":"2025-08-11T20:37:50","guid":{"rendered":"https:\/\/pasaenmendoza.com\/?p=14205"},"modified":"2025-08-11T22:37:51","modified_gmt":"2025-08-11T20:37:51","slug":"cornejo-juega-su-pulseada-final-con-los-libertarios-para-definir-las-listas-de-octubre","status":"publish","type":"post","link":"https:\/\/pasaenmendoza.com\/?p=14205","title":{"rendered":"Cornejo juega su pulseada final con los libertarios para definir las listas de octubre"},"content":{"rendered":"\n<p><strong>Alfredo Cornejo<\/strong>\u00a0gan\u00f3 la primera pulseada. Logr\u00f3 acordar\u00a0una lista unificada\u00a0con el sector de Luis Petri que termin\u00f3 ratificada por el Congreso Partidario de este s\u00e1bado. Ahora viene la puja mayor con los socios de\u00a0<strong>La Libertad Avanza<\/strong>\u00a0por los lugares que ocupar\u00e1n unos y otros en las listas definitivas con las que competir\u00e1n en las elecciones del 26 de octubre. El mendocino ya cedi\u00f3 una banca en el Congreso y arranca la pelea por los lugares entrables en la\u00a0<strong>Legislatura.<\/strong><\/p>\n\n\n\n<p>La UCR ya cumpli\u00f3 con lo acordado, incluy\u00f3 a los dirigentes del Petrismo en sus listas y acept\u00f3 entregarles a sus nuevos socios libertarios&nbsp;<strong>una banca en la C\u00e1mara de Diputados<\/strong>, para que ellos puedan incrementar las fuerzas del cielo en esa c\u00e1mara.<\/p>\n\n\n\n<p>Es que de las dos bancas que renuevan los radicales de los salientes\u00a0<strong>Pamela Verasay y Julio Cobos<\/strong>, la UCR s\u00f3lo podr\u00e1 renovar la de Verasay que es la \u00fanica confirmada en la lista de esa alianza para el Congreso. Al quedarse con la banca de Cobos, los libertarios no s\u00f3lo tienen la chance de sumar un diputado propio, sino que tambi\u00e9n se ahorrar\u00e1n las cr\u00edticas del ex vicepresidente que ya marc\u00f3 varias diferencias con las pol\u00edticas de\u00a0<strong>Javier Milei<\/strong>, tanto con el freno a la obra p\u00fablica, como con el recorte presupuestario a las universidades.<\/p>\n\n\n\n<p>Hay que recordar que de esa n\u00f3mina de 5 postulantes, la cabeza de lista es para un libertario, el segundo lugar es para Verasay, y el tercero y cuarto lugar (con chances de ingresar al Congreso) tambi\u00e9n tendr\u00e1n nombres de dirigentes de&nbsp;<strong>La Libertad Avanza<\/strong>&nbsp;y reci\u00e9n el quinto lugar, es para otro radical, Mauricio Pinti Clop, que en verdad tiene muy pocas chances de entrar.<\/p>\n\n\n\n<p>Lo que sucede es que en estas elecciones&nbsp;<strong>Mendoza renueva 5 bancas en Diputados de la Naci\u00f3n<\/strong>&nbsp;y esa alianza de Cambia Mendoza y La Libertad Avanza deber\u00eda hacer una muy buena elecci\u00f3n para meter al menos 4 candidatos y que el 5 sea de la fuerza pol\u00edtica que salga segunda.<\/p>\n\n\n\n<p>En las \u00faltimas&nbsp;<strong>elecciones legislativas<\/strong>&nbsp;de 2023 La Libertad Avanza dio un batacazo en las urnas y logr\u00f3 ingresar a tres de sus candidatos, Mercedes Llano, Facundo Correa Llano (hoy presidente del partido en Mendoza) y Lourdes Arrieta, que dej\u00f3 el bloque peleada con el partido. Por su lado, los radicales s\u00f3lo lograron que ingresara Lisandro Nieri y por el PJ entr\u00f3 Mart\u00edn Aveiro.<\/p>\n\n\n\n<h2 class=\"wp-block-heading\">Una semana clave para la negociaci\u00f3n entre radicales y libertarios<\/h2>\n\n\n\n<p>Por m\u00e1s que los radicales pregunten a sus nuevos socios qui\u00e9nes son los dirigentes que pretenden llevar a las listas de la&nbsp;<strong>Legislatura<\/strong>, por ahora s\u00f3lo reciben silencios.<\/p>\n\n\n\n<p>Al parecer el diputado nacional\u00a0<strong>Facundo Correa Llano<\/strong>\u00a0viaja este martes a Buenos Aires para contrastar sus propuestas con Karina Milei, que tiene la \u00faltima palabra para definir quien ser\u00e1 candidato y qui\u00e9n no.<\/p>\n\n\n\n<p>Ya con la lista confirmada por la c\u00fapula libertaria, es muy probable que el jueves se de la reuni\u00f3n clave entre&nbsp;<strong>Alfredo Cornejo<\/strong>&nbsp;y&nbsp;<strong>Correa Llano<\/strong>&nbsp;para darle forma a esa n\u00f3mina combinada con la que competir\u00e1n el 26 de octubre.<\/p>\n\n\n\n<p>Ah\u00ed se pondr\u00e1 en juego la cintura de Cornejo para imponer sus alfiles en las listas para la Casa de las Leyes y los\u00a0<strong>Concejos Deliberantes<\/strong>. Sabe que sus socios libertarios traer\u00e1n nombres ignotos y espera que le aporten propuestas de j\u00f3venes que vendr\u00e1n a renovar la pol\u00edtica, pero pelear\u00e1 por imponer a sus dirigentes mostrando que tienen la experiencia para ocupar los lugares clave en los distintos distritos electorales.<\/p>\n\n\n\n<p><strong>Fuente: www.diariouno.com.ar<\/strong><\/p>\n","protected":false},"excerpt":{"rendered":"<p>Alfredo Cornejo\u00a0gan\u00f3 la primera pulseada. Logr\u00f3 acordar\u00a0una lista unificada\u00a0con el sector de Luis Petri que termin\u00f3 ratificada por el Congreso Partidario de este s\u00e1bado. Ahora viene la puja mayor con los socios de\u00a0La Libertad Avanza\u00a0por los lugares que ocupar\u00e1n unos y otros en las listas definitivas con las que competir\u00e1n en las elecciones del 26 [&hellip;]<\/p>\n","protected":false},"author":2,"featured_media":14206,"comment_status":"open","ping_status":"open","sticky":false,"template":"","format":"standard","meta":[],"categories":[47],"tags":[],"_links":{"self":[{"href":"https:\/\/pasaenmendoza.com\/index.php?rest_route=\/wp\/v2\/posts\/14205"}],"collection":[{"href":"https:\/\/pasaenmendoza.com\/index.php?rest_route=\/wp\/v2\/posts"}],"about":[{"href":"https:\/\/pasaenmendoza.com\/index.php?rest_route=\/wp\/v2\/types\/post"}],"author":[{"embeddable":true,"href":"https:\/\/pasaenmendoza.com\/index.php?rest_route=\/wp\/v2\/users\/2"}],"replies":[{"embeddable":true,"href":"https:\/\/pasaenmendoza.com\/index.php?rest_route=%2Fwp%2Fv2%2Fcomments&post=14205"}],"version-history":[{"count":1,"href":"https:\/\/pasaenmendoza.com\/index.php?rest_route=\/wp\/v2\/posts\/14205\/revisions"}],"predecessor-version":[{"id":14207,"href":"https:\/\/pasaenmendoza.com\/index.php?rest_route=\/wp\/v2\/posts\/14205\/revisions\/14207"}],"wp:featuredmedia":[{"embeddable":true,"href":"https:\/\/pasaenmendoza.com\/index.php?rest_route=\/wp\/v2\/media\/14206"}],"wp:attachment":[{"href":"https:\/\/pasaenmendoza.com\/index.php?rest_route=%2Fwp%2Fv2%2Fmedia&parent=14205"}],"wp:term":[{"taxonomy":"category","embeddable":true,"href":"https:\/\/pasaenmendoza.com\/index.php?rest_route=%2Fwp%2Fv2%2Fcategories&post=14205"},{"taxonomy":"post_tag","embeddable":true,"href":"https:\/\/pasaenmendoza.com\/index.php?rest_route=%2Fwp%2Fv2%2Ftags&post=14205"}],"curies":[{"name":"wp","href":"https:\/\/api.w.org\/{rel}","templated":true}]}}