{"id":1421,"date":"2023-09-13T14:38:28","date_gmt":"2023-09-13T12:38:28","guid":{"rendered":"https:\/\/pasaenmendoza.com\/?p=1421"},"modified":"2023-09-13T14:38:29","modified_gmt":"2023-09-13T12:38:29","slug":"un-condor-de-8-anos-fue-rescatado-en-potrerillos-y-creen-que-se-intoxico-con-un-agroquimico","status":"publish","type":"post","link":"https:\/\/pasaenmendoza.com\/?p=1421","title":{"rendered":"Un c\u00f3ndor de 8 a\u00f1os fue rescatado en Potrerillos y creen que se intoxic\u00f3 con un agroqu\u00edmico"},"content":{"rendered":"\n<p>Un\u00a0<strong>c\u00f3ndor macho de 8 a\u00f1os fue rescatado en Potrerillos<\/strong>\u00a0luego que varios deportistas notaron un comportamiento extra\u00f1o en el ave y que no pod\u00eda levantar vuelo. Avisaron a la\u00a0<strong>Fundaci\u00f3n Cullunche<\/strong>\u00a0y activaron un protocolo hasta que encontraron al animal.<\/p>\n\n\n\n<p>Los especialistas indicaron que el operativo se llev\u00f3 a tiempo y que con el tratamiento adecuado el ejemplar&nbsp;<strong>tiene posibilidad de sobrevivir<\/strong>, ya que la principal hip\u00f3tesis es que se<strong>&nbsp;intoxic\u00f3 con agroqu\u00edmicos<\/strong>. Por eso, recordaron que Diputados dio media sanci\u00f3n para el manejo de estas sustancias hace tres a\u00f1os y<strong>&nbsp;nunca m\u00e1s se trat\u00f3 el proyecto de ley<\/strong>.<\/p>\n\n\n\n<p>En ave\u00a0<strong>fue llamada Angelito<\/strong>, debido a que fue encontrado camino hacia la\u00a0<strong>Cascada del \u00c1ngel<\/strong>, en Potrerillos, y permanece bajo minuciosos cuidados en la Fundaci\u00f3n Cullunche, donde tienen esperanzas que sobreviva.<\/p>\n\n\n\n<p>Lo m\u00e1s importante para los veterinarios que lo atienden es que el c\u00f3ndor quiera comer, y aseguraron que\u00a0<strong>se aliment\u00f3 de pollo con muchas ganas<\/strong>, lo que es muy alentador para su pron\u00f3stico.<\/p>\n\n\n\n<p>Mientras, esperan los&nbsp;<strong>resultados de los an\u00e1lisis de sangre<\/strong>&nbsp;que le hicieron para determinar el diagn\u00f3stico, aunque los especialistas indicaron que lo m\u00e1s probable es que se haya&nbsp;<strong>intoxicado con agroqu\u00edmicos<\/strong>&nbsp;que alguien puso en comida para perros cimarrones que acechan en la precordillera.<\/p>\n\n\n\n<h2 class=\"wp-block-heading\">La Fundaci\u00f3n Cullunche alert\u00f3 sobre una cadena de irresponsabilidades<\/h2>\n\n\n\n<p>Jennifer Ibarra, titular de la fundaci\u00f3n, asegur\u00f3 que no tienen dudas que el c\u00f3ndor rescatado fue v\u00edctima de&nbsp;<strong>envenenamiento&nbsp;<\/strong>en Potrerillos. Explic\u00f3 que esto es como consecuencia de puesteros que&nbsp;<strong>tiran comida envenenada para matar a los perros cimarrones<\/strong>&nbsp;que andan por la zona y les matan a sus animales.<\/p>\n\n\n\n<p>&#8220;Hay irresponsabilidad de la gente que\u00a0<strong>no castra a sus mascotas, como los perros, que luego los abandona en la monta\u00f1a, y tambi\u00e9n de la gente que tira veneno para matarlos<\/strong>&#8220;, sostuvo la veterinaria.<\/p>\n\n\n\n<p>Dijo que creen que\u00a0<strong>el c\u00f3ndor Angelito<\/strong>\u00a0habr\u00eda bajado para comerse a un\u00a0<strong>perro que habr\u00eda muerto por consumir carne o alimento intoxicado con agroqu\u00edmicos<\/strong>, y como consecuencia se envenen\u00f3 \u00e9l tambi\u00e9n.<\/p>\n\n\n\n<p>Ibarra detall\u00f3 que estos t\u00f3xicos<strong>&nbsp;hacen efecto muy r\u00e1pido, incluso en minutos<\/strong>, y es muy probable que haya pasado eso. &#8220;El c\u00f3ndor que rescataron<strong>&nbsp;tiene todos los s\u00edntomas compatibles con envenenamiento<\/strong>, pero esperamos los resultados de los an\u00e1lisis de sangre para confirmarlo&#8221;.<\/p>\n\n\n\n<p>A pesar de la gravedad del cuadro, se\u00f1al\u00f3 que todo hace parecer que \u00c1ngel se va a salvar, ya que\u00a0<strong>reaccion\u00f3 bien a los medicamentos y al suero<\/strong>\u00a0que le pusieron. Adem\u00e1s, a las pocas horas\u00a0<strong>acept\u00f3 con apetito el pollo que le ofrecieron<\/strong>\u00a0para que se alimentara.<\/p>\n\n\n\n<h2 class=\"wp-block-heading\">Ley de transitabilidad de agrot\u00f3xicos<\/h2>\n\n\n\n<p>Ante este grave hecho ocurrido con un c\u00f3ndor en Potrerillos, sali\u00f3 nuevamente a la luz la<strong>&nbsp;preocupaci\u00f3n que existe por el manejo de agroqu\u00edmicos&nbsp;<\/strong>de manera liberada y Jennifer Ibarra volvi\u00f3 a reclamar sobre una regulaci\u00f3n para su uso.<\/p>\n\n\n\n<p>Explic\u00f3 que estos qu\u00edmicos son&nbsp;<strong>muy comunes en quienes cosechan papa y ajo&nbsp;<\/strong>para matar los gusanos, pero que a la vez son&nbsp;<strong>muy peligrosos para la fauna y animales&nbsp;<\/strong>dom\u00e9sticos, ya que no tiene olor ni sabor.<\/p>\n\n\n\n<p>&#8220;Estamos pidiendo que&nbsp;<strong>se trate el proyecto de ley de transitabilidad de agrot\u00f3xicos, que ya tiene media sanci\u00f3n hace tres a\u00f1os y no se volvi\u00f3 a tratar<\/strong>&#8220;, sostuvo la veterinaria, cuyo objetivo es que tenga un seguimiento desde que sale de la f\u00e1brica hasta las \u00faltimas manos a las que llega.<\/p>\n\n\n\n<p>El objetivo es como un m\u00e9dico o un veterinario que hace una receta para que un paciente compre medicamentos, lo mismo debe hacer un\u00a0<strong>agr\u00f3nomo para el due\u00f1o de una finca que necesita un agroqu\u00edmico y de esa manera se hace un seguimiento de lo que ocurre con dicho veneno<\/strong>.<\/p>\n\n\n\n<p><strong>Fuente: www.diariouno.com.ar<\/strong><\/p>\n","protected":false},"excerpt":{"rendered":"<p>Un\u00a0c\u00f3ndor macho de 8 a\u00f1os fue rescatado en Potrerillos\u00a0luego que varios deportistas notaron un comportamiento extra\u00f1o en el ave y que no pod\u00eda levantar vuelo. Avisaron a la\u00a0Fundaci\u00f3n Cullunche\u00a0y activaron un protocolo hasta que encontraron al animal. Los especialistas indicaron que el operativo se llev\u00f3 a tiempo y que con el tratamiento adecuado el ejemplar&nbsp;tiene [&hellip;]<\/p>\n","protected":false},"author":2,"featured_media":1422,"comment_status":"open","ping_status":"open","sticky":false,"template":"","format":"standard","meta":[],"categories":[50],"tags":[],"_links":{"self":[{"href":"https:\/\/pasaenmendoza.com\/index.php?rest_route=\/wp\/v2\/posts\/1421"}],"collection":[{"href":"https:\/\/pasaenmendoza.com\/index.php?rest_route=\/wp\/v2\/posts"}],"about":[{"href":"https:\/\/pasaenmendoza.com\/index.php?rest_route=\/wp\/v2\/types\/post"}],"author":[{"embeddable":true,"href":"https:\/\/pasaenmendoza.com\/index.php?rest_route=\/wp\/v2\/users\/2"}],"replies":[{"embeddable":true,"href":"https:\/\/pasaenmendoza.com\/index.php?rest_route=%2Fwp%2Fv2%2Fcomments&post=1421"}],"version-history":[{"count":1,"href":"https:\/\/pasaenmendoza.com\/index.php?rest_route=\/wp\/v2\/posts\/1421\/revisions"}],"predecessor-version":[{"id":1423,"href":"https:\/\/pasaenmendoza.com\/index.php?rest_route=\/wp\/v2\/posts\/1421\/revisions\/1423"}],"wp:featuredmedia":[{"embeddable":true,"href":"https:\/\/pasaenmendoza.com\/index.php?rest_route=\/wp\/v2\/media\/1422"}],"wp:attachment":[{"href":"https:\/\/pasaenmendoza.com\/index.php?rest_route=%2Fwp%2Fv2%2Fmedia&parent=1421"}],"wp:term":[{"taxonomy":"category","embeddable":true,"href":"https:\/\/pasaenmendoza.com\/index.php?rest_route=%2Fwp%2Fv2%2Fcategories&post=1421"},{"taxonomy":"post_tag","embeddable":true,"href":"https:\/\/pasaenmendoza.com\/index.php?rest_route=%2Fwp%2Fv2%2Ftags&post=1421"}],"curies":[{"name":"wp","href":"https:\/\/api.w.org\/{rel}","templated":true}]}}