{"id":14224,"date":"2025-08-13T21:20:43","date_gmt":"2025-08-13T19:20:43","guid":{"rendered":"https:\/\/pasaenmendoza.com\/?p=14224"},"modified":"2025-08-13T21:20:43","modified_gmt":"2025-08-13T19:20:43","slug":"como-trabajaran-los-comercios-de-mendoza-el-feriado-no-laborable-del-15-de-agosto","status":"publish","type":"post","link":"https:\/\/pasaenmendoza.com\/?p=14224","title":{"rendered":"C\u00f3mo trabajar\u00e1n los comercios de Mendoza el feriado no laborable del 15 de agosto"},"content":{"rendered":"\n<p>La C\u00e1mara de Empresas Comerciales, Industria, Turismo y Servicios (<strong>Cecitys<\/strong>) confirm\u00f3 que los\u00a0<strong>comercios<\/strong>\u00a0de la Ciudad de\u00a0<strong>Mendoza<\/strong>\u00a0abrir\u00e1n sus puertas normalmente este fin de semana, atravesado por el viernes<strong>\u00a0no laborable<\/strong>\u00a0del 15 de agosto y del domingo 17 de agosto.<\/p>\n\n\n\n<p>Todo est\u00e1 relacionado a cierta confusi\u00f3n acerca de la fecha que conmemora el paso a la inmortalidad del general<strong>&nbsp;Jos\u00e9 de San Mart\u00edn<\/strong>, que este a\u00f1o coincide con un d\u00eda domingo. Sin embargo, el gobierno dispuso un d\u00eda no laborable antes, y un feriado puente despu\u00e9s, pero de alcance parcial en el territorio nacional.<\/p>\n\n\n\n<p>&#8220;El 15 de agosto ser\u00e1 no laborable para el sector p\u00fablico. Por lo tanto, el sector trabajar\u00e1 con normalidad el viernes&#8221;, resalt\u00f3 la Cecitys a trav\u00e9s de un comunicado.<\/p>\n\n\n\n<p>Contrariamente a la decisi\u00f3n tomada en otras jurisdicciones,\u00a0<strong>Mendoza<\/strong>\u00a0no adhiri\u00f3 a la posibilidad de\u00a0<strong>trasladar el feriado del domingo 17 al lunes 18<\/strong>. Por eso, Cecitys respondi\u00f3 a algunas consultas al respecto.<\/p>\n\n\n\n<h2 class=\"wp-block-heading\">\u00bfFeriado o no laborable? Qu\u00e9 har\u00e1 el comercio<\/h2>\n\n\n\n<p>Desde la c\u00e1mara que agrupa a los comercios capitalinos dejaron en claro que el lunes 18 es &#8220;un&nbsp;<strong>feriado trasladable<\/strong>&nbsp;\u00fanicamente en tres<strong>&nbsp;localidades<\/strong>&nbsp;de la provincia de Buenos Aires. Por lo tanto, el d\u00eda lunes tambi\u00e9n se trabajar\u00e1 con normalidad tanto en el sector p\u00fablico como en el privado&#8221;.<\/p>\n\n\n\n<p>Las inquietudes quedaron despejadas este martes, cuando\u00a0el gobierno oficializ\u00f3 el r\u00e9gimen laboral del pr\u00f3ximo fin de semana, atravesado por el feriado\u00a0del 17 de agosto.<\/p>\n\n\n\n<p>En tal sentido, el gobierno de&nbsp;<strong>Javier Milei<\/strong>&nbsp;dispuso que el&nbsp;<strong>lunes ser\u00e1 una jornada h\u00e1bil<\/strong>&nbsp;como cualquier otra de una semana com\u00fan y corriente.<\/p>\n\n\n\n<p>Cabe recordar que un\u00a0<strong>feriado no es equiparable a un d\u00eda no laborable<\/strong>\u00a0con fines tur\u00edsticos, como lo es el viernes 15. En el primer caso aplica el r\u00e9gimen del descanso dominical, y si un empleado debe trabajar la empresa debe abonar el doble de la remuneraci\u00f3n normal, mientras que un d\u00eda no laborable es optativo y el pago corresponde a un salario simple.<\/p>\n\n\n\n<p><strong>Fuente: www.diariouno.com.ar<\/strong><\/p>\n","protected":false},"excerpt":{"rendered":"<p>La C\u00e1mara de Empresas Comerciales, Industria, Turismo y Servicios (Cecitys) confirm\u00f3 que los\u00a0comercios\u00a0de la Ciudad de\u00a0Mendoza\u00a0abrir\u00e1n sus puertas normalmente este fin de semana, atravesado por el viernes\u00a0no laborable\u00a0del 15 de agosto y del domingo 17 de agosto. Todo est\u00e1 relacionado a cierta confusi\u00f3n acerca de la fecha que conmemora el paso a la inmortalidad del [&hellip;]<\/p>\n","protected":false},"author":2,"featured_media":14226,"comment_status":"open","ping_status":"open","sticky":false,"template":"","format":"standard","meta":[],"categories":[112],"tags":[],"_links":{"self":[{"href":"https:\/\/pasaenmendoza.com\/index.php?rest_route=\/wp\/v2\/posts\/14224"}],"collection":[{"href":"https:\/\/pasaenmendoza.com\/index.php?rest_route=\/wp\/v2\/posts"}],"about":[{"href":"https:\/\/pasaenmendoza.com\/index.php?rest_route=\/wp\/v2\/types\/post"}],"author":[{"embeddable":true,"href":"https:\/\/pasaenmendoza.com\/index.php?rest_route=\/wp\/v2\/users\/2"}],"replies":[{"embeddable":true,"href":"https:\/\/pasaenmendoza.com\/index.php?rest_route=%2Fwp%2Fv2%2Fcomments&post=14224"}],"version-history":[{"count":1,"href":"https:\/\/pasaenmendoza.com\/index.php?rest_route=\/wp\/v2\/posts\/14224\/revisions"}],"predecessor-version":[{"id":14227,"href":"https:\/\/pasaenmendoza.com\/index.php?rest_route=\/wp\/v2\/posts\/14224\/revisions\/14227"}],"wp:featuredmedia":[{"embeddable":true,"href":"https:\/\/pasaenmendoza.com\/index.php?rest_route=\/wp\/v2\/media\/14226"}],"wp:attachment":[{"href":"https:\/\/pasaenmendoza.com\/index.php?rest_route=%2Fwp%2Fv2%2Fmedia&parent=14224"}],"wp:term":[{"taxonomy":"category","embeddable":true,"href":"https:\/\/pasaenmendoza.com\/index.php?rest_route=%2Fwp%2Fv2%2Fcategories&post=14224"},{"taxonomy":"post_tag","embeddable":true,"href":"https:\/\/pasaenmendoza.com\/index.php?rest_route=%2Fwp%2Fv2%2Ftags&post=14224"}],"curies":[{"name":"wp","href":"https:\/\/api.w.org\/{rel}","templated":true}]}}