{"id":14231,"date":"2025-08-13T21:30:37","date_gmt":"2025-08-13T19:30:37","guid":{"rendered":"https:\/\/pasaenmendoza.com\/?p=14231"},"modified":"2025-08-13T21:30:38","modified_gmt":"2025-08-13T19:30:38","slug":"la-corte-beneficio-a-janina-ortiz-y-suspendio-multas-del-tribunal-de-cuentas-por-700-000","status":"publish","type":"post","link":"https:\/\/pasaenmendoza.com\/?p=14231","title":{"rendered":"La Corte benefici\u00f3 a Janina Ortiz y suspendi\u00f3 multas del Tribunal de Cuentas por $700.000"},"content":{"rendered":"\n<p>La Suprema Corte de Justicia benefici\u00f3 a\u00a0<strong>Janina Ortiz<\/strong>\u00a0con la suspensi\u00f3n del pago de una multa del\u00a0<strong>Tribunal de Cuentas<\/strong>\u00a0por irregularidades como funcionaria en la Municipalidad de Las Heras.<\/p>\n\n\n\n<p>El fallo fue un\u00e1nime, lleva las firmas de los supremos&nbsp;<strong>Dalmiro Garay<\/strong>,&nbsp;<strong>Julio G\u00f3mez&nbsp;<\/strong>y&nbsp;<strong>Teresa Day&nbsp;<\/strong>y establece la suspensi\u00f3n del pago de una multa y tres cargos por un total de casi $700.000 que el&nbsp;<strong>Tribunal de Cuentas<\/strong>&nbsp;le impuso a la suspendida legisladora provincial&nbsp;<strong>Janina Ortiz<\/strong>.<\/p>\n\n\n\n<p>Id\u00e9ntica decisi\u00f3n hab\u00eda tomado la\u00a0<strong>Suprema Corte de Justicia<\/strong>\u00a0la semana pasada en beneficio de\u00a0Daniel Orozco, ex intendente de Las Heras y esposo de\u00a0<strong>Janina Ortiz<\/strong>, cuando suspendi\u00f3 el pago de una sanci\u00f3n\u00a0<strong>econ\u00f3mica\u00a0<\/strong>por $570.000.<\/p>\n\n\n\n<p><strong>Janina Ortiz<\/strong>,\u00a0<strong>Daniel Orozco,\u00a0<\/strong>ex funcionarios y particulares est\u00e1n bajo proceso judicial penal por el delito de\u00a0<strong>peculado\u00a0<\/strong>en el caso de las cooperativas de trabajo &#8220;truchas&#8221; que recibieron con fondos p\u00fablicos de\u00a0<strong>Las Heras<\/strong>.<\/p>\n\n\n\n<h2 class=\"wp-block-heading\">Janina Ortiz, de la pol\u00edtica al comercio<\/h2>\n\n\n\n<p>La actuaci\u00f3n del\u00a0<strong>Tribunal de Cuentas\u00a0<\/strong>de Mendoza fue clave para el avance de la causa judicial penal por peculado contra\u00a0Janina Ortiz, Orozco y ex funcionarios y particulares.<\/p>\n\n\n\n<p>De hecho, el fiscal de&nbsp;<strong>Delitos Econ\u00f3micos<\/strong>&nbsp;agrav\u00f3 la calificaci\u00f3n contra los imputados a ra\u00edz de las conclusiones y de las&nbsp;<strong>multas&nbsp;<\/strong>y cargos aplicados.<\/p>\n\n\n\n<p>La investigaci\u00f3n del&nbsp;<strong>Ministerio P\u00fablico Fiscal<\/strong>&nbsp;ha sido clausurada y elevada a juicio oral y p\u00fablico.<\/p>\n\n\n\n<p><strong>Janina Ortiz<\/strong>\u00a0fue suspendida de la funci\u00f3n de legisladora provincial por el demarchismo y ahora se dedica a la actividad comercial.<\/p>\n\n\n\n<p><strong>Fuente: www.diariouno.com.ar<\/strong><\/p>\n","protected":false},"excerpt":{"rendered":"<p>La Suprema Corte de Justicia benefici\u00f3 a\u00a0Janina Ortiz\u00a0con la suspensi\u00f3n del pago de una multa del\u00a0Tribunal de Cuentas\u00a0por irregularidades como funcionaria en la Municipalidad de Las Heras. El fallo fue un\u00e1nime, lleva las firmas de los supremos&nbsp;Dalmiro Garay,&nbsp;Julio G\u00f3mez&nbsp;y&nbsp;Teresa Day&nbsp;y establece la suspensi\u00f3n del pago de una multa y tres cargos por un total de [&hellip;]<\/p>\n","protected":false},"author":2,"featured_media":14232,"comment_status":"open","ping_status":"open","sticky":false,"template":"","format":"standard","meta":[],"categories":[60],"tags":[],"_links":{"self":[{"href":"https:\/\/pasaenmendoza.com\/index.php?rest_route=\/wp\/v2\/posts\/14231"}],"collection":[{"href":"https:\/\/pasaenmendoza.com\/index.php?rest_route=\/wp\/v2\/posts"}],"about":[{"href":"https:\/\/pasaenmendoza.com\/index.php?rest_route=\/wp\/v2\/types\/post"}],"author":[{"embeddable":true,"href":"https:\/\/pasaenmendoza.com\/index.php?rest_route=\/wp\/v2\/users\/2"}],"replies":[{"embeddable":true,"href":"https:\/\/pasaenmendoza.com\/index.php?rest_route=%2Fwp%2Fv2%2Fcomments&post=14231"}],"version-history":[{"count":1,"href":"https:\/\/pasaenmendoza.com\/index.php?rest_route=\/wp\/v2\/posts\/14231\/revisions"}],"predecessor-version":[{"id":14233,"href":"https:\/\/pasaenmendoza.com\/index.php?rest_route=\/wp\/v2\/posts\/14231\/revisions\/14233"}],"wp:featuredmedia":[{"embeddable":true,"href":"https:\/\/pasaenmendoza.com\/index.php?rest_route=\/wp\/v2\/media\/14232"}],"wp:attachment":[{"href":"https:\/\/pasaenmendoza.com\/index.php?rest_route=%2Fwp%2Fv2%2Fmedia&parent=14231"}],"wp:term":[{"taxonomy":"category","embeddable":true,"href":"https:\/\/pasaenmendoza.com\/index.php?rest_route=%2Fwp%2Fv2%2Fcategories&post=14231"},{"taxonomy":"post_tag","embeddable":true,"href":"https:\/\/pasaenmendoza.com\/index.php?rest_route=%2Fwp%2Fv2%2Ftags&post=14231"}],"curies":[{"name":"wp","href":"https:\/\/api.w.org\/{rel}","templated":true}]}}