{"id":14238,"date":"2025-08-14T21:42:46","date_gmt":"2025-08-14T19:42:46","guid":{"rendered":"https:\/\/pasaenmendoza.com\/?p=14238"},"modified":"2025-08-14T21:42:47","modified_gmt":"2025-08-14T19:42:47","slug":"las-ambulancias-del-servicio-de-emergencias-coordinado-se-diferenciaran-por-colores-segun-la-complejidad","status":"publish","type":"post","link":"https:\/\/pasaenmendoza.com\/?p=14238","title":{"rendered":"Las ambulancias del Servicio de Emergencias Coordinado se diferenciar\u00e1n por colores seg\u00fan la complejidad"},"content":{"rendered":"\n<p>Las 12\u00a0<strong>ambulancias\u00a0<\/strong>que fueron entregadas al\u00a0<strong>Ministerio de Salud<\/strong>\u00a0ya est\u00e1n en funcionamiento y est\u00e1n destinadas a atender casos de\u00a0<strong>alta complejidad<\/strong>. A partir de ahora, cada unidad del\u00a0<strong>Servicio de Emergencias Coordinado<\/strong>\u00a0ser\u00e1 diferenciada por\u00a0<strong>colores<\/strong>\u00a0seg\u00fan el caso que asistan y para identificarlas por tierra o desde el aire en casos extremos.<\/p>\n\n\n\n<p>Tras la entrega de las\u00a0<strong>ambulancias\u00a0<\/strong>en la ma\u00f1ana del martes en la explanada de la Casa de Gobierno, el ministro\u00a0<strong>Rodolfo Montero<\/strong>\u00a0adelant\u00f3 varios cambios que habr\u00e1 en el servicio de asistencia m\u00e9dica en\u00a0<strong>Mendoza<\/strong>.<\/p>\n\n\n\n<p>El objetivo es la reestructuraci\u00f3n del funcionamiento del\u00a0<strong>Servicio de Emergencias Coordinado<\/strong>\u00a0para que la respuesta a los mendocinos sea m\u00e1s eficiente y espec\u00edfica ante cada caso. Las nuevas\u00a0<strong>ambulancias\u00a0<\/strong>con\u00a0m\u00e1s tecnolog\u00eda se suman a las 22 que ya estaban en funcionamiento.<\/p>\n\n\n\n<p><strong>Rodolfo Montero&nbsp;<\/strong>detall\u00f3 que por d\u00eda se reciben en promedio m\u00e1s de&nbsp;<strong>550 llamadas<\/strong>&nbsp;por diferentes problemas de<strong>&nbsp;salud<\/strong>&nbsp;que requieren de asistencia m\u00e9dica, algunas m\u00e1s urgentes y otras que pueden esperar.<\/p>\n\n\n\n<h2 class=\"wp-block-heading\">Los cambios en el Servicio de Emergencias Coordinado<\/h2>\n\n\n\n<p>Parte de la reestructuraci\u00f3n que explic\u00f3<strong>&nbsp;Rodolfo Montero<\/strong>&nbsp;tiene que ver con que el propio servicio distribuya d\u00f3nde ir\u00e1 cada&nbsp;<strong>ambulancia&nbsp;<\/strong>y que ya no se haga m\u00e1s desde los hospitales o centros de salud.<\/p>\n\n\n\n<p>De esta manera se busca que la\u00a0<strong>atenci\u00f3n\u00a0<\/strong>sea m\u00e1s efectiva y r\u00e1pida para cada llamado que requiera la asistencia m\u00e9dica.<\/p>\n\n\n\n<p>Parte de este cambio tiene que ver con los colores que tendr\u00e1n las ambulancias del&nbsp;<strong>Servicio de Emergencias Coordinado<\/strong>. Las nuevas son&nbsp;<strong>amarillas y rojas<\/strong>, y fueron destinadas a atender casos de&nbsp;<strong>alta complejidad<\/strong>.<\/p>\n\n\n\n<p>Por otro lado, el&nbsp;<strong>Servicio de Emergencias Coordinado<\/strong>&nbsp;tendr\u00e1 otras&nbsp;<strong>amarillas y blancas<\/strong>&nbsp;que ser\u00e1n enviadas a los casos que sean de media complejidad, mientras que las&nbsp;<strong>verdes y blancas<\/strong>&nbsp;ser\u00e1n para la atenci\u00f3n de casos de baja complejidad.<\/p>\n\n\n\n<p>&#8220;As\u00ed es m\u00e1s f\u00e1cil la identificaci\u00f3n tanto en tierra como desde el aire&#8221;, destac\u00f3 el\u00a0<strong>ministro<\/strong>\u00a0de Salud.<\/p>\n\n\n\n<p><strong>Fuente: www.diariouno.com.ar<\/strong><\/p>\n","protected":false},"excerpt":{"rendered":"<p>Las 12\u00a0ambulancias\u00a0que fueron entregadas al\u00a0Ministerio de Salud\u00a0ya est\u00e1n en funcionamiento y est\u00e1n destinadas a atender casos de\u00a0alta complejidad. A partir de ahora, cada unidad del\u00a0Servicio de Emergencias Coordinado\u00a0ser\u00e1 diferenciada por\u00a0colores\u00a0seg\u00fan el caso que asistan y para identificarlas por tierra o desde el aire en casos extremos. Tras la entrega de las\u00a0ambulancias\u00a0en la ma\u00f1ana del martes [&hellip;]<\/p>\n","protected":false},"author":2,"featured_media":14239,"comment_status":"open","ping_status":"open","sticky":false,"template":"","format":"standard","meta":[],"categories":[50],"tags":[],"_links":{"self":[{"href":"https:\/\/pasaenmendoza.com\/index.php?rest_route=\/wp\/v2\/posts\/14238"}],"collection":[{"href":"https:\/\/pasaenmendoza.com\/index.php?rest_route=\/wp\/v2\/posts"}],"about":[{"href":"https:\/\/pasaenmendoza.com\/index.php?rest_route=\/wp\/v2\/types\/post"}],"author":[{"embeddable":true,"href":"https:\/\/pasaenmendoza.com\/index.php?rest_route=\/wp\/v2\/users\/2"}],"replies":[{"embeddable":true,"href":"https:\/\/pasaenmendoza.com\/index.php?rest_route=%2Fwp%2Fv2%2Fcomments&post=14238"}],"version-history":[{"count":1,"href":"https:\/\/pasaenmendoza.com\/index.php?rest_route=\/wp\/v2\/posts\/14238\/revisions"}],"predecessor-version":[{"id":14240,"href":"https:\/\/pasaenmendoza.com\/index.php?rest_route=\/wp\/v2\/posts\/14238\/revisions\/14240"}],"wp:featuredmedia":[{"embeddable":true,"href":"https:\/\/pasaenmendoza.com\/index.php?rest_route=\/wp\/v2\/media\/14239"}],"wp:attachment":[{"href":"https:\/\/pasaenmendoza.com\/index.php?rest_route=%2Fwp%2Fv2%2Fmedia&parent=14238"}],"wp:term":[{"taxonomy":"category","embeddable":true,"href":"https:\/\/pasaenmendoza.com\/index.php?rest_route=%2Fwp%2Fv2%2Fcategories&post=14238"},{"taxonomy":"post_tag","embeddable":true,"href":"https:\/\/pasaenmendoza.com\/index.php?rest_route=%2Fwp%2Fv2%2Ftags&post=14238"}],"curies":[{"name":"wp","href":"https:\/\/api.w.org\/{rel}","templated":true}]}}