{"id":14244,"date":"2025-08-14T21:56:14","date_gmt":"2025-08-14T19:56:14","guid":{"rendered":"https:\/\/pasaenmendoza.com\/?p=14244"},"modified":"2025-08-14T21:56:15","modified_gmt":"2025-08-14T19:56:15","slug":"javier-milei-dispuso-un-aumento-de-75-para-docentes-y-no-docentes-de-universidades-nacionales","status":"publish","type":"post","link":"https:\/\/pasaenmendoza.com\/?p=14244","title":{"rendered":"Javier Milei dispuso un aumento de 7,5% para docentes y no docentes de universidades nacionales"},"content":{"rendered":"\n<p>El gobierno de<strong>\u00a0Javier Milei<\/strong>\u00a0a trav\u00e9s del Ministerio de Capital Humano y de la Subsecretar\u00eda de Pol\u00edticas Universitarias, anunci\u00f3 este mi\u00e9rcoles que otorgar\u00e1 un aumento de<strong>l 7,5% de los salarios para los docentes y no docentes de las universidades nacionales<\/strong>\u00a0-incluida la\u00a0<strong>UNCuyo<\/strong>&#8211; entre septiembre y noviembre.<\/p>\n\n\n\n<p>La medida, que incluye 3,95% en los salarios de agosto, se anunci\u00f3 tras el paro nacional que el personal de las universidades concreta desde el lunes \u00faltimo.<\/p>\n\n\n\n<p>Adem\u00e1s, de forma complementaria se dispuso que el personal no docente percibir\u00e1 sumas fijas excepcionales de $25.000 por cargo.<\/p>\n\n\n\n<h2 class=\"wp-block-heading\">Suma fija de $25.000<\/h2>\n\n\n\n<p>Para el personal docente, las dedicaciones exclusivas percibir\u00e1n la suma fija excepcional de $25.000 por cargo, quedando asignado de forma proporcional al resto de las dedicaciones y cargos preuniversitarios, seg\u00fan se inform\u00f3 en un comunicado.<\/p>\n\n\n\n<p>El gobierno record\u00f3 que durante 2024 se asignaron fondos adicionales por m\u00e1s de $23.000 millones para acciones espec\u00edficas de la Subsecretar\u00eda de Pol\u00edticas Universitarias, mientras que en \u201cgastos de funcionamiento, durante todo el 2023 y pese a la inflaci\u00f3n registrada ese a\u00f1o, el gobierno de Alberto Fern\u00e1ndez no aplic\u00f3 ninguna actualizaci\u00f3n\u201d.<\/p>\n\n\n\n<p><strong>\u201cDesde diciembre de 2023, la actual gesti\u00f3n dispuso un aumento extraordinario que acumul\u00f3 un 345%\u201d,<\/strong>&nbsp;enfatiz\u00f3 el gobierno nacional.<\/p>\n\n\n\n<p>El ministerio tambi\u00e9n expres\u00f3 que \u201clas actualizaciones siguieron la pauta definida para el personal de la Administraci\u00f3n P\u00fablica Nacional\u201d.<\/p>\n\n\n\n<p>Docentes y no docentes de la UBA, nucleados en Aduba, Apuba, Feduba UTE-CTERA Universitarios, concretaron el lunes \u00faltimo un paro de 24 horas por recomposici\u00f3n salarial, lo que impidi\u00f3 que iniciar a tiempo las clases del segundo cuatrimestre.\u00a0En Mendoza, docentes nucleados en FADIUNC iniciaron esta semana un paro que en los primeros d\u00edas registr\u00f3 escaso acatamiento.<\/p>\n\n\n\n<p>El secretario general de Aduba, Emiliano Cagnacci, afirm\u00f3 en aquella oportunidad que \u201cel Gobierno no escucha y contin\u00faa asfixiando a los trabajadores universitarios, cuyos salarios est\u00e1n mayoritariamente bajo la l\u00ednea de pobreza\u201d.<\/p>\n\n\n\n<p><strong>Fuente: www.diariouno.com.ar<\/strong><\/p>\n","protected":false},"excerpt":{"rendered":"<p>El gobierno de\u00a0Javier Milei\u00a0a trav\u00e9s del Ministerio de Capital Humano y de la Subsecretar\u00eda de Pol\u00edticas Universitarias, anunci\u00f3 este mi\u00e9rcoles que otorgar\u00e1 un aumento del 7,5% de los salarios para los docentes y no docentes de las universidades nacionales\u00a0-incluida la\u00a0UNCuyo&#8211; entre septiembre y noviembre. La medida, que incluye 3,95% en los salarios de agosto, se [&hellip;]<\/p>\n","protected":false},"author":2,"featured_media":14245,"comment_status":"open","ping_status":"open","sticky":false,"template":"","format":"standard","meta":[],"categories":[56],"tags":[],"_links":{"self":[{"href":"https:\/\/pasaenmendoza.com\/index.php?rest_route=\/wp\/v2\/posts\/14244"}],"collection":[{"href":"https:\/\/pasaenmendoza.com\/index.php?rest_route=\/wp\/v2\/posts"}],"about":[{"href":"https:\/\/pasaenmendoza.com\/index.php?rest_route=\/wp\/v2\/types\/post"}],"author":[{"embeddable":true,"href":"https:\/\/pasaenmendoza.com\/index.php?rest_route=\/wp\/v2\/users\/2"}],"replies":[{"embeddable":true,"href":"https:\/\/pasaenmendoza.com\/index.php?rest_route=%2Fwp%2Fv2%2Fcomments&post=14244"}],"version-history":[{"count":1,"href":"https:\/\/pasaenmendoza.com\/index.php?rest_route=\/wp\/v2\/posts\/14244\/revisions"}],"predecessor-version":[{"id":14246,"href":"https:\/\/pasaenmendoza.com\/index.php?rest_route=\/wp\/v2\/posts\/14244\/revisions\/14246"}],"wp:featuredmedia":[{"embeddable":true,"href":"https:\/\/pasaenmendoza.com\/index.php?rest_route=\/wp\/v2\/media\/14245"}],"wp:attachment":[{"href":"https:\/\/pasaenmendoza.com\/index.php?rest_route=%2Fwp%2Fv2%2Fmedia&parent=14244"}],"wp:term":[{"taxonomy":"category","embeddable":true,"href":"https:\/\/pasaenmendoza.com\/index.php?rest_route=%2Fwp%2Fv2%2Fcategories&post=14244"},{"taxonomy":"post_tag","embeddable":true,"href":"https:\/\/pasaenmendoza.com\/index.php?rest_route=%2Fwp%2Fv2%2Ftags&post=14244"}],"curies":[{"name":"wp","href":"https:\/\/api.w.org\/{rel}","templated":true}]}}