{"id":14247,"date":"2025-08-14T22:04:52","date_gmt":"2025-08-14T20:04:52","guid":{"rendered":"https:\/\/pasaenmendoza.com\/?p=14247"},"modified":"2025-08-14T22:04:53","modified_gmt":"2025-08-14T20:04:53","slug":"mendoza-deja-de-vacunar-gratis-contra-la-fiebre-amarilla","status":"publish","type":"post","link":"https:\/\/pasaenmendoza.com\/?p=14247","title":{"rendered":"Mendoza deja de vacunar gratis contra la fiebre amarilla"},"content":{"rendered":"\n<p>El Ministerio de Salud de\u00a0<strong>Mendoza\u00a0<\/strong>confirm\u00f3 que dejar\u00e1 de colocar de manera gratuita la\u00a0<strong>vacuna\u00a0contra la fiebre amarilla<\/strong>, acopl\u00e1ndose a una medida que adopt\u00f3 la Naci\u00f3n.<\/p>\n\n\n\n<p>\u201cNo podemos destinar recursos de los mendocinos para vacunar por\u00a0<strong>temas tur\u00edsticos<\/strong>\u201d, confiaron desde Gobierno.<\/p>\n\n\n\n<p>La\u00a0<strong>vacuna contra la fiebre amarilla<\/strong>\u00a0est\u00e1 fuera del calendario obligatorio y, hasta ahora, era la \u00fanica \u201cvacuna para viajeros\u201d cubierta al 100% por el Estado provincial.<\/p>\n\n\n\n<p>Es necesaria para entrar a algunos pa\u00edses, especialmente africanos. Para&nbsp;<strong>viajar a Brasil<\/strong>, por ejemplo, no se exige, pero s\u00ed se recomienda.<\/p>\n\n\n\n<p>Desde Naci\u00f3n sumaron que s\u00ed se garantizar\u00e1n dosis necesarias para la&nbsp;<strong>cobertura gratuita<\/strong>&nbsp;de la poblaci\u00f3n de provincias como&nbsp;<strong>Misiones, Corrientes y Formosa<\/strong>&nbsp;y departamentos seleccionados de&nbsp;<strong>Salta, Jujuy y Chaco<\/strong>, que son considerados zonas end\u00e9micas.<\/p>\n\n\n\n<h2 class=\"wp-block-heading\">Cornejo sigui\u00f3 a Milei: basta de vacunas gratis para viajeros<\/h2>\n\n\n\n<p>El Ministerio de&nbsp;<strong>Salud<\/strong>&nbsp;de la Naci\u00f3n anunci\u00f3 este mi\u00e9rcoles la decisi\u00f3n de que la&nbsp;<strong>vacuna<\/strong>&nbsp;contra la fiebre amarilla se aplique de forma gratuita solo en las zonas end\u00e9micas de la Argentina. Esa medida, dijeron en un comunicado, \u201cbusca garantizar el uso responsable de los recursos p\u00fablicos, priorizando la protecci\u00f3n de quienes viven o trabajan en \u00e1reas con riesgo comprobado de transmisi\u00f3n\u201d.<\/p>\n\n\n\n<p>Solo se har\u00e1 una excepci\u00f3n con aquellos argentinos, de zonas no end\u00e9micas, que ya ten\u00edan turno otorgado en una oficina de frontera para colocarse la&nbsp;<strong>vacuna<\/strong>.<\/p>\n\n\n\n<p>El gobierno nacional estima que, limitando la aplicaci\u00f3n de esta&nbsp;<strong>vacuna contra la fiebre amarilla de manera gratuita<\/strong>, reducir\u00e1 34% las unidades a comprar y as\u00ed ahorrar\u00e1 697.566 d\u00f3lares.<\/p>\n\n\n\n<h2 class=\"wp-block-heading\">Qu\u00e9 pasar\u00e1 con los que necesitan la vacuna contra la fiebre amarilla para viajar al exterior<\/h2>\n\n\n\n<p>Quienes\u00a0<strong>viajen al exterior<\/strong>\u00a0por motivos de turismo u otras causas de \u00edndole privado y requieran protecci\u00f3n contra la\u00a0<strong>fiebre amarilla<\/strong>, deber\u00e1n aplicarse la dosis correspondiente en centros privados.<\/p>\n\n\n\n<p>Lo que consider\u00f3 la Naci\u00f3n, y fue compartido por el Gobierno provincial, es que el Estado debe dejar de \u201cfinanciar, con el dinero de todos, la prevenci\u00f3n de riesgos que son ajenos a la&nbsp;<strong>realidad sanitaria<\/strong>&nbsp;del pa\u00eds\u201d.<\/p>\n\n\n\n<p>De hecho, desde el Ministerio de Rodolfo Montero se\u00f1alaron que consideran \u201ccorrecta\u201d la medida. \u201cNo est\u00e1 bien cubrir&nbsp;<strong>vacunas para viajeros<\/strong>. No vamos a destinar recursos a comprar vacunas que no est\u00e1n en el calendario y son colocadas a quienes viajan a pa\u00edses que se las exigen\u201d, dijeron.<\/p>\n\n\n\n<h2 class=\"wp-block-heading\">Cu\u00e1nto cuesta la vacuna contra la fiebre amarilla<\/h2>\n\n\n\n<p>De manera privada, una dosis de la&nbsp;<strong>vacuna&nbsp;<\/strong>puede costar entre $182.100 y $214.250, seg\u00fan valores provistos por Helios Salud. Otorga protecci\u00f3n a partir de los 10 d\u00edas de aplicada y&nbsp;<strong>dura para toda la vida.<\/strong><\/p>\n\n\n\n<p>La transmisi\u00f3n de la&nbsp;<strong>fiebre amarilla&nbsp;<\/strong>se produce por la picadura de ciertas especies de mosquitos infectados. Las personas de mayor edad y los ni\u00f1os, tienen mayor riesgo de presentar una enfermedad grave.<\/p>\n\n\n\n<h2 class=\"wp-block-heading\">\u00bfPara viajar a Brasil necesito la vacuna contra la fiebre amarilla?<\/h2>\n\n\n\n<p>No.\u00a0<strong>Brasil<\/strong>\u00a0no se encuentra en el listado oficial de pa\u00edses que exigen a cualquier turista la\u00a0<strong>vacuna contra la fiebre amarilla<\/strong>, pero la Organizaci\u00f3n Mundial de la Salud recomienda aplicarse la vacuna, sobre todo para ir a zonas selv\u00e1ticas o rurales donde el mosquito transmisor est\u00e1 presente (por ejemplo, Amazonas, Mato Grosso, etc.).<\/p>\n\n\n\n<h2 class=\"wp-block-heading\">Para viajar a d\u00f3nde se necesita la vacuna contra la fiebre amarilla<\/h2>\n\n\n\n<p>Seg\u00fan la OMS, los pa\u00edses que exigen certificado de&nbsp;<strong>vacunaci\u00f3n a viajeros<\/strong>&nbsp;de cualquier pa\u00eds son:<\/p>\n\n\n\n<ul>\n<li>Angola (\u2265 9 meses)<\/li>\n\n\n\n<li>Benin (\u2265 9 meses)<\/li>\n\n\n\n<li>Burkina Faso (\u2265 9 meses)<\/li>\n\n\n\n<li>Burundi (\u2265 9 meses)<\/li>\n\n\n\n<li>Central African Republic (\u2265 9 meses)<\/li>\n\n\n\n<li>Chad (\u2265 9 meses)<\/li>\n\n\n\n<li>Congo (\u2265 9 meses)<\/li>\n\n\n\n<li>Democratic Republic of the Congo (\u2265 9 meses)<\/li>\n\n\n\n<li>Equatorial Guinea (\u2265 9 meses)<\/li>\n\n\n\n<li>French Guiana (\u2265 1 a\u00f1o)<\/li>\n\n\n\n<li>Gabon (\u2265 9 meses)<\/li>\n\n\n\n<li>Ghana (\u2265 9 meses)<\/li>\n\n\n\n<li>Guinea-Bissau (\u2265 1 a\u00f1o)<\/li>\n\n\n\n<li>Liberia (\u2265 9 meses)<\/li>\n\n\n\n<li>Mali (\u2265 9 meses)<\/li>\n\n\n\n<li>Niger (\u2265 9 meses)<\/li>\n\n\n\n<li>Nigeria (\u2265 9 meses)<\/li>\n\n\n\n<li>Sierra Leone (sin edad m\u00ednima especificada)<\/li>\n\n\n\n<li>South Sudan (\u2265 9 meses)<\/li>\n\n\n\n<li>Togo (\u2265 9 meses)<\/li>\n\n\n\n<li>Uganda (\u2265 1 a\u00f1o)<\/li>\n<\/ul>\n\n\n\n<p>Entre par\u00e9ntesis, la edad desde la que se exige la&nbsp;<strong>vacuna<\/strong>.<\/p>\n\n\n\n<h2 class=\"wp-block-heading\">El caso especial de Misiones y Corrientes<\/h2>\n\n\n\n<p>Seg\u00fan el\u00a0listado oficial de la OMS, Misiones y Corrientes son las dos provincias de Argentina con\u00a0<strong>riesgo de fiebre amarilla<\/strong>\u00a0y a quienes provienen de esos lugares se les puede exigir el carnet de\u00a0<strong>vacunaci\u00f3n\u00a0<\/strong>para viajar a pa\u00edses como Colombia, Cuba, Paraguay o Costa Rica.<\/p>\n\n\n\n<p><strong>Fuente: www.diariouno.com.ar<\/strong><\/p>\n","protected":false},"excerpt":{"rendered":"<p>El Ministerio de Salud de\u00a0Mendoza\u00a0confirm\u00f3 que dejar\u00e1 de colocar de manera gratuita la\u00a0vacuna\u00a0contra la fiebre amarilla, acopl\u00e1ndose a una medida que adopt\u00f3 la Naci\u00f3n. \u201cNo podemos destinar recursos de los mendocinos para vacunar por\u00a0temas tur\u00edsticos\u201d, confiaron desde Gobierno. La\u00a0vacuna contra la fiebre amarilla\u00a0est\u00e1 fuera del calendario obligatorio y, hasta ahora, era la \u00fanica \u201cvacuna para [&hellip;]<\/p>\n","protected":false},"author":2,"featured_media":14248,"comment_status":"open","ping_status":"open","sticky":false,"template":"","format":"standard","meta":[],"categories":[58],"tags":[],"_links":{"self":[{"href":"https:\/\/pasaenmendoza.com\/index.php?rest_route=\/wp\/v2\/posts\/14247"}],"collection":[{"href":"https:\/\/pasaenmendoza.com\/index.php?rest_route=\/wp\/v2\/posts"}],"about":[{"href":"https:\/\/pasaenmendoza.com\/index.php?rest_route=\/wp\/v2\/types\/post"}],"author":[{"embeddable":true,"href":"https:\/\/pasaenmendoza.com\/index.php?rest_route=\/wp\/v2\/users\/2"}],"replies":[{"embeddable":true,"href":"https:\/\/pasaenmendoza.com\/index.php?rest_route=%2Fwp%2Fv2%2Fcomments&post=14247"}],"version-history":[{"count":1,"href":"https:\/\/pasaenmendoza.com\/index.php?rest_route=\/wp\/v2\/posts\/14247\/revisions"}],"predecessor-version":[{"id":14249,"href":"https:\/\/pasaenmendoza.com\/index.php?rest_route=\/wp\/v2\/posts\/14247\/revisions\/14249"}],"wp:featuredmedia":[{"embeddable":true,"href":"https:\/\/pasaenmendoza.com\/index.php?rest_route=\/wp\/v2\/media\/14248"}],"wp:attachment":[{"href":"https:\/\/pasaenmendoza.com\/index.php?rest_route=%2Fwp%2Fv2%2Fmedia&parent=14247"}],"wp:term":[{"taxonomy":"category","embeddable":true,"href":"https:\/\/pasaenmendoza.com\/index.php?rest_route=%2Fwp%2Fv2%2Fcategories&post=14247"},{"taxonomy":"post_tag","embeddable":true,"href":"https:\/\/pasaenmendoza.com\/index.php?rest_route=%2Fwp%2Fv2%2Ftags&post=14247"}],"curies":[{"name":"wp","href":"https:\/\/api.w.org\/{rel}","templated":true}]}}