{"id":14250,"date":"2025-08-18T15:40:48","date_gmt":"2025-08-18T13:40:48","guid":{"rendered":"https:\/\/pasaenmendoza.com\/?p=14250"},"modified":"2025-08-18T15:40:49","modified_gmt":"2025-08-18T13:40:49","slug":"hasta-cuando-hay-pronostico-de-lluvia-en-mendoza","status":"publish","type":"post","link":"https:\/\/pasaenmendoza.com\/?p=14250","title":{"rendered":"\u00bfHasta cu\u00e1ndo hay pron\u00f3stico de lluvia en Mendoza?"},"content":{"rendered":"\n<p>Mendoza amaneci\u00f3 con\u00a0<strong>lloviznas<\/strong>\u00a0y seg\u00fan el\u00a0<strong>Servicio Meteorol\u00f3gico Nacional (SMN)<\/strong>, este lunes 18 de agosto seguir\u00e1 la probabilidad de precipitaciones durante toda la jornada, aunque en algunos momentos podr\u00eda salir el sol.<\/p>\n\n\n\n<p>El pron\u00f3stico indica que podr\u00eda haber precipitaciones hasta la noche y que, a partir del martes, regresan los d\u00edas soleados con temperaturas m\u00e1s altas.<\/p>\n\n\n\n<p><strong>Este lunes por la ma\u00f1ana<\/strong>\u00a0seguir\u00e1n las lloviznas, en la tarde<strong>\u00a0algunos chaparrones<\/strong>\u00a0y en a noche\u00a0lluvias aisladas. La temperatura m\u00ednima ser\u00e1 de\u00a0<strong>10 \u00b0C<\/strong>\u00a0y la m\u00e1xima de\u00a0<strong>13 \u00b0C<\/strong>.<\/p>\n\n\n\n<p>Las lluvias en Mendoza se concentran&nbsp;<strong>solo durante esta jornada<\/strong>. Desde el martes, el tiempo mejora y se esperan&nbsp;<strong>varias jornadas sin precipitaciones<\/strong>, aunque con ma\u00f1anas fr\u00edas y m\u00e1ximas que oscilar\u00e1n entre 14 y 20 grados.<\/p>\n\n\n\n<p>El pron\u00f3stico extendido en detalle<\/p>\n\n\n\n<p><strong>Martes 19 de agosto<\/strong>: el cielo comienza a despejarse, sin lluvias previstas. Jornada m\u00e1s c\u00e1lida, con\u00a0<strong>m\u00ednima de 5 \u00b0C y m\u00e1xima de 20 \u00b0C<\/strong>.<\/p>\n\n\n\n<p><strong>Mi\u00e9rcoles 20 y jueves 21<\/strong>: temperaturas entre\u00a0<strong>6 y 18 \u00b0C<\/strong>, con nubosidad variable pero sin precipitaciones anunciadas.<\/p>\n\n\n\n<p><strong>Viernes 22<\/strong>: el sol vuelve a ganar presencia; m\u00ednima de&nbsp;<strong>4 \u00b0C<\/strong>, m\u00e1xima de&nbsp;<strong>14 \u00b0C<\/strong>.<\/p>\n\n\n\n<p><strong>S\u00e1bado 23 y domingo 24<\/strong>: d\u00edas estables, con temperaturas frescas (m\u00ednimas de 4 a 6 \u00b0C y m\u00e1ximas entre 11 y 13 \u00b0C).<\/p>\n\n\n\n<p><strong>Fuente: www.mendozapost.com<\/strong><\/p>\n","protected":false},"excerpt":{"rendered":"<p>Mendoza amaneci\u00f3 con\u00a0lloviznas\u00a0y seg\u00fan el\u00a0Servicio Meteorol\u00f3gico Nacional (SMN), este lunes 18 de agosto seguir\u00e1 la probabilidad de precipitaciones durante toda la jornada, aunque en algunos momentos podr\u00eda salir el sol. El pron\u00f3stico indica que podr\u00eda haber precipitaciones hasta la noche y que, a partir del martes, regresan los d\u00edas soleados con temperaturas m\u00e1s altas. Este [&hellip;]<\/p>\n","protected":false},"author":2,"featured_media":14251,"comment_status":"open","ping_status":"open","sticky":false,"template":"","format":"standard","meta":[],"categories":[52],"tags":[],"_links":{"self":[{"href":"https:\/\/pasaenmendoza.com\/index.php?rest_route=\/wp\/v2\/posts\/14250"}],"collection":[{"href":"https:\/\/pasaenmendoza.com\/index.php?rest_route=\/wp\/v2\/posts"}],"about":[{"href":"https:\/\/pasaenmendoza.com\/index.php?rest_route=\/wp\/v2\/types\/post"}],"author":[{"embeddable":true,"href":"https:\/\/pasaenmendoza.com\/index.php?rest_route=\/wp\/v2\/users\/2"}],"replies":[{"embeddable":true,"href":"https:\/\/pasaenmendoza.com\/index.php?rest_route=%2Fwp%2Fv2%2Fcomments&post=14250"}],"version-history":[{"count":1,"href":"https:\/\/pasaenmendoza.com\/index.php?rest_route=\/wp\/v2\/posts\/14250\/revisions"}],"predecessor-version":[{"id":14252,"href":"https:\/\/pasaenmendoza.com\/index.php?rest_route=\/wp\/v2\/posts\/14250\/revisions\/14252"}],"wp:featuredmedia":[{"embeddable":true,"href":"https:\/\/pasaenmendoza.com\/index.php?rest_route=\/wp\/v2\/media\/14251"}],"wp:attachment":[{"href":"https:\/\/pasaenmendoza.com\/index.php?rest_route=%2Fwp%2Fv2%2Fmedia&parent=14250"}],"wp:term":[{"taxonomy":"category","embeddable":true,"href":"https:\/\/pasaenmendoza.com\/index.php?rest_route=%2Fwp%2Fv2%2Fcategories&post=14250"},{"taxonomy":"post_tag","embeddable":true,"href":"https:\/\/pasaenmendoza.com\/index.php?rest_route=%2Fwp%2Fv2%2Ftags&post=14250"}],"curies":[{"name":"wp","href":"https:\/\/api.w.org\/{rel}","templated":true}]}}