{"id":14253,"date":"2025-08-18T15:57:21","date_gmt":"2025-08-18T13:57:21","guid":{"rendered":"https:\/\/pasaenmendoza.com\/?p=14253"},"modified":"2025-08-18T15:57:23","modified_gmt":"2025-08-18T13:57:23","slug":"quienes-son-los-candidatos-a-diputados-y-senadores-en-mendoza-para-las-elecciones-2025","status":"publish","type":"post","link":"https:\/\/pasaenmendoza.com\/?p=14253","title":{"rendered":"Qui\u00e9nes son los candidatos a diputados y senadores en Mendoza para las elecciones 2025"},"content":{"rendered":"\n<p>El cierre de listas complet\u00f3 un nuevo casillero en la carrera rumbo a las elecciones del pr\u00f3ximo&nbsp;<strong>26 de octubre<\/strong>. Las&nbsp;<strong>seis alianzas electorales<\/strong>&nbsp;y&nbsp;<strong>dos partidos en soledad<\/strong>&nbsp;(Protectora y el Partido de los Jubilados) le pusieron formalmente los nombres a aquellos postulantes que los mendocinos encontrar\u00e1n en la&nbsp;<strong>Boleta \u00danica<\/strong>.<\/p>\n\n\n\n<p>En Mendoza. sin elecciones para el Senado de la Naci\u00f3n, la ciudadan\u00eda deber\u00e1 centra su atenci\u00f3n en las\u00a0<strong>cinco de las diez bancas que Mendoza posee en la C\u00e1mara de Diputados de la Naci\u00f3n<\/strong>. Adem\u00e1s, a nivel provincial se ponen en juego\u00a0<strong>24 esca\u00f1os en Diputados y 19 en el Senado<\/strong>. En el plano municipal,\u00a0<strong>12 departamentos<\/strong>\u00a0elegir\u00e1n la mitad de sus concejales, excepto Maip\u00fa, Luj\u00e1n de Cuyo, Rivadavia, Santa Rosa, La Paz y San Rafael, que\u00a0<strong>postergaron la votaci\u00f3n para febrero de 2026<\/strong>.<\/p>\n\n\n\n<p>Las principales fuerzas y sus candidatos<\/p>\n\n\n\n<h3 class=\"wp-block-heading\" id=\"h-cambia-mendoza-la-libertad-avanza\">Cambia Mendoza + La Libertad Avanza<\/h3>\n\n\n\n<p>El oficialismo provincial sorprendi\u00f3 al anunciar que el actual&nbsp;<strong>ministro de Defensa, Luis Petri<\/strong>, encabezar\u00e1 la lista de diputados nacionales, tras oficializar su pase a las filas libertarias. Lo acompa\u00f1an&nbsp;<strong>Pamela Verasay<\/strong>&nbsp;y el demarchista&nbsp;<strong>\u00c1lvaro Mart\u00ednez<\/strong>.<\/p>\n\n\n\n<p>En lo provincial, las listas combinan radicales y libertarios con referentes como\u00a0<strong>Patricia S\u00e1nchez, Mart\u00edn Kerchner, N\u00e9stor Majul y Leonardo Yapur<\/strong>\u00a0en el Senado, y\u00a0<strong>Juli\u00e1n Sadoschi, Griselda Petri, Melisa Malanca y Alejandra Torti<\/strong>\u00a0en Diputados.<\/p>\n\n\n\n<p><strong>Primer distrito<\/strong><\/p>\n\n\n\n<p>Senadores: Patricia S\u00e1nchez (UCR) \u2013 Lucas Fosco (LLA).<br>Diputados: Juli\u00e1n Sadoschi (UCR)- Mar\u00eda In\u00e9s Ramos (LLA).<\/p>\n\n\n\n<p><strong>Segundo distrito<\/strong><\/p>\n\n\n\n<p>Senadores: N\u00e9stor Majul (UCR) \u2013 Alejandra Carina G\u00f3mez (LLA).<br>Diputados: Griselda Petri (UCR) \u2013 Pablo Castro (LLA).<\/p>\n\n\n\n<p><strong>Tercer distrito<\/strong><\/p>\n\n\n\n<p>Senadores: Mart\u00edn Kerchner (UCR) \u2013 Macarena Soledad D\u2019 Ambrogio (LLA).<br>Diputados: Melisa Malanca (UCR) \u2013 Carlos Federico Palazzo (LLA).<\/p>\n\n\n\n<p><strong>Cuarto distrito<\/strong><\/p>\n\n\n\n<p>Senadores: Leonardo Yapur (UCR) \u2013 Mar\u00eda Carolina Loparco (LLA).<br>Diputados: Alejandra Torti (UCR) \u2013 Nicol\u00e1s de Pedro Buttini (LLA).<\/p>\n\n\n\n<h3 class=\"wp-block-heading\" id=\"h-fuerza-justicialista-mendoza\">Fuerza Justicialista Mendoza<\/h3>\n\n\n\n<p>El peronismo logr\u00f3 una lista de unidad bajo el lema&nbsp;<strong>\u201cFuerza Justicialista Mendoza\u201d<\/strong>, integrada por el PJ, Proyecto Sur, el PI, Nuevo Encuentro y La C\u00e1mpora, entre otros.<\/p>\n\n\n\n<p>Los candidatos nacionales ser\u00e1n\u00a0<strong>Emir F\u00e9lix, Marisa Uceda y Mat\u00edas Stevanato<\/strong>. En lo provincial destacan\u00a0<strong>Lucas Ilardo, Luis Novillo, Omar Parisi, Pedro Serra, Adriana Cano<\/strong>\u00a0y referentes de la nueva generaci\u00f3n justicialista.<\/p>\n\n\n\n<p><strong>Primer distrito<\/strong><\/p>\n\n\n\n<p>Senadores: Adriana Cano \u2013 Gustavo Valls.<br>Diputados: Lucas Ilardo \u2013 Lidia Quintana.<\/p>\n\n\n\n<p><strong>Segundo distrito<\/strong><\/p>\n\n\n\n<p>Senadores: Luis Novillo \u2013 Mar\u00eda Luz Llorens.<br>Diputados: Mat\u00edas Montes \u2013 Juana Moreno.<\/p>\n\n\n\n<p><strong>Tercer distrito<\/strong><\/p>\n\n\n\n<p>Senadores: Omar Parisi \u2013 Alejandra Pantas.<br>Diputados: Julio Villafa\u00f1e \u2013 Valeria Encinas.<\/p>\n\n\n\n<p><strong>Cuarto distrito<\/strong><\/p>\n\n\n\n<p>Senadores: Pedro Serra \u2013 Liliana Paponet.<br>Diputados: Gustavo Perret \u2013 Alejandra Barro.<\/p>\n\n\n\n<h3 class=\"wp-block-heading\" id=\"h-provincias-unidas\">Provincias Unidas<\/h3>\n\n\n\n<p>Con el lema&nbsp;<strong>\u201cDefendamos Mendoza\u201d<\/strong>, el frente ligado a&nbsp;<strong>Grito Federal<\/strong>&nbsp;presenta como referentes a&nbsp;<strong>Jorge Difonso, Flavia Manoni y Jorge Palero<\/strong>.<\/p>\n\n\n\n<p>El PRO pidi\u00f3 sumarse a \u00faltimo momento y podr\u00e1 competir en categor\u00edas provinciales. Entre los candidatos locales figuran\u00a0<strong>Roberto Righi, Federico \u00c1balos, Laura Balsells Mir\u00f3 y Gustavo Majstruk<\/strong>, adem\u00e1s de dirigentes gremiales y radicales disidentes.<\/p>\n\n\n\n<p><strong>Primer Distrito<\/strong><\/p>\n\n\n\n<p>Diputados: Roberto Righi (Hacemos) \u2013 Andrea Fern\u00e1ndez.<br>Senadores: Federico Abalos (PRO) \u2013 Claudia Iturbe.<\/p>\n\n\n\n<p><strong>Segundo Distrito<\/strong><\/p>\n\n\n\n<p>Diputados: Gerardo Santarelli (Partido Socialista) \u2013 Lorena Ripari.<br>Senadores: Daniel Disero (Mesa Gremial) y Erika Gitto.<\/p>\n\n\n\n<p><strong>Tercer Distrito<\/strong><\/p>\n\n\n\n<p>Diputados: Laura Balsells Mir\u00f3 (PRO) \u2013 Osvaldo Valdez.<br>Senadores: Vanessa Riera (Radicales por el Futuro) \u2013 Claudio Laciar.<\/p>\n\n\n\n<p><strong>Cuarto Distrito<\/strong><\/p>\n\n\n\n<p>Diputados: Gustavo Majstruk (Hacemos) \u2013 Bel\u00e9n Pamela Gain.<br>Senadores: M\u00f3nica Bielli (PRO de San Rafael) \u2013 Fabi\u00e1n P\u00e9rez.<\/p>\n\n\n\n<h2 class=\"wp-block-heading\" id=\"h-frente-verde\">Frente Verde<\/h2>\n\n\n\n<p>El&nbsp;<strong>Partido Verde<\/strong>,&nbsp;<strong>Libres del Sur<\/strong>&nbsp;y el espacio&nbsp;<strong>Reconstruyendo Malarg\u00fce<\/strong>&nbsp;integran esta alianza que tendr\u00e1 como candidato nacional a&nbsp;<strong>Mario Vadillo<\/strong>, acompa\u00f1ado por&nbsp;<strong>Bel\u00e9n Bobba<\/strong>&nbsp;y&nbsp;<strong>Dugar Chappel<\/strong>.<\/p>\n\n\n\n<p>A nivel provincial, buscan fortalecer sus bancas con&nbsp;<strong>Emanuel Fugazzotto, Alejandro Ver\u00f3n, Ernesto Mancinelli y Mart\u00edn Palma<\/strong>.<\/p>\n\n\n\n<p><strong>Primer Distrito<\/strong><\/p>\n\n\n\n<p>Diputados: Emanuel Fugazzotto (Partido Verde) \u2013 Anabel Herensperger.<br>Senadores: Ricardo Garc\u00eda (Partido Verde) \u2013 Flavia Pasqualetti.<\/p>\n\n\n\n<p><strong>Segundo Distrito<\/strong><\/p>\n\n\n\n<p>Diputados: Alejandro Ver\u00f3n (Libres del Sur) \u2013 Marina Jesica Molina.<br>Senador: Manuel Verdaguer (Partido Verde) \u2013 Anal\u00eda Pallero.<\/p>\n\n\n\n<p><strong>Tercer Distrito<\/strong><\/p>\n\n\n\n<p>Diputados: Florencia Galvani (Partido Verde) \u2013 Emir Laurel.<br>Senadores: Ernesto Mancinelli (Libres del Sur) \u2013 Mar\u00eda Cecilia Lucero.<\/p>\n\n\n\n<p><strong>Cuarto Distrito<\/strong><\/p>\n\n\n\n<p>Diputados: Mart\u00edn Palma (Reconstruyendo Malarg\u00fce) \u2013 Mariana Sosa.<br>Senadores: Fabiola Carri\u00f3n (Partido Verde) \u2013 Hugo Fern\u00e1ndez.<\/p>\n\n\n\n<h3 class=\"wp-block-heading\" id=\"h-frente-democrata-libertario\">Frente Dem\u00f3crata Libertario<\/h3>\n\n\n\n<p>El&nbsp;<strong>Partido Dem\u00f3crata<\/strong>&nbsp;y el&nbsp;<strong>Partido Libertario<\/strong>&nbsp;renovaron su alianza bajo el lema \u201cFrente Dem\u00f3crata Libertario\u201d.<\/p>\n\n\n\n<p>En la lista nacional se presentan&nbsp;<strong>Gabriel Sotile, Mariel Maestri y Gast\u00f3n Pescarmona<\/strong>. En lo provincial, destacan&nbsp;<strong>Catalina Garay Lira, Hugo Gottardini, Fabi\u00e1n Bello<\/strong>&nbsp;y&nbsp;<strong>Mart\u00edn Marcianesi<\/strong>.<\/p>\n\n\n\n<p><strong>Primer Distrito<\/strong><\/p>\n\n\n\n<p>Diputados: Catalina Garay Lira (PL)<br>Senadores: Pedro Garc\u00eda Espetxe (PD)<\/p>\n\n\n\n<p><strong>Segundo Distrito<\/strong><\/p>\n\n\n\n<p>Diputados: Fabi\u00e1n Bello (PD)<br>Senadores: Dami\u00e1n C\u00f3rdoba (PL)<\/p>\n\n\n\n<p><strong>Tercer Distrito<\/strong><\/p>\n\n\n\n<p>Diputados: Hugo Gottardini (PD)<br>Senadores: Cristian Cuatrocchi (PL)<\/p>\n\n\n\n<p><strong>Cuarto Distrito<\/strong><\/p>\n\n\n\n<p>Diputados: Mart\u00edn Marcianesi (PD)<br>Senadores: Carlos Lagos (PL)<\/p>\n\n\n\n<h3 class=\"wp-block-heading\" id=\"h-protectora\">Protectora<\/h3>\n\n\n\n<p>El espacio que en 2017 llev\u00f3 a Jos\u00e9 Luis Ram\u00f3n al Congreso vuelve a competir con la abogada&nbsp;<strong>Carolina Jacky<\/strong>&nbsp;como candidata a diputada nacional. La acompa\u00f1ar\u00e1&nbsp;<strong>Sebasti\u00e1n Zelada<\/strong>.<\/p>\n\n\n\n<p>En las categor\u00edas provinciales,&nbsp;<strong>Ram\u00f3n<\/strong>&nbsp;encabeza la lista de diputados por el primer distrito, mientras que el exintendente de Las Heras&nbsp;<strong>Daniel Orozco<\/strong>&nbsp;ser\u00e1 candidato a senador.<\/p>\n\n\n\n<p><strong>Primer Distrito<\/strong><\/p>\n\n\n\n<p>Diputados: Jos\u00e9 Luis Ram\u00f3n \u2013 Luc\u00eda Ramos.<br>Senadores: Daniel Orozco \u2013 Cecilia P\u00e9rez.<\/p>\n\n\n\n<p><strong>Segundo Distrito<\/strong><\/p>\n\n\n\n<p>Diputados: Moises Nasiff \u2013 Ernestina Varela.<br>Senadores: Mario Prospitti -Stela Arrieta.<\/p>\n\n\n\n<p><strong>Tercer Distrito<\/strong><\/p>\n\n\n\n<p>Diputados: Alberto Pont \u2013 Nancy Peralta.<br>Senadores: Pablo Cazab\u00e1n \u2013 Luciana Arenas.<\/p>\n\n\n\n<p><strong>Cuarto Distrito<\/strong><\/p>\n\n\n\n<p>Diputados: Alec Juliao \u2013 Mar\u00eda Fernanda Lucero.<br>Senadores: Jolanta Lucero \u2013 Mateo Mata.<\/p>\n\n\n\n<h4 class=\"wp-block-heading\" id=\"h-frente-de-izquierda-y-de-los-trabajadores-unidad-fit-u\">Frente de Izquierda y de los Trabajadores \u2013 Unidad (FIT-U)<\/h4>\n\n\n\n<p>El FIT-U apuesta a recuperar protagonismo con&nbsp;<strong>Micaela Blanco Minoli<\/strong>&nbsp;como cabeza de lista nacional, seguida por&nbsp;<strong>Nicol\u00e1s Fern\u00e1ndez<\/strong>&nbsp;y&nbsp;<strong>Mar\u00eda Marta Bernabeu<\/strong>.<\/p>\n\n\n\n<p>En lo provincial, los principales nombres son&nbsp;<strong>Lautaro Jim\u00e9nez, Marcia Marianetti, Noelia Barbeito, Tupac Coletti y Cecilia Soria<\/strong>.<\/p>\n\n\n\n<p><strong>Primer Distrito<\/strong><\/p>\n\n\n\n<p>Diputados: Lautaro Jim\u00e9nez \u2013 Noelia Barbeito (PTS).<br>Senadores: Marcia Marianetti \u2013 Sergio Mor\u00e1n (MST).<\/p>\n\n\n\n<p><strong>Segundo Distrito<\/strong><\/p>\n\n\n\n<p>Diputados: Tupac Coletti Roumec (PTS) \u2013 Daniela Luna (MST)<br>Senadores: Mart\u00edn Rodr\u00edguez (PO) \u2013 Ver\u00f3nica Paiz (PTS)<\/p>\n\n\n\n<p><strong>Tercer Distrito<\/strong><\/p>\n\n\n\n<p>Diputados: Cecilia Soria (PTS) \u2013 Ramiro Gorigoitia (MST).<br>Senadores: Rafael Sosa (MST)- Marina Quiroga (PTS).<\/p>\n\n\n\n<p><strong>Cuarto Distrito<\/strong><\/p>\n\n\n\n<p>Diputados: Lihuen Albornoz Ant\u00fanez (PTS) \u2013 Edgard Sotorres (MST).<br>Senadores: Hern\u00e1n Pujol (PTS) \u2013 Mar\u00eda Justina Correa (MST).<\/p>\n\n\n\n<h4 class=\"wp-block-heading\" id=\"h-partido-de-los-jubilados\">Partido de los Jubilados<\/h4>\n\n\n\n<p>La fuerza que lidera&nbsp;<strong>Isabel Grosso<\/strong>&nbsp;decidi\u00f3 competir en solitario, con una campa\u00f1a centrada en el rechazo a las pol\u00edticas previsionales del Gobierno nacional.<\/p>\n\n\n\n<p>Los candidatos nacionales son&nbsp;<strong>Carlos Zalazar y Grosso<\/strong>. En el plano provincial, las listas incluyen a&nbsp;<strong>Daniel Sieli, Laura Carrasco Yunes y Bruno Oropel<\/strong>, entre otros.<\/p>\n\n\n\n<p><strong>Primer Distrito<\/strong><\/p>\n\n\n\n<p>Diputados: Carlos Zalazar \u2013 Elizabeth Rojas.<br>Senadores: Bruno Oropel \u2013 Romina Estefan\u00eda Venegas Tolosa.<\/p>\n\n\n\n<p><strong>Segundo Distrito<\/strong><\/p>\n\n\n\n<p>Diputados: Mar\u00eda Isabel Grosso \u2013 Salvador Buenasorte.<br>Senadores: Juan Pablo Baro \u2013 Lorena Pereyra.<\/p>\n\n\n\n<p><strong>Tercer Distrito<\/strong><\/p>\n\n\n\n<p>Diputados: Daniel \u00d3scar Sieli \u2013 M\u00f3nica Requelme.<br>Senadores: Carlos Samudio \u2013 Adriana Calder\u00f3n.<\/p>\n\n\n\n<p><strong>Cuarto Distrito<\/strong><\/p>\n\n\n\n<p>Diputados: Laura Carrasco Yunes \u2013 Daniel Alejandro Barcudi.<br>Senadores: Luis Ghisleni \u2013 Sof\u00eda Benegas.<\/p>\n\n\n\n<p><strong>Fuente: www.elsol.com.ar<\/strong><\/p>\n","protected":false},"excerpt":{"rendered":"<p>El cierre de listas complet\u00f3 un nuevo casillero en la carrera rumbo a las elecciones del pr\u00f3ximo&nbsp;26 de octubre. Las&nbsp;seis alianzas electorales&nbsp;y&nbsp;dos partidos en soledad&nbsp;(Protectora y el Partido de los Jubilados) le pusieron formalmente los nombres a aquellos postulantes que los mendocinos encontrar\u00e1n en la&nbsp;Boleta \u00danica. En Mendoza. sin elecciones para el Senado de la [&hellip;]<\/p>\n","protected":false},"author":2,"featured_media":14254,"comment_status":"open","ping_status":"open","sticky":false,"template":"","format":"standard","meta":[],"categories":[47],"tags":[],"_links":{"self":[{"href":"https:\/\/pasaenmendoza.com\/index.php?rest_route=\/wp\/v2\/posts\/14253"}],"collection":[{"href":"https:\/\/pasaenmendoza.com\/index.php?rest_route=\/wp\/v2\/posts"}],"about":[{"href":"https:\/\/pasaenmendoza.com\/index.php?rest_route=\/wp\/v2\/types\/post"}],"author":[{"embeddable":true,"href":"https:\/\/pasaenmendoza.com\/index.php?rest_route=\/wp\/v2\/users\/2"}],"replies":[{"embeddable":true,"href":"https:\/\/pasaenmendoza.com\/index.php?rest_route=%2Fwp%2Fv2%2Fcomments&post=14253"}],"version-history":[{"count":1,"href":"https:\/\/pasaenmendoza.com\/index.php?rest_route=\/wp\/v2\/posts\/14253\/revisions"}],"predecessor-version":[{"id":14255,"href":"https:\/\/pasaenmendoza.com\/index.php?rest_route=\/wp\/v2\/posts\/14253\/revisions\/14255"}],"wp:featuredmedia":[{"embeddable":true,"href":"https:\/\/pasaenmendoza.com\/index.php?rest_route=\/wp\/v2\/media\/14254"}],"wp:attachment":[{"href":"https:\/\/pasaenmendoza.com\/index.php?rest_route=%2Fwp%2Fv2%2Fmedia&parent=14253"}],"wp:term":[{"taxonomy":"category","embeddable":true,"href":"https:\/\/pasaenmendoza.com\/index.php?rest_route=%2Fwp%2Fv2%2Fcategories&post=14253"},{"taxonomy":"post_tag","embeddable":true,"href":"https:\/\/pasaenmendoza.com\/index.php?rest_route=%2Fwp%2Fv2%2Ftags&post=14253"}],"curies":[{"name":"wp","href":"https:\/\/api.w.org\/{rel}","templated":true}]}}