{"id":14262,"date":"2025-08-18T22:49:03","date_gmt":"2025-08-18T20:49:03","guid":{"rendered":"https:\/\/pasaenmendoza.com\/?p=14262"},"modified":"2025-08-18T22:56:30","modified_gmt":"2025-08-18T20:56:30","slug":"en-un-ano-se-duplico-el-flujo-de-importaciones-por-compras-en-paginas-desde-mendoza","status":"publish","type":"post","link":"https:\/\/pasaenmendoza.com\/?p=14262","title":{"rendered":"&#8220;En un a\u00f1o se duplic\u00f3 el flujo de importaciones por compras en p\u00e1ginas desde Mendoza&#8221;"},"content":{"rendered":"\n<p>Entre mensajer\u00eda,&nbsp;<strong>importaciones<\/strong>&nbsp;y&nbsp;<strong>exportaciones<\/strong>, el negocio de la log\u00edstica internacional est\u00e1 al rojo vivo. Y&nbsp;<strong>Mendoza<\/strong>, por su ubicaci\u00f3n estrat\u00e9gica en Am\u00e9rica del Sur, se ha convertido en un im\u00e1n para los principales operadores.<\/p>\n\n\n\n<p>Tal es el auge del comercio exterior desde y hacia la provincia, que la multinacional alemana&nbsp;<strong>DHL Express<\/strong>, luego de abrir su&nbsp;<strong>centro de distribuci\u00f3n<\/strong>&nbsp;regional en&nbsp;<strong>Godoy Cruz<\/strong>, acaba de abrir su&nbsp;<strong>segundo punto de venta&nbsp;<\/strong>directo, de 33 en el pa\u00eds. Y en sus planes asoma un tercer local para 2026.<\/p>\n\n\n\n<p>Del boom del comercio electr\u00f3nico a trav\u00e9s de los portales que hizo disparar las compras en el exterior, y de la b\u00fasqueda por balancear con las exportaciones que motiv\u00f3 una fuerte inversi\u00f3n en Mendoza,&nbsp;indic\u00f3 Leandro Florio, gerente comercial de DHL.<\/p>\n\n\n\n<p><em><strong>-\u00bfPor qu\u00e9 la apuesta a Mendoza y a cu\u00e1nto asciende la inversi\u00f3n en los nuevos locales?<\/strong><\/em><\/p>\n\n\n\n<p>-Mendoza es realmente muy importante, pero m\u00e1s all\u00e1 del centro de distribuci\u00f3n trabaj\u00e1bamos con agentes. Por eso apostamos a un primer punto de venta propio en Ciudad y ahora el segundo en Godoy Cruz, para atender el flujo de recepci\u00f3n de paquetes y tambi\u00e9n env\u00edos, tanto de documentaci\u00f3n como de emprendedores y pymes que exportan por primera vez. La inversi\u00f3n fue de casi 100 mil d\u00f3lares.<\/p>\n\n\n\n<p><em><strong>-Hoy por hoy \u00bfel foco est\u00e1 puesto en las importaciones o las exportaciones?<\/strong><\/em><\/p>\n\n\n\n<p>-La idea es popularizar el comercio exterior. Por eso tenemos un especialista para asesorar al peque\u00f1o emprendedor o pyme que va a exportar por primera vez, y que sepa que puede vender al exterior con la misma simplicidad que en el pa\u00eds. Y que le resulte tan c\u00f3modo hacer un env\u00edo de Mendoza a C\u00f3rdoba como de Mendoza a Nueva York.<\/p>\n\n\n\n<p>Pero es innegable el auge de las compras en el exterior. Por eso hicimos una inversi\u00f3n en el centro de distribuci\u00f3n y contamos con un ejecutivo de cuentas basado en eso.<\/p>\n\n\n\n<h2 class=\"wp-block-heading\">Importaciones: desde Amazon hasta repuestos<\/h2>\n\n\n\n<p>Los portales para compras de art\u00edculos en el exterior constituyen otro de los motores para DHL Express de la mano de clientes particulares. Pero para la compa\u00f1\u00eda que tiene una&nbsp;<strong>participaci\u00f3n de mercado del 50%<\/strong>&nbsp;dentro del segmento de env\u00edos de hasta 50 kilos en el pa\u00eds, tambi\u00e9n mantiene activo el canal corporativo gracias a la demanda de las empresas.<\/p>\n\n\n\n<p>&#8220;Obviamente Mendoza es vinos, pero tambi\u00e9n rescato la&nbsp;<strong>&#8216;marca pa\u00eds&#8217;<\/strong>, que representan esos&nbsp;<strong>productos que se hacen ac\u00e1<\/strong>&nbsp;y no encontr\u00e1s en EE.UU. o Alemania, y tienen&nbsp;<strong>valor agregado como artesan\u00edas<\/strong>. Algunos no sab\u00edan como entablar relaci\u00f3n con un importador en el destino y hoy son clientes corporativos nuestros&#8221;, rese\u00f1a Florio.<\/p>\n\n\n\n<p><em><strong>-En cuanto a importaciones, \u00bfpor d\u00f3nde pasa el grueso de la demanda?<\/strong><\/em><\/p>\n\n\n\n<p>-Hay una mayor\u00eda de productos tecnol\u00f3gicos v\u00eda Amazon, textil y tambi\u00e9n juguetes. Por otro lado, la importaci\u00f3n de repuestos est\u00e1 a la orden del d\u00eda, incluso usados que ac\u00e1 no se encuentran y nosotros podemos traerlos porque tenemos&nbsp;<strong>avi\u00f3n propio<\/strong>&nbsp;y estamos en&nbsp;<strong>220 pa\u00edses<\/strong>.<\/p>\n\n\n\n<p><em><strong>-Y tomando como punto de partida la inauguraci\u00f3n del primer local en 2024 hasta ahora \u00bfcu\u00e1nto crecieron las compras en el exterior desde Mendoza?<\/strong><\/em><\/p>\n\n\n\n<p>-Si bien la base era baja, tomando s\u00f3lo compras&nbsp;<strong>a trav\u00e9s de &#8220;marketplaces&#8221; desde el a\u00f1o pasado el flujo se duplic\u00f3<\/strong>. Recibimos mucho volumen de compras en p\u00e1ginas web y tuvimos que&nbsp;<strong>tomar m\u00e1s gente para atenderlo<\/strong>, porque empezaba a generar un cuello de botella.<\/p>\n\n\n\n<p>La buena noticia es haber podido generar trabajo y tener flujo de volumen al interior del pa\u00eds. Y esto tambi\u00e9n nos abri\u00f3 la visi\u00f3n de abrir el segundo punto de venta en la provincia.<\/p>\n\n\n\n<p><em><strong>-\u00bfY los montos promedio?<\/strong><\/em><\/p>\n\n\n\n<p>-Hay mucho puerta a puerta, con lo cual son productos que valen menos de 3 mil d\u00f3lares y muchos no tributan.&nbsp;<strong>La gran mayor\u00eda son menores a 400 d\u00f3lares<\/strong>, algunos pueden superarlo y por ende pagan impuestos, pero es la soluci\u00f3n de algunos problemas como pasar con ciertos repuestos que de cualquier parte del mundo a Mendoza llegan en dos o tres d\u00edas.<\/p>\n\n\n\n<h2 class=\"wp-block-heading\">Exportar por primera vez y el objetivo Chile<\/h2>\n\n\n\n<p>Como contrapartida, los emprendedores y pymes que van a dar su primer paso para salir al mundo tienen su propio canal de atenci\u00f3n.<\/p>\n\n\n\n<p>El gerente comercial de DHL Express destaca que la intenci\u00f3n de la compa\u00f1\u00eda es &#8220;<strong>balancear la impo con la expo,&nbsp;<\/strong>sobre todo de pymes, que son el motor econ\u00f3mico del pa\u00eds . En tal sentido, las artesan\u00edas de cuero son una particularidad&#8221;.<\/p>\n\n\n\n<p><strong>-Dentro de todo lo que mueve el comercio exterior \u00bfcu\u00e1nto representa Mendoza?<\/strong><\/p>\n\n\n\n<p>-Del total a nivel pa\u00eds, el interior es un 30%. Mendoza se lleva hasta 11% de ese porcentaje.<\/p>\n\n\n\n<p><strong>-En medio de este auge que gener\u00f3 la apertura de las importaciones \u00bfqu\u00e9 tan sostenible ven el panorama mirando lo que viene para la log\u00edstica nacional e internacional?<\/strong><\/p>\n\n\n\n<p>-Siempre soy positivo. Analizamos cada una de las resoluciones que van saliendo como el r\u00e9gimen de Tierra del Fuego para asesorar a los clientes. Podemos decirle &#8220;ten\u00e9 en cuenta esto, vas a poder vender m\u00e1s y bajar costos&#8221;, pero a veces pasa a al rev\u00e9s.<\/p>\n\n\n\n<p>Nos estamos abriendo al mundo, y no veo que eso impacte negativamente, porque al productor local le permitir\u00e1 ser m\u00e1s competitivo.<\/p>\n\n\n\n<p><em><strong>-A prop\u00f3sito, Chile sigue siendo un destino de compras para los mendocinos, y m\u00e1s con la apertura de importaciones de blanco \u00bfVen una oportunidad all\u00ed?<\/strong><\/em><\/p>\n\n\n\n<p>-Vemos una oportunidad. Y como cuando notamos el crecimiento de las compras en marketplace estamos tratando de entender&nbsp;el fen\u00f3meno de las importaciones desde Chile.&nbsp;Lo tenemos en la mira para invertir, sin dudas.<\/p>\n\n\n\n<p><em><strong>-\u00bfY cu\u00e1l podr\u00eda ser el servicio diferencial para los habitantes de Mendoza acostumbrados a cruzar a Chile para comprar y volver?<\/strong><\/em><\/p>\n\n\n\n<p>-Tenemos un servicio llamado RPA en puntos de venta, que permite&nbsp;<strong>encargar X producto de Chile sin moverte de Mendoza<\/strong>. Funciona muy bien en todo el pa\u00eds, y dentro del plan de expansi\u00f3n incluimos el marketing para comunicarlo. Para nosotros es un golazo, en algunos productos.<\/p>\n\n\n\n<p><strong>Fuente: www.diariouno.com.ar<\/strong><\/p>\n","protected":false},"excerpt":{"rendered":"<p>Entre mensajer\u00eda,&nbsp;importaciones&nbsp;y&nbsp;exportaciones, el negocio de la log\u00edstica internacional est\u00e1 al rojo vivo. Y&nbsp;Mendoza, por su ubicaci\u00f3n estrat\u00e9gica en Am\u00e9rica del Sur, se ha convertido en un im\u00e1n para los principales operadores. Tal es el auge del comercio exterior desde y hacia la provincia, que la multinacional alemana&nbsp;DHL Express, luego de abrir su&nbsp;centro de distribuci\u00f3n&nbsp;regional en&nbsp;Godoy [&hellip;]<\/p>\n","protected":false},"author":2,"featured_media":14263,"comment_status":"open","ping_status":"open","sticky":false,"template":"","format":"standard","meta":[],"categories":[112],"tags":[],"_links":{"self":[{"href":"https:\/\/pasaenmendoza.com\/index.php?rest_route=\/wp\/v2\/posts\/14262"}],"collection":[{"href":"https:\/\/pasaenmendoza.com\/index.php?rest_route=\/wp\/v2\/posts"}],"about":[{"href":"https:\/\/pasaenmendoza.com\/index.php?rest_route=\/wp\/v2\/types\/post"}],"author":[{"embeddable":true,"href":"https:\/\/pasaenmendoza.com\/index.php?rest_route=\/wp\/v2\/users\/2"}],"replies":[{"embeddable":true,"href":"https:\/\/pasaenmendoza.com\/index.php?rest_route=%2Fwp%2Fv2%2Fcomments&post=14262"}],"version-history":[{"count":2,"href":"https:\/\/pasaenmendoza.com\/index.php?rest_route=\/wp\/v2\/posts\/14262\/revisions"}],"predecessor-version":[{"id":14268,"href":"https:\/\/pasaenmendoza.com\/index.php?rest_route=\/wp\/v2\/posts\/14262\/revisions\/14268"}],"wp:featuredmedia":[{"embeddable":true,"href":"https:\/\/pasaenmendoza.com\/index.php?rest_route=\/wp\/v2\/media\/14263"}],"wp:attachment":[{"href":"https:\/\/pasaenmendoza.com\/index.php?rest_route=%2Fwp%2Fv2%2Fmedia&parent=14262"}],"wp:term":[{"taxonomy":"category","embeddable":true,"href":"https:\/\/pasaenmendoza.com\/index.php?rest_route=%2Fwp%2Fv2%2Fcategories&post=14262"},{"taxonomy":"post_tag","embeddable":true,"href":"https:\/\/pasaenmendoza.com\/index.php?rest_route=%2Fwp%2Fv2%2Ftags&post=14262"}],"curies":[{"name":"wp","href":"https:\/\/api.w.org\/{rel}","templated":true}]}}