{"id":14265,"date":"2025-08-18T22:55:08","date_gmt":"2025-08-18T20:55:08","guid":{"rendered":"https:\/\/pasaenmendoza.com\/?p=14265"},"modified":"2025-08-18T22:55:09","modified_gmt":"2025-08-18T20:55:09","slug":"alfredo-cornejo-propuso-a-la-titular-del-epre-para-cubrir-una-vacante-en-el-tribunal-de-cuentas","status":"publish","type":"post","link":"https:\/\/pasaenmendoza.com\/?p=14265","title":{"rendered":"Alfredo Cornejo propuso a la titular del EPRE para cubrir una vacante en el Tribunal de Cuentas"},"content":{"rendered":"\n<p>A poco m\u00e1s de dos semanas de la jubilaci\u00f3n del hist\u00f3rico dirigente peronista<strong>\u00a0Ricardo Pettignano,\u00a0<\/strong>el gobernador<strong>\u00a0Alfredo Cornejo\u00a0<\/strong>propuso este lunes a\u00a0<strong>Andrea Molina<\/strong>\u00a0para sumarla como vocal al\u00a0<strong>Tribunal de Cuentas.<\/strong><\/p>\n\n\n\n<p>Pettignano, quien fuera senador y diputado provincial, adem\u00e1s de concejal en Las Heras, era miembro del<strong>&nbsp;Tribunal de Cuentas<\/strong>&nbsp;desde 2015 cuando lo propuso el entonces gobernador&nbsp;<strong>Francisco Paco P\u00e9rez<\/strong>. El 1 de agosto dej\u00f3 el puesto para jubilarse.<\/p>\n\n\n\n<p>El pliego de Molina ya fue enviado por\u00a0<strong>Alfredo Cornejo<\/strong>\u00a0al Senado de la provincia para su tratamiento.<\/p>\n\n\n\n<h2 class=\"wp-block-heading\">De titular del EPRE al Tribunal de Cuentas<\/h2>\n\n\n\n<p><strong>Andrea Molina\u00a0<\/strong>es la titular del\u00a0Ente Provincial Regulador El\u00e9ctrico (EPRE). Es contadora p\u00fablica nacional y su carrera est\u00e1 enfocada en el an\u00e1lisis financiero y auditor\u00edas tanto en la gesti\u00f3n p\u00fablica como en el sector privado.<\/p>\n\n\n\n<p>&#8220;La propuesta del mandatario responde a la formaci\u00f3n acad\u00e9mica, la trayectoria t\u00e9cnica y la experiencia en el control de fondos p\u00fablicos y privados, y el conocimiento sobre el funcionamiento de los organismos de control, por parte de la postulante&#8221;, se indic\u00f3 desde el&nbsp;<strong>Gobierno<\/strong>.<\/p>\n\n\n\n<p><strong>Molina&nbsp;<\/strong>se form\u00f3 en la Universidad Nacional de Cuyo como contadora p\u00fablica nacional y perito partidora.<\/p>\n\n\n\n<p>Trabaj\u00f3 durante m\u00e1s de 15 a\u00f1os como contadora auditora en su estudio contable, dedic\u00e1ndose a empresas privadas e instituciones colegiadas, entre ellas el&nbsp;<strong>Colegio de Agrimensura y el Colegio Notarial de Mendoza.<\/strong><\/p>\n\n\n\n<p>Fue subsecretaria de Hacienda del Ministerio de Hacienda y Finanzas de la Provincia, adem\u00e1s de haber ocupado la Jefatura de Gabinete de la misma cartera. Represent\u00f3 a Mendoza como titular en el Consejo Federal de Responsabilidad Fiscal y, de manera alterna, en el Consejo Federal de Inversiones.<\/p>\n\n\n\n<p><strong>Andrea Molin<\/strong>a tambi\u00e9n fue jefa del \u00e1rea contable de la Direcci\u00f3n de Desarrollo Humano de Guaymall\u00e9n, donde tuvo a cargo la auditor\u00eda interna y la rendici\u00f3n de cuentas de fondos provinciales y municipales al Tribunal de Cuentas.<\/p>\n\n\n\n<p>Fue coordinadora de gesti\u00f3n de personal y subgerenta financiera de la Fundaci\u00f3n de la Universidad Nacional de Cuyo.<\/p>\n\n\n\n<p><strong>Fuente: www.diariouno.com.ar<\/strong><\/p>\n","protected":false},"excerpt":{"rendered":"<p>A poco m\u00e1s de dos semanas de la jubilaci\u00f3n del hist\u00f3rico dirigente peronista\u00a0Ricardo Pettignano,\u00a0el gobernador\u00a0Alfredo Cornejo\u00a0propuso este lunes a\u00a0Andrea Molina\u00a0para sumarla como vocal al\u00a0Tribunal de Cuentas. Pettignano, quien fuera senador y diputado provincial, adem\u00e1s de concejal en Las Heras, era miembro del&nbsp;Tribunal de Cuentas&nbsp;desde 2015 cuando lo propuso el entonces gobernador&nbsp;Francisco Paco P\u00e9rez. El 1 [&hellip;]<\/p>\n","protected":false},"author":2,"featured_media":14266,"comment_status":"open","ping_status":"open","sticky":false,"template":"","format":"standard","meta":[],"categories":[47],"tags":[],"_links":{"self":[{"href":"https:\/\/pasaenmendoza.com\/index.php?rest_route=\/wp\/v2\/posts\/14265"}],"collection":[{"href":"https:\/\/pasaenmendoza.com\/index.php?rest_route=\/wp\/v2\/posts"}],"about":[{"href":"https:\/\/pasaenmendoza.com\/index.php?rest_route=\/wp\/v2\/types\/post"}],"author":[{"embeddable":true,"href":"https:\/\/pasaenmendoza.com\/index.php?rest_route=\/wp\/v2\/users\/2"}],"replies":[{"embeddable":true,"href":"https:\/\/pasaenmendoza.com\/index.php?rest_route=%2Fwp%2Fv2%2Fcomments&post=14265"}],"version-history":[{"count":1,"href":"https:\/\/pasaenmendoza.com\/index.php?rest_route=\/wp\/v2\/posts\/14265\/revisions"}],"predecessor-version":[{"id":14267,"href":"https:\/\/pasaenmendoza.com\/index.php?rest_route=\/wp\/v2\/posts\/14265\/revisions\/14267"}],"wp:featuredmedia":[{"embeddable":true,"href":"https:\/\/pasaenmendoza.com\/index.php?rest_route=\/wp\/v2\/media\/14266"}],"wp:attachment":[{"href":"https:\/\/pasaenmendoza.com\/index.php?rest_route=%2Fwp%2Fv2%2Fmedia&parent=14265"}],"wp:term":[{"taxonomy":"category","embeddable":true,"href":"https:\/\/pasaenmendoza.com\/index.php?rest_route=%2Fwp%2Fv2%2Fcategories&post=14265"},{"taxonomy":"post_tag","embeddable":true,"href":"https:\/\/pasaenmendoza.com\/index.php?rest_route=%2Fwp%2Fv2%2Ftags&post=14265"}],"curies":[{"name":"wp","href":"https:\/\/api.w.org\/{rel}","templated":true}]}}