{"id":14269,"date":"2025-08-18T23:02:39","date_gmt":"2025-08-18T21:02:39","guid":{"rendered":"https:\/\/pasaenmendoza.com\/?p=14269"},"modified":"2025-08-18T23:02:40","modified_gmt":"2025-08-18T21:02:40","slug":"temblo-otra-vez-en-una-zona-rural-de-lavalle-y-repercutio-en-todo-el-gran-mendoza","status":"publish","type":"post","link":"https:\/\/pasaenmendoza.com\/?p=14269","title":{"rendered":"Tembl\u00f3 otra vez en una zona rural de Lavalle y repercuti\u00f3 en todo el Gran Mendoza"},"content":{"rendered":"\n<p>El\u00a0<strong>Instituto Nacional de Prevenci\u00f3n S\u00edsmica (INPRES)\u00a0<\/strong>inform\u00f3 que un nuevo movimiento tel\u00farico se produjo este lunes en\u00a0<strong>Lavalle<\/strong>\u00a0y se sinti\u00f3 con cierta intensidad en varias zonas de\u00a0<strong>Mendoza<\/strong>, sobre todo en la regi\u00f3n norte, metropolitana y parte del este provincial.<\/p>\n\n\n\n<p>El\u00a0<strong>sismo\u00a0<\/strong>se registr\u00f3 a las\u00a0<strong>7.11\u00a0<\/strong>y fue de<strong>\u00a03 grados<\/strong>. El epicentro fue en\u00a0<strong>Lavalle, cerca de Costa de Araujo y casi en el l\u00edmite con San Luis<\/strong>. El temblor se origin\u00f3 a una profundidad de\u00a0<strong>163 kil\u00f3metros<\/strong>, raz\u00f3n por la cual se alcanz\u00f3 a percibir en varios sectores del Gran Mendoza.\u00a0<\/p>\n\n\n\n<p>Este sismo en el norte de la provincia se suma a otros que se registraron en Mendoza en los \u00faltimos d\u00edas, y ocasionaron cierta alarma en la poblaci\u00f3n.<\/p>\n\n\n\n<h3 class=\"wp-block-heading\"><strong>Respuesta y vigilancia s\u00edsmica<\/strong><\/h3>\n\n\n\n<p>Las autoridades locales y el<strong>&nbsp;INPRES<\/strong>&nbsp;han estado vigilantes ante la actividad s\u00edsmica en la regi\u00f3n. A pesar de que este sismo en particular no gener\u00f3 da\u00f1os significativos debido a su baja magnitud, su ubicaci\u00f3n cercana a centros poblados y la frecuencia de los eventos s\u00edsmicos en la regi\u00f3n sur de Argentina han llevado a un seguimiento constante por parte de las autoridades.<\/p>\n\n\n\n<p>Es importante destacar que Argentina se encuentra en una regi\u00f3n s\u00edsmicamente activa debido a la convergencia de placas tect\u00f3nicas, lo que hace que los sismos sean una realidad recurrente. Las instituciones como el<strong>\u00a0INPRES<\/strong>\u00a0desempe\u00f1an un papel fundamental en la monitorizaci\u00f3n y el an\u00e1lisis de estos eventos para garantizar la seguridad de la poblaci\u00f3n y la infraestructura.<\/p>\n\n\n\n<p><strong>Fuente: www.diariomendoza.com.ar<\/strong><\/p>\n","protected":false},"excerpt":{"rendered":"<p>El\u00a0Instituto Nacional de Prevenci\u00f3n S\u00edsmica (INPRES)\u00a0inform\u00f3 que un nuevo movimiento tel\u00farico se produjo este lunes en\u00a0Lavalle\u00a0y se sinti\u00f3 con cierta intensidad en varias zonas de\u00a0Mendoza, sobre todo en la regi\u00f3n norte, metropolitana y parte del este provincial. El\u00a0sismo\u00a0se registr\u00f3 a las\u00a07.11\u00a0y fue de\u00a03 grados. El epicentro fue en\u00a0Lavalle, cerca de Costa de Araujo y casi [&hellip;]<\/p>\n","protected":false},"author":2,"featured_media":14270,"comment_status":"open","ping_status":"open","sticky":false,"template":"","format":"standard","meta":[],"categories":[63],"tags":[],"_links":{"self":[{"href":"https:\/\/pasaenmendoza.com\/index.php?rest_route=\/wp\/v2\/posts\/14269"}],"collection":[{"href":"https:\/\/pasaenmendoza.com\/index.php?rest_route=\/wp\/v2\/posts"}],"about":[{"href":"https:\/\/pasaenmendoza.com\/index.php?rest_route=\/wp\/v2\/types\/post"}],"author":[{"embeddable":true,"href":"https:\/\/pasaenmendoza.com\/index.php?rest_route=\/wp\/v2\/users\/2"}],"replies":[{"embeddable":true,"href":"https:\/\/pasaenmendoza.com\/index.php?rest_route=%2Fwp%2Fv2%2Fcomments&post=14269"}],"version-history":[{"count":1,"href":"https:\/\/pasaenmendoza.com\/index.php?rest_route=\/wp\/v2\/posts\/14269\/revisions"}],"predecessor-version":[{"id":14271,"href":"https:\/\/pasaenmendoza.com\/index.php?rest_route=\/wp\/v2\/posts\/14269\/revisions\/14271"}],"wp:featuredmedia":[{"embeddable":true,"href":"https:\/\/pasaenmendoza.com\/index.php?rest_route=\/wp\/v2\/media\/14270"}],"wp:attachment":[{"href":"https:\/\/pasaenmendoza.com\/index.php?rest_route=%2Fwp%2Fv2%2Fmedia&parent=14269"}],"wp:term":[{"taxonomy":"category","embeddable":true,"href":"https:\/\/pasaenmendoza.com\/index.php?rest_route=%2Fwp%2Fv2%2Fcategories&post=14269"},{"taxonomy":"post_tag","embeddable":true,"href":"https:\/\/pasaenmendoza.com\/index.php?rest_route=%2Fwp%2Fv2%2Ftags&post=14269"}],"curies":[{"name":"wp","href":"https:\/\/api.w.org\/{rel}","templated":true}]}}