{"id":14275,"date":"2025-08-19T16:32:57","date_gmt":"2025-08-19T14:32:57","guid":{"rendered":"https:\/\/pasaenmendoza.com\/?p=14275"},"modified":"2025-08-19T16:32:58","modified_gmt":"2025-08-19T14:32:58","slug":"el-tiempo-en-mendoza-para-este-martes-comienza-el-efecto-zonda-y-empeora-en-alta-montana","status":"publish","type":"post","link":"https:\/\/pasaenmendoza.com\/?p=14275","title":{"rendered":"El tiempo en Mendoza para este martes: comienza el efecto zonda y empeora en alta monta\u00f1a"},"content":{"rendered":"\n<p>La temperatura m\u00e1xima para este domingo ser\u00e1 de unos 20 grados cent\u00edgrados, mientras que la m\u00ednima descender\u00e1 hacia los 6 grados cent\u00edgrados.<\/p>\n\n\n\n<p>La jornada estar\u00e1 con \u201cnubosidad en disminuci\u00f3n con ascenso de la temperatura, vientos moderados del sector sur\u201d.<\/p>\n\n\n\n<p>El tiempo en alta monta\u00f1a: \u201cInestable en cordillera\u201d. Amanece nublado y a partir del mediod\u00eda hay una mejora, pero ya desde las 15 comienza el mal tiempo con precipitaciones moderadas que se iniciar\u00e1n en la zona central y sur, para extenderse luego hacia el norte.<\/p>\n\n\n\n<p>Tambi\u00e9n comenzar\u00e1 a sentirse la influencia del viento Zonda: se espera que entre las 14 y las 18 haya r\u00e1fagas leves en la cordillera sur y el sur de Malarg\u00fce.<\/p>\n\n\n\n<p>Pero por otro lado, hay probabilidad de viento de sur a norte entre las 11 y hasta las 22 que afectar\u00e1 al Sur, Valle de Uco y zona noreste con velocidades promedio de 25 kil\u00f3metros por hora.<\/p>\n\n\n\n<p><strong>Fuente: www.elsol.com.ar<\/strong><\/p>\n","protected":false},"excerpt":{"rendered":"<p>La temperatura m\u00e1xima para este domingo ser\u00e1 de unos 20 grados cent\u00edgrados, mientras que la m\u00ednima descender\u00e1 hacia los 6 grados cent\u00edgrados. La jornada estar\u00e1 con \u201cnubosidad en disminuci\u00f3n con ascenso de la temperatura, vientos moderados del sector sur\u201d. El tiempo en alta monta\u00f1a: \u201cInestable en cordillera\u201d. Amanece nublado y a partir del mediod\u00eda hay [&hellip;]<\/p>\n","protected":false},"author":2,"featured_media":14276,"comment_status":"open","ping_status":"open","sticky":false,"template":"","format":"standard","meta":[],"categories":[52],"tags":[],"_links":{"self":[{"href":"https:\/\/pasaenmendoza.com\/index.php?rest_route=\/wp\/v2\/posts\/14275"}],"collection":[{"href":"https:\/\/pasaenmendoza.com\/index.php?rest_route=\/wp\/v2\/posts"}],"about":[{"href":"https:\/\/pasaenmendoza.com\/index.php?rest_route=\/wp\/v2\/types\/post"}],"author":[{"embeddable":true,"href":"https:\/\/pasaenmendoza.com\/index.php?rest_route=\/wp\/v2\/users\/2"}],"replies":[{"embeddable":true,"href":"https:\/\/pasaenmendoza.com\/index.php?rest_route=%2Fwp%2Fv2%2Fcomments&post=14275"}],"version-history":[{"count":1,"href":"https:\/\/pasaenmendoza.com\/index.php?rest_route=\/wp\/v2\/posts\/14275\/revisions"}],"predecessor-version":[{"id":14277,"href":"https:\/\/pasaenmendoza.com\/index.php?rest_route=\/wp\/v2\/posts\/14275\/revisions\/14277"}],"wp:featuredmedia":[{"embeddable":true,"href":"https:\/\/pasaenmendoza.com\/index.php?rest_route=\/wp\/v2\/media\/14276"}],"wp:attachment":[{"href":"https:\/\/pasaenmendoza.com\/index.php?rest_route=%2Fwp%2Fv2%2Fmedia&parent=14275"}],"wp:term":[{"taxonomy":"category","embeddable":true,"href":"https:\/\/pasaenmendoza.com\/index.php?rest_route=%2Fwp%2Fv2%2Fcategories&post=14275"},{"taxonomy":"post_tag","embeddable":true,"href":"https:\/\/pasaenmendoza.com\/index.php?rest_route=%2Fwp%2Fv2%2Ftags&post=14275"}],"curies":[{"name":"wp","href":"https:\/\/api.w.org\/{rel}","templated":true}]}}