{"id":1428,"date":"2023-09-13T15:18:42","date_gmt":"2023-09-13T13:18:42","guid":{"rendered":"https:\/\/pasaenmendoza.com\/?p=1428"},"modified":"2023-09-13T15:18:43","modified_gmt":"2023-09-13T13:18:43","slug":"cuatro-horas-de-negociacion-y-la-intervencion-de-fuerzas-especiales-por-un-hombre-atrincherado","status":"publish","type":"post","link":"https:\/\/pasaenmendoza.com\/?p=1428","title":{"rendered":"Cuatro horas de negociaci\u00f3n y la intervenci\u00f3n de Fuerzas Especiales por un hombre atrincherado"},"content":{"rendered":"\n<p>Un hombre de 38 a\u00f1os se atrincher\u00f3 este martes durante cuatro horas en un hogar del barrio Mathieu de<strong>\u00a0Las Heras<\/strong>, producto de una situaci\u00f3n de violencia de g\u00e9nero y las fuerzas especiales lograron intervenir con \u00e9xito.<\/p>\n\n\n\n<p>En detalle, cerca de las 19 los efectivos de la Unidad Especial de Patrullaje (UEP) Las Heras arribaron a\u00a0<strong>San Mart\u00edn y Paraguay<\/strong>\u00a0porque este hombre habr\u00eda agredido a su pareja, que se encontraba en el lugar con \u00e9l.\u00a0<\/p>\n\n\n\n<p>Seg\u00fan informaron, los efectivos que intervinieron se encontraron al hombre con una actitud confrontativa, incluso,\u00a0<mark>tom\u00f3 un cuchillo y amenaz\u00f3 con autolesionarse si los polic\u00edas no se retiraban.<\/mark><\/p>\n\n\n\n<p>A esta altura, la v\u00edctima ya hab\u00eda logrado salir de la vivienda y estaba a resguardo de su pareja.<\/p>\n\n\n\n<p>Frente a las amenazas del sujeto, se convoc\u00f3 la presencia de las unidades integrantes de la Fuerza de Operaciones Especiales: el\u00a0<strong>Grupo Especial de Seguridad<\/strong>\u00a0(GES) y el\u00a0<strong>Grupo de Resoluci\u00f3n de Incidentes y Secuestros<\/strong>\u00a0(GRIS).<\/p>\n\n\n\n<p>Luego de cuatro arduas horas de negociaci\u00f3n y una intervenci\u00f3n efectiva frente a una actitud inquebrantable del hombre, los efectivos lograron que pasadas las 23<mark>\u00a0accediera voluntariamente a ser asistido por el Servicio de Emergencia Coordinado<\/mark>, quienes lo trasladaron al Hospital Pereyra para que sea atendido por profesionales de la salud mental.\u00a0<\/p>\n\n\n\n<p>En el caso intervino Andrea Lazo, fiscal de la Unidad Fiscal Especial de Homicidios y Violencia Institucional.<\/p>\n\n\n\n<p><strong>Fuente: www.elsol.com.ar<\/strong><\/p>\n","protected":false},"excerpt":{"rendered":"<p>Un hombre de 38 a\u00f1os se atrincher\u00f3 este martes durante cuatro horas en un hogar del barrio Mathieu de\u00a0Las Heras, producto de una situaci\u00f3n de violencia de g\u00e9nero y las fuerzas especiales lograron intervenir con \u00e9xito. En detalle, cerca de las 19 los efectivos de la Unidad Especial de Patrullaje (UEP) Las Heras arribaron a\u00a0San [&hellip;]<\/p>\n","protected":false},"author":2,"featured_media":1429,"comment_status":"open","ping_status":"open","sticky":false,"template":"","format":"standard","meta":[],"categories":[48],"tags":[],"_links":{"self":[{"href":"https:\/\/pasaenmendoza.com\/index.php?rest_route=\/wp\/v2\/posts\/1428"}],"collection":[{"href":"https:\/\/pasaenmendoza.com\/index.php?rest_route=\/wp\/v2\/posts"}],"about":[{"href":"https:\/\/pasaenmendoza.com\/index.php?rest_route=\/wp\/v2\/types\/post"}],"author":[{"embeddable":true,"href":"https:\/\/pasaenmendoza.com\/index.php?rest_route=\/wp\/v2\/users\/2"}],"replies":[{"embeddable":true,"href":"https:\/\/pasaenmendoza.com\/index.php?rest_route=%2Fwp%2Fv2%2Fcomments&post=1428"}],"version-history":[{"count":1,"href":"https:\/\/pasaenmendoza.com\/index.php?rest_route=\/wp\/v2\/posts\/1428\/revisions"}],"predecessor-version":[{"id":1430,"href":"https:\/\/pasaenmendoza.com\/index.php?rest_route=\/wp\/v2\/posts\/1428\/revisions\/1430"}],"wp:featuredmedia":[{"embeddable":true,"href":"https:\/\/pasaenmendoza.com\/index.php?rest_route=\/wp\/v2\/media\/1429"}],"wp:attachment":[{"href":"https:\/\/pasaenmendoza.com\/index.php?rest_route=%2Fwp%2Fv2%2Fmedia&parent=1428"}],"wp:term":[{"taxonomy":"category","embeddable":true,"href":"https:\/\/pasaenmendoza.com\/index.php?rest_route=%2Fwp%2Fv2%2Fcategories&post=1428"},{"taxonomy":"post_tag","embeddable":true,"href":"https:\/\/pasaenmendoza.com\/index.php?rest_route=%2Fwp%2Fv2%2Ftags&post=1428"}],"curies":[{"name":"wp","href":"https:\/\/api.w.org\/{rel}","templated":true}]}}