{"id":14281,"date":"2025-08-19T16:47:09","date_gmt":"2025-08-19T14:47:09","guid":{"rendered":"https:\/\/pasaenmendoza.com\/?p=14281"},"modified":"2025-08-20T00:56:49","modified_gmt":"2025-08-19T22:56:49","slug":"el-estudiante-que-googleo-aorta-arteria-minutos-antes-de-asesinar-a-su-mejor-amiga-en-mendoza","status":"publish","type":"post","link":"https:\/\/pasaenmendoza.com\/?p=14281","title":{"rendered":"El estudiante que google\u00f3 \u201caorta, arteria\u201d minutos antes de asesinar a su mejor amiga en Mendoza"},"content":{"rendered":"\n<p>El 8 de diciembre de 2023,&nbsp;<strong>Mal\u00e9n Ledesma se tom\u00f3 su \u00faltima selfie a las 19.36 en el asiento del acompa\u00f1ante de una Toyota Hilux blanca<\/strong>. Sonre\u00eda con sus anteojos de marco oscuro y su remera azul, sin saber que once minutos despu\u00e9s,&nbsp;<strong>Iv\u00e1n Gabriel Ju\u00e1rez Cruz<\/strong>&nbsp;buscar\u00eda en Google las palabras&nbsp;<em>\u201caorta, arteria\u201d<\/em>&nbsp;para encontrar el punto exacto donde clavarle un cuchillo.<\/p>\n\n\n\n<p>La historia que emerge de la instrucci\u00f3n judicial revela no solo un femicidio brutal, sino la premeditaci\u00f3n fr\u00eda de un joven que transform\u00f3 un d\u00eda de termas en una pesadilla que termin\u00f3 en la ruta 82, kil\u00f3metro 31, donde&nbsp;<strong>Mal\u00e9n muri\u00f3 desangrada tras ser apu\u00f1alada cuatro veces en el cuello<\/strong>. Hace pocos d\u00edas, la Justicia orden\u00f3 que el sospechoso que tiene la causa vaya a debate arriesgando la pena de prisi\u00f3n perpetua, tal como public\u00f3&nbsp;<em>El Sol<\/em>.<\/p>\n\n\n\n<p><strong>Su defensa intent\u00f3 hacer caer la teor\u00eda de la fiscal de Homicidios Andrea Cecilia Lazo<\/strong>, pero no lo consigui\u00f3 y deber\u00e1 sentarse en el banquillo de los acusados de un juicio por jurado. La investigaci\u00f3n para complicar a Ju\u00e1rez fue contundente. La incorporaci\u00f3n de pruebas cient\u00edficas m\u00e1s testimoniales lo dejaron en un rinc\u00f3n sin salida.<\/p>\n\n\n\n<p>De acuerdo con la informaci\u00f3n a la que accedi\u00f3 este diario, los investigadores encontraron en el tel\u00e9fono de Ju\u00e1rez la evidencia m\u00e1s escalofriante del caso: su historial de b\u00fasquedas del d\u00eda del crimen.<\/p>\n\n\n\n<p>A las 14.32 hab\u00eda buscado en su tel\u00e9fono celular&nbsp;<em>\u201ctermas de cacheuta hotel\u201d,&nbsp;<\/em>aparentemente planificando el d\u00eda que iba a pasar con su amiga, oriunda del sur del pa\u00eds y estudiante de la UNCuyo. Pero a las 19.47, apenas tres minutos antes del ataque,&nbsp;<strong>escribi\u00f3 en el buscador las palabras que revelar\u00edan su verdadera intenci\u00f3n<\/strong>.<\/p>\n\n\n\n<p><strong>\u201cAorta y arteria\u201d,<\/strong>&nbsp;tecle\u00f3 mientras Mal\u00e9n, sin sospechar nada, segu\u00eda tomando fotograf\u00edas del paisaje monta\u00f1oso mendocino. La b\u00fasqueda lo llev\u00f3 a un enlace de Google que mostraba con precisi\u00f3n la ubicaci\u00f3n de la arteria principal en el cuello humano. Dos minutos despu\u00e9s, volvi\u00f3 a buscar&nbsp;<em>\u201ctermas de cacheuta hotel\u201d,&nbsp;<\/em>como si quisiera borrar el rastro de lo que estaba por hacer.<\/p>\n\n\n\n<p>El an\u00e1lisis forense confirm\u00f3 que las heridas que causaron la muerte de la joven universitaria fueron dirigidas con precisi\u00f3n quir\u00fargica hacia las arterias que hab\u00eda estudiado minutos antes.&nbsp;<strong>No fue un crimen descontrolado<\/strong>: fue una ejecuci\u00f3n planificada porque el sospechoso, entendieron los pesquisas, no soportaba que la joven estuviese de vinculada sentimentalmente con otro joven.<\/p>\n\n\n\n<h2 class=\"wp-block-heading\" id=\"h-la-amistad-que-se-volvio-obsesion\">La amistad que se volvi\u00f3 obsesi\u00f3n<\/h2>\n\n\n\n<p>Mal\u00e9n e Iv\u00e1n se conocieron en 2019 en una residencia estudiantil de UNCuyo. Ella estudiaba Filolog\u00eda Inglesa, \u00e9l Traductorado de Ingl\u00e9s. Lo que comenz\u00f3 como una amistad universitaria se convirti\u00f3, seg\u00fan testimonios de familiares que declararon en la instrucci\u00f3n de Lazo, en algo unilateral y t\u00f3xico.<\/p>\n\n\n\n<p>La madre de Mal\u00e9n declar\u00f3 que siempre hab\u00eda percibido que Iv\u00e1n&nbsp;<em>\u201cesperaba m\u00e1s de la relaci\u00f3n de amistad que ten\u00edan\u201d.&nbsp;<\/em>Su intuici\u00f3n maternal result\u00f3 ser prof\u00e9tica. Durante cuatro a\u00f1os, Ju\u00e1rez form\u00f3 parte del c\u00edrculo \u00edntimo de la joven, visitaba su casa, conoc\u00eda a sus padres e incluso era aceptado por la familia como el&nbsp;<em>\u201cmejor amigo\u201d<\/em>.<\/p>\n\n\n\n<p>El quiebre lleg\u00f3 cuando&nbsp;<strong>Mal\u00e9n comenz\u00f3 una relaci\u00f3n amorosa con un joven a mediados de 2023<\/strong>. Los padres de la chica recordaron en el expediente que cuando su hija le cont\u00f3 a Iv\u00e1n sobre su nueva relaci\u00f3n, \u00e9l&nbsp;<em>\u201cinmediatamente la bloque\u00f3 de las redes sociales y cort\u00f3 comunicaci\u00f3n con ella\u201d.&nbsp;<\/em>Mal\u00e9n no entend\u00eda qu\u00e9 hab\u00eda pasado con su amigo.<\/p>\n\n\n\n<p>El pap\u00e1 de Mal\u00e9n fue m\u00e1s directo en su testimonio: cre\u00eda que el conflicto habr\u00eda empezado por los celos que le produc\u00eda a Iv\u00e1n que ella estuviera con el otro muchacho. La joven hab\u00eda proyectado irse a Espa\u00f1a con su novio cuando terminara la carrera, un plan que Ju\u00e1rez nunca lleg\u00f3 a aceptar.<\/p>\n\n\n\n<p>El di\u00e1logo entre Mal\u00e9n e Iv\u00e1n se hab\u00eda reanudado apenas un mes antes del femicidio, despu\u00e9s de meses de silencio.&nbsp;<strong>Las conversaciones de WhatsApp analizadas por los peritos demostraron que retomaron el contacto el 4 de diciembre de 2023<\/strong>, solo cuatro d\u00edas antes del crimen.<\/p>\n\n\n\n<p>El 8 de diciembre, la v\u00edctima envi\u00f3 un mensaje a su padre a las 12.30:&nbsp;<em>\u201cNo nos prende el fuego\u201d,&nbsp;<\/em>refiri\u00e9ndose a las dificultades para encender una fogata en las termas. A las 19.20, le respondi\u00f3 a una broma de su pap\u00e1:&nbsp;<em>\u201cNos habr\u00eda ahorrado un mont\u00f3n de tiempo\u201d<\/em>. Fue su \u00faltimo mensaje o contacto virtual con que tuvo con ella.<\/p>\n\n\n\n<p>En esos mismos minutos, Ju\u00e1rez estaba llevando a cabo su b\u00fasqueda mortal en internet. Los registros muestran que a las 19.20 busc\u00f3 nuevamente&nbsp;<em>\u201ctermas de cacheuta hotel\u201d,&nbsp;<\/em>posiblemente para ubicarse mejor en el lugar elegido para el crimen.<\/p>\n\n\n\n<p>Una mujer y su pareja fueron los primeros en ver la escena. Circulaban por la ruta 82 con sus tres hijos menores cuando observaron una camioneta Hilux blanca estacionada en la banquina. Uno de ellos dijo que&nbsp;<strong>hab\u00eda un hombre y una mujer parados al costado de la camioneta del lado del acompa\u00f1ante<\/strong>. Agregaron que el sujeto le pegaba a la chica que estaba apoyada en el rodado y hab\u00eda sangre en el piso.<\/p>\n\n\n\n<p>Esos testimonios revelaron la frialdad del femicida: inmediatamente, al ver a la pareja, solt\u00f3 a la chica que cay\u00f3 al suelo llena de sangre. Luego subi\u00f3 a la camioneta, la puso en marcha y&nbsp;<em>\u201cpis\u00f3 la espalda de la chica\u201d&nbsp;<\/em>con la rueda trasera del lado del acompa\u00f1ante, y pas\u00f3 por al lado de ella a toda velocidad.<\/p>\n\n\n\n<p>Uno de esos testigos, quien ten\u00eda formaci\u00f3n en Polic\u00eda Cient\u00edfica, intent\u00f3 salvar a Mal\u00e9n. Al acercarse, la dio vuelta y vio que ten\u00eda pu\u00f1aladas en el cuello, le sal\u00eda mucha sangre de la aorta, trat\u00f3 de contenerla, pero r\u00e1pidamente se desvaneci\u00f3 y falleci\u00f3.<\/p>\n\n\n\n<h2 class=\"wp-block-heading\" id=\"h-la-confesion-espontanea\">La confesi\u00f3n espont\u00e1nea<\/h2>\n\n\n\n<p>Lo cierto es que, despu\u00e9s del hecho, la alerta ingres\u00f3 al 911. Y en ese momento comenz\u00f3 otra historia, la de la captura, debido a que&nbsp;<strong>Ju\u00e1rez se fug\u00f3 de la escena<\/strong>. La persecuci\u00f3n policial termin\u00f3 en las calles de Chacras de Coria.<\/p>\n\n\n\n<p>Cuando los efectivos interceptaron la Hilux blanca en la esquina de Viamonte y Pueyrred\u00f3n, Ju\u00e1rez baj\u00f3 del veh\u00edculo con las manos ensangrentadas y pronunci\u00f3 las palabras ante los polic\u00edas que terminaron de cerrar las sospechosas:&nbsp;<em>\u201cDecime que no la mat\u00e9, dej\u00e9 el cuchillo en el interior de la camioneta\u201d.<\/em><\/p>\n\n\n\n<p>Los efectivos hallaron exactamente lo que hab\u00eda confesado:&nbsp;<strong>un cuchillo con mango rojizo manchado de sangre en el interior del veh\u00edculo<\/strong>, junto con la remera ensangrentada que vest\u00eda durante el ataque, la billetera de Mal\u00e9n y sus pertenencias personales.<\/p>\n\n\n\n<h2 class=\"wp-block-heading\" id=\"h-las-heridas-de-la-lucha\">Las heridas de la lucha<\/h2>\n\n\n\n<p>El examen forense revel\u00f3 que Mal\u00e9n luch\u00f3 desesperadamente por su vida. Su cuerpo presentaba m\u00faltiples heridas defensivas en las manos, excoriaciones en todo el cuerpo y&nbsp;<strong>cuatro lesiones punzocortantes mortales en el cuello, algunas de hasta 6 cent\u00edmetros de profundidad.<\/strong><\/p>\n\n\n\n<p>Ju\u00e1rez tambi\u00e9n llevaba marcas: 15 lesiones diferentes catalogadas por el Cuerpo M\u00e9dico Forense, desde excoriaciones en el rostro y torso hasta heridas cortantes en los antebrazos.&nbsp;<strong>Pero la prueba m\u00e1s contundente estaba bajo sus u\u00f1as<\/strong>: el laboratorio de Gen\u00e9tica Forense confirm\u00f3 que pose\u00eda material gen\u00e9tico de Mal\u00e9n, una evidencia irrefutable durante la instrucci\u00f3n, debido a que gracias a este combo fue&nbsp;<strong>imputado, le dictaron la prisi\u00f3n preventiva y el expediente fue a juicio.<\/strong><\/p>\n\n\n\n<p>Las manchas de sangre encontradas en la camioneta tambi\u00e9n contaron su propia historia. Los peritos de&nbsp;<strong>Polic\u00eda Cient\u00edfica determinaron que Mal\u00e9n hab\u00eda estado inicialmente en el interior del veh\u00edculo<\/strong>, donde se produjeron las primeras agresiones, para luego<em>&nbsp;\u201cdesplazarse hacia afuera originando las manchas de sangre en el exterior de la camioneta, donde estuvo en contacto hasta que desliz\u00f3, es decir fue cayendo hacia el piso\u201d<\/em>, se desprende de la causa que lider\u00f3 Lazo, coincidiendo con lo que aportaron los testigos.<\/p>\n\n\n\n<h2 class=\"wp-block-heading\" id=\"h-el-perfil-del-femicida\">El perfil del femicida<\/h2>\n\n\n\n<p>La pericia psiqui\u00e1trica realizada a Ju\u00e1rez por el Cuerpo M\u00e9dico Forense destruy\u00f3 la teor\u00eda de la defensa sobre una supuesta amnesia, debido a que asegur\u00f3&nbsp;<em>\u201cno recordar\u201d&nbsp;<\/em>haber matado a su amiga. Los profesionales determinaron que el imputado&nbsp;<em>\u201cmanipulaba y distorsionaba la informaci\u00f3n de acuerdo a sus intereses, intentando en todo momento brindar una imagen socialmente aceptable, ingenua y comprometida de s\u00ed mismo\u201d.<\/em><\/p>\n\n\n\n<p>Por su parte, para contextualizar el crimen dentro del marco de la violencia de g\u00e9nero, teor\u00eda que intent\u00f3 hacer caer la defensa para evitar llegar a juicio con una calificaci\u00f3n que prev\u00e9 prisi\u00f3n perpetua,&nbsp;<strong>la fiscal\u00eda convoc\u00f3 a Diana Maffia, doctora en Filosof\u00eda y experta en epistemolog\u00eda feminista<\/strong>. Su testimonio fue fundamental para entender las din\u00e1micas de poder que llevaron al femicidio.<\/p>\n\n\n\n<p>Maffia explic\u00f3 que la violencia de g\u00e9nero<em>&nbsp;\u201cno se limita a un v\u00ednculo interpersonal o de pareja, sino que se enmarca en un contexto estructural de vulnerabilidad para las mujeres\u201d.<\/em>&nbsp;En el caso de Mal\u00e9n, la experta identific\u00f3 patrones t\u00edpicos del&nbsp;<em>\u201cfemicida beta\u201d:&nbsp;<\/em>hombres<em>&nbsp;\u201cm\u00e1s inseguros, que necesitan reafirmarse teniendo poder sobre la mujer, que necesitan generar un v\u00ednculo de dependencia para sentirse m\u00e1s seguros\u201d.<\/em><\/p>\n\n\n\n<p><strong>Fuente: www.elsol.com.ar<\/strong><\/p>\n","protected":false},"excerpt":{"rendered":"<p>El 8 de diciembre de 2023,&nbsp;Mal\u00e9n Ledesma se tom\u00f3 su \u00faltima selfie a las 19.36 en el asiento del acompa\u00f1ante de una Toyota Hilux blanca. Sonre\u00eda con sus anteojos de marco oscuro y su remera azul, sin saber que once minutos despu\u00e9s,&nbsp;Iv\u00e1n Gabriel Ju\u00e1rez Cruz&nbsp;buscar\u00eda en Google las palabras&nbsp;\u201caorta, arteria\u201d&nbsp;para encontrar el punto exacto donde [&hellip;]<\/p>\n","protected":false},"author":2,"featured_media":14282,"comment_status":"open","ping_status":"open","sticky":false,"template":"","format":"standard","meta":[],"categories":[48],"tags":[],"_links":{"self":[{"href":"https:\/\/pasaenmendoza.com\/index.php?rest_route=\/wp\/v2\/posts\/14281"}],"collection":[{"href":"https:\/\/pasaenmendoza.com\/index.php?rest_route=\/wp\/v2\/posts"}],"about":[{"href":"https:\/\/pasaenmendoza.com\/index.php?rest_route=\/wp\/v2\/types\/post"}],"author":[{"embeddable":true,"href":"https:\/\/pasaenmendoza.com\/index.php?rest_route=\/wp\/v2\/users\/2"}],"replies":[{"embeddable":true,"href":"https:\/\/pasaenmendoza.com\/index.php?rest_route=%2Fwp%2Fv2%2Fcomments&post=14281"}],"version-history":[{"count":2,"href":"https:\/\/pasaenmendoza.com\/index.php?rest_route=\/wp\/v2\/posts\/14281\/revisions"}],"predecessor-version":[{"id":14287,"href":"https:\/\/pasaenmendoza.com\/index.php?rest_route=\/wp\/v2\/posts\/14281\/revisions\/14287"}],"wp:featuredmedia":[{"embeddable":true,"href":"https:\/\/pasaenmendoza.com\/index.php?rest_route=\/wp\/v2\/media\/14282"}],"wp:attachment":[{"href":"https:\/\/pasaenmendoza.com\/index.php?rest_route=%2Fwp%2Fv2%2Fmedia&parent=14281"}],"wp:term":[{"taxonomy":"category","embeddable":true,"href":"https:\/\/pasaenmendoza.com\/index.php?rest_route=%2Fwp%2Fv2%2Fcategories&post=14281"},{"taxonomy":"post_tag","embeddable":true,"href":"https:\/\/pasaenmendoza.com\/index.php?rest_route=%2Fwp%2Fv2%2Ftags&post=14281"}],"curies":[{"name":"wp","href":"https:\/\/api.w.org\/{rel}","templated":true}]}}