{"id":14288,"date":"2025-08-20T01:01:28","date_gmt":"2025-08-19T23:01:28","guid":{"rendered":"https:\/\/pasaenmendoza.com\/?p=14288"},"modified":"2025-08-20T01:01:29","modified_gmt":"2025-08-19T23:01:29","slug":"el-ipv-construyo-las-primeras-16-viviendas-ecologicas-y-evaluara-el-ahorro-energetico-que-generan","status":"publish","type":"post","link":"https:\/\/pasaenmendoza.com\/?p=14288","title":{"rendered":"El IPV construy\u00f3 las primeras 16 viviendas ecol\u00f3gicas y evaluar\u00e1 el ahorro energ\u00e9tico que generan"},"content":{"rendered":"\n<p>Mendoza es la tercera provincia del pa\u00eds en concluir un proyecto piloto de\u00a0<strong>viviendas ecol\u00f3gicas\u00a0<\/strong>ubicadas en Jun\u00edn y financiadas 50% por el programa GEF de Eficiencia Energ\u00e9tica y Energ\u00edas Renovables en la Vivienda Social, que pertenece al Banco Interamericano de Desarrollo (<strong>BID<\/strong>).<\/p>\n\n\n\n<p>Las otras dos provincias en concluir las&nbsp;<strong>viviendas ecol\u00f3gicas&nbsp;<\/strong>fueron Tierra del Fuego y Chubut, mientras otras cinco (Salta, Neuqu\u00e9n, Buenos Aires, Formosa y Tucum\u00e1n) est\u00e1n en distintas fases del proyecto.<\/p>\n\n\n\n<p>El director del Instituto Provincial de la Vivienda (<strong>IPV<\/strong>), Gustavo Cantero, explic\u00f3\u00a0que son las primeras de este tipo en la provincia y que ahora se inicia una etapa clave: evaluar si el mayor costo de construcci\u00f3n -un 30% a 40% m\u00e1s que una casa tradicional- se traduce efectivamente en ahorro de energ\u00eda, menor impacto ambiental y beneficios econ\u00f3micos para las familias adjudicatarias.<\/p>\n\n\n\n<h2 class=\"wp-block-heading\">Un barrio sustentable en Jun\u00edn<\/h2>\n\n\n\n<p>Las<strong>&nbsp;viviendas<\/strong>&nbsp;de<strong>&nbsp;Jun\u00edn<\/strong>&nbsp;se incluyen en un proyecto extenso, que abarca 128 viviendas distribuidas en ocho provincias, cada una representando distintas regiones bioclim\u00e1ticas del pa\u00eds. Mendoza fue una de las primeras jurisdicciones en adherir y la tercera en concluir la obra, junto con Tierra del Fuego y Chubut.<\/p>\n\n\n\n<p>La elecci\u00f3n de&nbsp;<strong>Jun\u00edn<\/strong>&nbsp;no fue casual: el departamento se convirti\u00f3 en un \u201claboratorio a cielo abierto\u201d para probar tecnolog\u00edas&nbsp;<strong>ecol\u00f3gicas<\/strong>&nbsp;en un clima \u00e1rido, con gran amplitud t\u00e9rmica y alta radiaci\u00f3n solar.<\/p>\n\n\n\n<p>All\u00ed, las\u00a0<strong>viviendas<\/strong>\u00a0incorporan dise\u00f1o bioclim\u00e1tico, doble equipamiento solar (t\u00e9rmico y fotovoltaico), construcci\u00f3n antis\u00edsmica y un esquema de prototipos diferenciados que permitir\u00e1n medir el impacto real de cada mejora.<\/p>\n\n\n\n<h2 class=\"wp-block-heading\">Caracter\u00edsticas de las viviendas<\/h2>\n\n\n\n<p>Entre los principales atributos de las&nbsp;<strong>viviendas ecol\u00f3gicas o bioclim\u00e1ticas<\/strong>&nbsp;se pueden mencionar:<\/p>\n\n\n\n<ul>\n<li>Orientaci\u00f3n norte de los ambientes principales para aprovechar luz y calor en invierno.<\/li>\n\n\n\n<li>Muros Trombe y pisos acumuladores que retienen y liberan calor de forma natural.<\/li>\n\n\n\n<li>Aislamiento t\u00e9rmico reforzado en muros, techos y contrapisos.<\/li>\n\n\n\n<li>Carpinter\u00edas con DVH o PVC, poco frecuentes en viviendas sociales por su costo.<\/li>\n\n\n\n<li>Energ\u00eda solar t\u00e9rmica para agua caliente sanitaria.<\/li>\n\n\n\n<li>Paneles fotovoltaicos con medidores bidireccionales para inyecci\u00f3n de electricidad a la red.<\/li>\n\n\n\n<li>Ventilaci\u00f3n cruzada, aleros y p\u00e9rgolas verdes para atenuar el calor en verano.<\/li>\n\n\n\n<li>Construcci\u00f3n antis\u00edsmica industrializada, adaptada a la realidad mendocina.<\/li>\n<\/ul>\n\n\n\n<p>El proyecto tambi\u00e9n prev\u00e9 un monitoreo energ\u00e9tico conjunto con el Conicet en dos etapas \u2014una en verano y otra en invierno\u2014 para comparar consumos con una casa tradicional del<strong>&nbsp;IPV.<\/strong><\/p>\n\n\n\n<h2 class=\"wp-block-heading\">Un 40% m\u00e1s caras que las tradicionales<\/h2>\n\n\n\n<p>Cantero confirm\u00f3 que el costo de estas&nbsp;<strong>viviendas ecol\u00f3gicas<\/strong>&nbsp;es sensiblemente mayor al de las habituales.<\/p>\n\n\n\n<p>\u201cUna casa t\u00edpica del<strong>&nbsp;IPV<\/strong>&nbsp;de 50 m\u00b2 cuesta entre 55 y 60 millones de pesos. Estas, llevadas a la misma superficie, rondan entre 70 y 80 millones de pesos. Estamos hablando del 30% a 40% por encima del valor est\u00e1ndar\u201d, detall\u00f3.<\/p>\n\n\n\n<p>La diferencia se explica por materiales y terminaciones que no suelen estar presentes en la construcci\u00f3n social: doble placa de yeso, pisos cer\u00e1micos interiores y exteriores, aislaciones reforzadas, carpinter\u00edas de aluminio y PVC, adem\u00e1s del equipamiento solar.<\/p>\n\n\n\n<p>\u201cAhora tenemos que analizar si esta inversi\u00f3n extra realmente se traduce en beneficios concretos para las familias: menor consumo de gas y electricidad, m\u00e1s confort t\u00e9rmico y un aporte a la&nbsp;<strong>ecolog\u00eda<\/strong>. El doble vidrio, por ejemplo, permite ahorrar hasta un 10% de energ\u00eda de gas. Son datos que tenemos que comprobar en la pr\u00e1ctica\u201d, subray\u00f3 el funcionario.<\/p>\n\n\n\n<h2 class=\"wp-block-heading\">Cu\u00e1ndo estar\u00e1 listo el monitoreo de las casas sustentables<\/h2>\n\n\n\n<p>El proyecto cont\u00f3 con un financiamiento inicial del&nbsp;<strong>BID<\/strong>, pero la Provincia debi\u00f3 completar aproximadamente la mitad de la inversi\u00f3n.<\/p>\n\n\n\n<p>De acuerdo con lo previsto, los primeros resultados del monitoreo estar\u00e1n disponibles en el invierno pr\u00f3ximo. Con esos datos en mano, el&nbsp;<strong>IPV&nbsp;<\/strong>y el Gobierno provincial decidir\u00e1n si se avanza en nuevas operatorias de este tipo y bajo qu\u00e9 condiciones.<\/p>\n\n\n\n<p>\u201cEl futuro va indefectiblemente hacia esto:<strong>\u00a0viviendas ecol\u00f3gicas<\/strong>\u00a0con termotanques solares, eficiencia energ\u00e9tica y reducci\u00f3n de la huella de carbono. La clave es saber cu\u00e1nto de todo esto podemos incorporar de manera sustentable en nuestras viviendas sociales\u201d, concluy\u00f3 el titular del\u00a0<strong>IPV.<\/strong><\/p>\n\n\n\n<p><strong>Fuente: www.diariouno.com.ar<\/strong><\/p>\n","protected":false},"excerpt":{"rendered":"<p>Mendoza es la tercera provincia del pa\u00eds en concluir un proyecto piloto de\u00a0viviendas ecol\u00f3gicas\u00a0ubicadas en Jun\u00edn y financiadas 50% por el programa GEF de Eficiencia Energ\u00e9tica y Energ\u00edas Renovables en la Vivienda Social, que pertenece al Banco Interamericano de Desarrollo (BID). Las otras dos provincias en concluir las&nbsp;viviendas ecol\u00f3gicas&nbsp;fueron Tierra del Fuego y Chubut, mientras [&hellip;]<\/p>\n","protected":false},"author":2,"featured_media":14289,"comment_status":"open","ping_status":"open","sticky":false,"template":"","format":"standard","meta":[],"categories":[65],"tags":[],"_links":{"self":[{"href":"https:\/\/pasaenmendoza.com\/index.php?rest_route=\/wp\/v2\/posts\/14288"}],"collection":[{"href":"https:\/\/pasaenmendoza.com\/index.php?rest_route=\/wp\/v2\/posts"}],"about":[{"href":"https:\/\/pasaenmendoza.com\/index.php?rest_route=\/wp\/v2\/types\/post"}],"author":[{"embeddable":true,"href":"https:\/\/pasaenmendoza.com\/index.php?rest_route=\/wp\/v2\/users\/2"}],"replies":[{"embeddable":true,"href":"https:\/\/pasaenmendoza.com\/index.php?rest_route=%2Fwp%2Fv2%2Fcomments&post=14288"}],"version-history":[{"count":1,"href":"https:\/\/pasaenmendoza.com\/index.php?rest_route=\/wp\/v2\/posts\/14288\/revisions"}],"predecessor-version":[{"id":14290,"href":"https:\/\/pasaenmendoza.com\/index.php?rest_route=\/wp\/v2\/posts\/14288\/revisions\/14290"}],"wp:featuredmedia":[{"embeddable":true,"href":"https:\/\/pasaenmendoza.com\/index.php?rest_route=\/wp\/v2\/media\/14289"}],"wp:attachment":[{"href":"https:\/\/pasaenmendoza.com\/index.php?rest_route=%2Fwp%2Fv2%2Fmedia&parent=14288"}],"wp:term":[{"taxonomy":"category","embeddable":true,"href":"https:\/\/pasaenmendoza.com\/index.php?rest_route=%2Fwp%2Fv2%2Fcategories&post=14288"},{"taxonomy":"post_tag","embeddable":true,"href":"https:\/\/pasaenmendoza.com\/index.php?rest_route=%2Fwp%2Fv2%2Ftags&post=14288"}],"curies":[{"name":"wp","href":"https:\/\/api.w.org\/{rel}","templated":true}]}}