{"id":14294,"date":"2025-08-20T01:09:06","date_gmt":"2025-08-19T23:09:06","guid":{"rendered":"https:\/\/pasaenmendoza.com\/?p=14294"},"modified":"2025-08-20T01:09:07","modified_gmt":"2025-08-19T23:09:07","slug":"endurecieron-los-requisitos-para-pasar-de-ano-en-la-secundaria-solo-se-podra-tener-dos-previas","status":"publish","type":"post","link":"https:\/\/pasaenmendoza.com\/?p=14294","title":{"rendered":"Endurecieron los requisitos para pasar de a\u00f1o en la secundaria: s\u00f3lo se podr\u00e1 tener dos previas"},"content":{"rendered":"\n<p>El ministro de Educaci\u00f3n,\u00a0<strong>Tadeo Garc\u00eda Zalazar,<\/strong>\u00a0endureci\u00f3 los requisitos para pasar de a\u00f1o en la<strong>\u00a0secundaria<\/strong>: s\u00f3lo podr\u00e1n promocionar el a\u00f1o los<strong>\u00a0alumnos que adeuden dos materias<\/strong>. La medida regir\u00e1 desde\u00a0<strong>este ciclo lectivo<\/strong>\u00a0e impactar\u00e1 en quienes vayan a pasar de a\u00f1o al 2026.<\/p>\n\n\n\n<p>La Direcci\u00f3n General de Escuelas (<strong>DGE)<\/strong>&nbsp;elimin\u00f3 as\u00ed la chance que reg\u00eda hasta ahora, y que se implement\u00f3 en pandemia, de poder avanzar de a\u00f1o de manera condicional teniendo entre 3 y 5 materias sin rendir hasta marzo.<\/p>\n\n\n\n<p>Seg\u00fan contaron desde la DGE despu\u00e9s del impacto del Covid y luego de implementar la virtualidad en el aprendizaje, se decidi\u00f3 flexibilizar los requisitos m\u00ednimos para promocionar de a\u00f1o en la secundaria.<\/p>\n\n\n\n<h2 class=\"wp-block-heading\">La decisi\u00f3n de Thomas en pandemia<\/h2>\n\n\n\n<p>En aquel momento, el ex titular de la DGE,&nbsp;<strong>Jos\u00e9 Thomas,<\/strong>&nbsp;firm\u00f3 una resoluci\u00f3n por la que aquellos alumnos que deb\u00edan entre 3 y 5 materias pod\u00edan inscribirse de manera condicional en el pr\u00f3ximo a\u00f1o y ten\u00edan chances de comenzar a cursar para rendir entre marzo y abril 3 de esas materias y poder continuar adeudando dos materias.<\/p>\n\n\n\n<p>Eso es lo que se decidi\u00f3 eliminar ahora y la comunicaci\u00f3n ya se envi\u00f3 a las distintas&nbsp;<strong>escuelas secundarias<\/strong>&nbsp;para que a su vez se lo trasladen a los padres de los alumnos.<\/p>\n\n\n\n<p>Las comunicaciones que recibieron los padres de alumnos de la secundaria conten\u00eda el siguiente texto:<\/p>\n\n\n\n<p><strong>Estimadas Familias y Estudiantes: Se les informa que para promover del a\u00f1o lectivo 2025 al 2026 solo podr\u00e1n tener los estudiantes 2 (dos) espacios curriculares pendientes de aprobaci\u00f3n, quedando ANULADA la condicionalidad de aquellos estudiantes que al mes de Marzo adeudaban de 3 a 5 espacios curriculares. Por lo tanto, solo a fines de Febrero promocionan al a\u00f1o siguiente quienes tengan todos los espacios curriculares aprobados o solamente 1(uno) o 2 (dos) no aprobados. Saluda atentamente. Equipo Directivo<\/strong><\/p>\n\n\n\n<p>Desde este a\u00f1o, quienes deban materias s\u00f3lo tendr\u00e1n hasta febrero para poder rendirlas y deber\u00e1n adeudar como m\u00e1ximo dos espacios curriculares para poder pasar de a\u00f1o. Quienes no lo hagan deber\u00e1n repetir el a\u00f1o.<\/p>\n\n\n\n<h2 class=\"wp-block-heading\">Cu\u00e1ntos alumnos pasaron de manera condicional hasta ahora<\/h2>\n\n\n\n<p>Seg\u00fan los datos oficiales de la&nbsp;<strong>DGE&nbsp;<\/strong>este a\u00f1o llegaron a marzo, en situaci\u00f3n de alumno condicional&nbsp;<strong>7.102<\/strong>&nbsp;j\u00f3venes de toda la provincia que&nbsp;<strong>adeudaban m\u00e1s de dos materias.<\/strong><\/p>\n\n\n\n<p>Ese n\u00famero se compone de: 3.973 provenientes de distintos bachilleratos con diferentes orientaciones, 2.176 alumnos de escuelas t\u00e9cnicas, ambos de escuelas p\u00fablicas, y 953 estudiantes de colegios secundarios privados.<\/p>\n\n\n\n<p>Ahora habr\u00e1 que ver con qu\u00e9 estrategias escolares la DGE pretende reforzar a esos alumnos que pudieron tener dificultades para acreditar todos los saberes del ciclo lectivo 2025 para evitar que se incrementen las repitencias.<\/p>\n\n\n\n<p><strong>Fuente: www.diariouno.com.ar<\/strong><\/p>\n","protected":false},"excerpt":{"rendered":"<p>El ministro de Educaci\u00f3n,\u00a0Tadeo Garc\u00eda Zalazar,\u00a0endureci\u00f3 los requisitos para pasar de a\u00f1o en la\u00a0secundaria: s\u00f3lo podr\u00e1n promocionar el a\u00f1o los\u00a0alumnos que adeuden dos materias. La medida regir\u00e1 desde\u00a0este ciclo lectivo\u00a0e impactar\u00e1 en quienes vayan a pasar de a\u00f1o al 2026. La Direcci\u00f3n General de Escuelas (DGE)&nbsp;elimin\u00f3 as\u00ed la chance que reg\u00eda hasta ahora, y que [&hellip;]<\/p>\n","protected":false},"author":2,"featured_media":14295,"comment_status":"open","ping_status":"open","sticky":false,"template":"","format":"standard","meta":[],"categories":[56],"tags":[],"_links":{"self":[{"href":"https:\/\/pasaenmendoza.com\/index.php?rest_route=\/wp\/v2\/posts\/14294"}],"collection":[{"href":"https:\/\/pasaenmendoza.com\/index.php?rest_route=\/wp\/v2\/posts"}],"about":[{"href":"https:\/\/pasaenmendoza.com\/index.php?rest_route=\/wp\/v2\/types\/post"}],"author":[{"embeddable":true,"href":"https:\/\/pasaenmendoza.com\/index.php?rest_route=\/wp\/v2\/users\/2"}],"replies":[{"embeddable":true,"href":"https:\/\/pasaenmendoza.com\/index.php?rest_route=%2Fwp%2Fv2%2Fcomments&post=14294"}],"version-history":[{"count":1,"href":"https:\/\/pasaenmendoza.com\/index.php?rest_route=\/wp\/v2\/posts\/14294\/revisions"}],"predecessor-version":[{"id":14296,"href":"https:\/\/pasaenmendoza.com\/index.php?rest_route=\/wp\/v2\/posts\/14294\/revisions\/14296"}],"wp:featuredmedia":[{"embeddable":true,"href":"https:\/\/pasaenmendoza.com\/index.php?rest_route=\/wp\/v2\/media\/14295"}],"wp:attachment":[{"href":"https:\/\/pasaenmendoza.com\/index.php?rest_route=%2Fwp%2Fv2%2Fmedia&parent=14294"}],"wp:term":[{"taxonomy":"category","embeddable":true,"href":"https:\/\/pasaenmendoza.com\/index.php?rest_route=%2Fwp%2Fv2%2Fcategories&post=14294"},{"taxonomy":"post_tag","embeddable":true,"href":"https:\/\/pasaenmendoza.com\/index.php?rest_route=%2Fwp%2Fv2%2Ftags&post=14294"}],"curies":[{"name":"wp","href":"https:\/\/api.w.org\/{rel}","templated":true}]}}