{"id":14297,"date":"2025-08-20T01:16:35","date_gmt":"2025-08-19T23:16:35","guid":{"rendered":"https:\/\/pasaenmendoza.com\/?p=14297"},"modified":"2025-08-20T01:16:36","modified_gmt":"2025-08-19T23:16:36","slug":"carolina-jacky-volvio-a-la-politica-y-aspira-a-ser-la-primera-transexual-en-entrar-al-congreso","status":"publish","type":"post","link":"https:\/\/pasaenmendoza.com\/?p=14297","title":{"rendered":"Carolina Jacky volvi\u00f3 a la pol\u00edtica y aspira a ser la primera transexual en entrar al Congreso"},"content":{"rendered":"\n<p>Abuelo radical, padre liberal, hermano socialista. Ella dem\u00f3crata liberal.\u00a0<strong>Carolina Jacky<\/strong>\u00a0mam\u00f3 la pol\u00edtica desde chica, fue candidata un par de veces y hasta quiso llegar a la gobernaci\u00f3n. Hoy, a los 72 a\u00f1os, despu\u00e9s de d\u00e9cadas de ejercer la abogac\u00eda, vuelve al ruedo como\u00a0<strong>candidata<\/strong>\u00a0a diputada nacional por el\u00a0<strong>partido Protectora<\/strong>.<\/p>\n\n\n\n<p>Si busc\u00e1s registros hist\u00f3ricos de sus candidaturas, no la vas a encontrar como Carolina. Es que, por aquellos tiempos, su nombre era&nbsp;<strong>Jorge Jacky<\/strong>, como su padre.<\/p>\n\n\n\n<p>La abogada batall\u00f3 por su\u00a0<strong>identidad de g\u00e9nero<\/strong>\u00a0de grande, despu\u00e9s de haberse casado y tenido hijos. Y lo consigui\u00f3 en 2010, con una sentencia judicial que le permiti\u00f3 ser\u00a0<strong>Carolina\u00a0<\/strong>en el DNI y realizar la cirug\u00eda de reasignaci\u00f3n de sexo. El diagn\u00f3stico m\u00e9dico que le dio la derecha era contundente: \u201cMujer heterosexual\u201d.<\/p>\n\n\n\n<p>Hoy, de la mano del partido de&nbsp;<strong>Jos\u00e9 Luis Ram\u00f3n<\/strong>, podr\u00eda transformarse en la primera persona&nbsp;<strong>transexual<\/strong>&nbsp;en entrar al&nbsp;<strong>Congreso<\/strong>.<\/p>\n\n\n\n<h2 class=\"wp-block-heading\">Una entrevista y un llamado, la g\u00e9nesis de la candidatura de Carolina Jacky<\/h2>\n\n\n\n<p>La periodista del Grupo Am\u00e9rica Carina Scandura fue la primera que la escuch\u00f3 \u201clanzarse\u201d. All\u00e1 por enero de este a\u00f1o, la&nbsp;<strong>abogada Carolina Jacky<\/strong>&nbsp;dijo p\u00fablicamente en una entrevista que estaba dispuesta a dar pelea por los derechos y garant\u00edas constitucionales, ahora desde adentro.<\/p>\n\n\n\n<p><strong>Jos\u00e9 Luis Ram\u00f3n<\/strong>&nbsp;escuch\u00f3 la nota y la llam\u00f3 inmediatamente.<\/p>\n\n\n\n<p>El discurso antiwoke de&nbsp;<strong>Javier Milei en el foro Davos<\/strong>&nbsp;estaba fresco y&nbsp;<strong>Carolina Jacky<\/strong>&nbsp;estaba indignada. \u201cEn sus versiones m\u00e1s extremas, la ideolog\u00eda de g\u00e9nero constituye lisa y llanamente abuso infantil\u201d, dec\u00eda el presidente.<\/p>\n\n\n\n<p>Era momento de volver a meterse en el barro. Ram\u00f3n le ofreci\u00f3 ser\u00a0<strong>candidata\u00a0<\/strong>y guardaron el secreto, pero tuvo dudas hasta \u00faltimo momento: \u201cSi encabezaba, todos deber\u00edan alinearse y no sab\u00eda si me aceptar\u00edan\u201d, explic\u00f3.<\/p>\n\n\n\n<p>Este domingo, finalmente fue confirmada como cabeza de lista para las&nbsp;<strong>elecciones&nbsp;<\/strong>nacionales. La secundar\u00e1&nbsp;<strong>Sebasti\u00e1n Zelada<\/strong>.<\/p>\n\n\n\n<p>En la Boleta \u00danica de Papel de las\u00a0<strong>elecciones\u00a0<\/strong>provinciales, Protectora tendr\u00e1 a otros dos conocidos: el propio Ram\u00f3n, como candidato a diputado por el primer distrito y a\u00a0<strong>Daniel Orozco<\/strong>, como candidato a senador por la misma jurisdicci\u00f3n.<\/p>\n\n\n\n<p>\u00bfC\u00f3mo se lleva con esta \u00faltima candidatura siendo que el ex intendente de Las Heras est\u00e1 siendo investigado por corrupci\u00f3n? &#8220;Si defiendo la&nbsp;<strong>Constituci\u00f3n<\/strong>, tambi\u00e9n debo respetarla&#8221;, expres\u00f3 la abogada, haciendo foco en que el art\u00edculo 18 consagra el principio de inocencia.<\/p>\n\n\n\n<h2 class=\"wp-block-heading\">Milei y Cornejo, motores para la vuelta a la pol\u00edtica de Carolina Jacky<\/h2>\n\n\n\n<p>\u201cYo no estoy en contra de nadie, sino que estoy a favor de la defensa de la Constituci\u00f3n y los tratados internacionales que de ella se desprenden\u201d. De esa manera,&nbsp;<strong>Carolina Jacky<\/strong>&nbsp;se presenta como candidata a diputada nacional.<\/p>\n\n\n\n<p>Aquel discurso de Javier Milei en Davos, la intenci\u00f3n del gobierno nacional de derogar el&nbsp;<strong>femicidio<\/strong>&nbsp;como delito y el ataque a la autarqu\u00eda universitaria la motivaron para volver a la&nbsp;<strong>pol\u00edtica<\/strong>.<\/p>\n\n\n\n<p>M\u00e1s aqu\u00ed, en Mendoza, se refiere al gobernador&nbsp;<strong>Alfredo Cornejo<\/strong>&nbsp;como un \u201cse\u00f1or feudal que maneja la Legislatura y la Justicia\u201d. Lo respeta porque ocupa ese lugar al ser elegido por el pueblo, pero le exige que \u201ccumpla la Constituci\u00f3n y sea fiel a los&nbsp;<strong>principios del liberalismo de Alberdi<\/strong>\u2026&#8221;<\/p>\n\n\n\n<p>Mucho m\u00e1s ahora que Cambia Mendoza comparte boleta con La Libertad Avanza.<\/p>\n\n\n\n<p>\u201cMi padre,&nbsp;<strong>liberal<\/strong>, era secretario del centro de estudiantes cuando luch\u00f3 por la autarqu\u00eda de las universidades p\u00fablicas. Pas\u00f3 10 d\u00edas preso por defenderla. Yo no puedo ser menos\u201d, reflexion\u00f3 la&nbsp;<strong>doctora Jacky<\/strong>.<\/p>\n\n\n\n<p>Sabe que el&nbsp;<strong>Congreso<\/strong>&nbsp;es una \u201cpicadora de carne\u201d y que Buenos Aires \u201cdesgasta\u201d porque estuvo all\u00ed cumpliendo funciones para el Ejecutivo durante el gobierno de Carlos Menem. Y sabe, tambi\u00e9n, que conseguir una banca ser\u00eda una tarea tit\u00e1nica para&nbsp;<strong>Protectora<\/strong>, pero dar\u00e1 pelea.<\/p>\n\n\n\n<h2 class=\"wp-block-heading\">Su historia en la pol\u00edtica como Jorge Jacky<\/h2>\n\n\n\n<p>Mucho antes de su transici\u00f3n,&nbsp;<strong>Jacky<\/strong>&nbsp;fue parte activa de la pol\u00edtica mendocina y nacional. A los 21 a\u00f1os, siendo Jorge, fue&nbsp;<strong>candidato a concejal<\/strong>&nbsp;en \u00faltimo t\u00e9rmino por Nueva Fuerza, partido pol\u00edtico fundado por \u00c1lvaro Alsogaray que luego se transformar\u00eda en la Ucede.<\/p>\n\n\n\n<p>Ya en 1987, en el regreso de la democracia, volvi\u00f3 a ser&nbsp;<strong>candidato<\/strong>&nbsp;pero esta vez, nada m\u00e1s y nada menos que a gobernador de Mendoza. Debat\u00eda, por entonces, con pol\u00edticos de la talla de Jos\u00e9 Octavio Bord\u00f3n, Ra\u00fal Baglini y Alberto Gonz\u00e1lez.<\/p>\n\n\n\n<p>Le fue mal. La&nbsp;<strong>Ucede<\/strong>&nbsp;no lleg\u00f3 ni al 0,5% de los votos; pero un par de a\u00f1os m\u00e1s tarde el tel\u00e9fono sonar\u00eda de nuevo desde Buenos Aires. Ya con Carlos Menem al poder, la propuesta \u2013rara- fue para que&nbsp;<strong>Jorge Jacky<\/strong>&nbsp;se hiciera cargo de la Administraci\u00f3n General de Puertos.<\/p>\n\n\n\n<p>El objetivo era encarar la&nbsp;<strong>privatizaci\u00f3n<\/strong>, marcar ideol\u00f3gicamente el rumbo y arreglar con los gremios. En medio de ese proceso, y despu\u00e9s de conseguir algunos logros, en medio de la privatizaci\u00f3n de Puerto Madero, renunci\u00f3. \u201cMe decepcion\u00e9 de la&nbsp;<strong>pol\u00edtica<\/strong>&nbsp;y me dediqu\u00e9 casi con exclusividad al ejercicio libre de la profesi\u00f3n\u201d, record\u00f3 sobre sus a\u00f1os &#8217;90.<\/p>\n\n\n\n<p>El objetivo de\u00a0<strong>Carolina Jacky<\/strong>\u00a0ahora es \u201cser la voz de mis clientes en el\u00a0<strong>Congreso<\/strong>\u201d. Si lo logra, ser\u00e1 la primera mujer transexual de la historia en ser diputada nacional.<\/p>\n\n\n\n<p><strong>Fuente: www.diariouno.com.ar<\/strong><\/p>\n\n\n\n<p><strong>Fuente: www.diariouno.com.ar<\/strong><\/p>\n","protected":false},"excerpt":{"rendered":"<p>Abuelo radical, padre liberal, hermano socialista. Ella dem\u00f3crata liberal.\u00a0Carolina Jacky\u00a0mam\u00f3 la pol\u00edtica desde chica, fue candidata un par de veces y hasta quiso llegar a la gobernaci\u00f3n. Hoy, a los 72 a\u00f1os, despu\u00e9s de d\u00e9cadas de ejercer la abogac\u00eda, vuelve al ruedo como\u00a0candidata\u00a0a diputada nacional por el\u00a0partido Protectora. Si busc\u00e1s registros hist\u00f3ricos de sus candidaturas, [&hellip;]<\/p>\n","protected":false},"author":2,"featured_media":14298,"comment_status":"open","ping_status":"open","sticky":false,"template":"","format":"standard","meta":[],"categories":[47],"tags":[],"_links":{"self":[{"href":"https:\/\/pasaenmendoza.com\/index.php?rest_route=\/wp\/v2\/posts\/14297"}],"collection":[{"href":"https:\/\/pasaenmendoza.com\/index.php?rest_route=\/wp\/v2\/posts"}],"about":[{"href":"https:\/\/pasaenmendoza.com\/index.php?rest_route=\/wp\/v2\/types\/post"}],"author":[{"embeddable":true,"href":"https:\/\/pasaenmendoza.com\/index.php?rest_route=\/wp\/v2\/users\/2"}],"replies":[{"embeddable":true,"href":"https:\/\/pasaenmendoza.com\/index.php?rest_route=%2Fwp%2Fv2%2Fcomments&post=14297"}],"version-history":[{"count":1,"href":"https:\/\/pasaenmendoza.com\/index.php?rest_route=\/wp\/v2\/posts\/14297\/revisions"}],"predecessor-version":[{"id":14299,"href":"https:\/\/pasaenmendoza.com\/index.php?rest_route=\/wp\/v2\/posts\/14297\/revisions\/14299"}],"wp:featuredmedia":[{"embeddable":true,"href":"https:\/\/pasaenmendoza.com\/index.php?rest_route=\/wp\/v2\/media\/14298"}],"wp:attachment":[{"href":"https:\/\/pasaenmendoza.com\/index.php?rest_route=%2Fwp%2Fv2%2Fmedia&parent=14297"}],"wp:term":[{"taxonomy":"category","embeddable":true,"href":"https:\/\/pasaenmendoza.com\/index.php?rest_route=%2Fwp%2Fv2%2Fcategories&post=14297"},{"taxonomy":"post_tag","embeddable":true,"href":"https:\/\/pasaenmendoza.com\/index.php?rest_route=%2Fwp%2Fv2%2Ftags&post=14297"}],"curies":[{"name":"wp","href":"https:\/\/api.w.org\/{rel}","templated":true}]}}