{"id":14300,"date":"2025-08-20T15:30:38","date_gmt":"2025-08-20T13:30:38","guid":{"rendered":"https:\/\/pasaenmendoza.com\/?p=14300"},"modified":"2025-08-20T15:30:39","modified_gmt":"2025-08-20T13:30:39","slug":"el-tiempo-en-mendoza-para-este-miercoles-poco-cambio-de-temperatura-mas-lloviznas-y-nevadas","status":"publish","type":"post","link":"https:\/\/pasaenmendoza.com\/?p=14300","title":{"rendered":"El tiempo en Mendoza para este mi\u00e9rcoles: poco cambio de temperatura, m\u00e1s lloviznas y nevadas"},"content":{"rendered":"\n<p>La<strong>&nbsp;temperatura m\u00e1xima para este mi\u00e9rcoles subir\u00e1 a 20 grados cent\u00edgrados.<\/strong>&nbsp;<strong>La m\u00ednima se ubicar\u00e1 en los 7 grado cent\u00edgrados.<\/strong><\/p>\n\n\n\n<p>Estar\u00e1 \u201c<em>algo nublado con poco cambio de la temperatura, vientos moderados del noreste<\/em>\u201c.<\/p>\n\n\n\n<p>Amaneci\u00f3 despejado en partes bajas de la Provincia. Seminublado desde las 20 en zona Sur.<\/p>\n\n\n\n<p>Se estiman\u00a0<strong>probables precipitaciones durante la noche y madrugada del jueves en el Oeste del Valle de Uco y Oeste del Gran Mendoza.<\/strong><\/p>\n\n\n\n<p>El tiempo en alta monta\u00f1a: \u201c<em><strong>Nevadas en cordillera<\/strong><\/em>\u201c. Amanece nublado, despejado despu\u00e9s de media ma\u00f1ana hasta las 15. Desde las 18, probabilidad de precipitaciones, especialmente en zona Norte con nevadas moderadas en parte Sur, que se extender\u00e1n hacia el jueves.<\/p>\n\n\n\n<p><strong>Est\u00e1 previsto un alerta amarilla por vientos para el jueves.&nbsp;<\/strong>Pero este mi\u00e9rcoles el viento tendr\u00e1 una circulaci\u00f3n leve norte-sur desde las 15 hasta las 22, y afectar\u00e1 la zona Este, Valle de Uco y zona Sur.<\/p>\n\n\n\n<p><strong>Habr\u00e1 viento Zonda leve en zona Oeste de Malarg\u00fce y cordillera de Malarg\u00fce, desde las 23 hasta la madrugada del jueves.<\/strong><\/p>\n\n\n\n<p><strong>Fuente: www.elsol.com.ar<\/strong><\/p>\n","protected":false},"excerpt":{"rendered":"<p>La&nbsp;temperatura m\u00e1xima para este mi\u00e9rcoles subir\u00e1 a 20 grados cent\u00edgrados.&nbsp;La m\u00ednima se ubicar\u00e1 en los 7 grado cent\u00edgrados. Estar\u00e1 \u201calgo nublado con poco cambio de la temperatura, vientos moderados del noreste\u201c. Amaneci\u00f3 despejado en partes bajas de la Provincia. Seminublado desde las 20 en zona Sur. Se estiman\u00a0probables precipitaciones durante la noche y madrugada del [&hellip;]<\/p>\n","protected":false},"author":2,"featured_media":14301,"comment_status":"open","ping_status":"open","sticky":false,"template":"","format":"standard","meta":[],"categories":[52],"tags":[],"_links":{"self":[{"href":"https:\/\/pasaenmendoza.com\/index.php?rest_route=\/wp\/v2\/posts\/14300"}],"collection":[{"href":"https:\/\/pasaenmendoza.com\/index.php?rest_route=\/wp\/v2\/posts"}],"about":[{"href":"https:\/\/pasaenmendoza.com\/index.php?rest_route=\/wp\/v2\/types\/post"}],"author":[{"embeddable":true,"href":"https:\/\/pasaenmendoza.com\/index.php?rest_route=\/wp\/v2\/users\/2"}],"replies":[{"embeddable":true,"href":"https:\/\/pasaenmendoza.com\/index.php?rest_route=%2Fwp%2Fv2%2Fcomments&post=14300"}],"version-history":[{"count":1,"href":"https:\/\/pasaenmendoza.com\/index.php?rest_route=\/wp\/v2\/posts\/14300\/revisions"}],"predecessor-version":[{"id":14302,"href":"https:\/\/pasaenmendoza.com\/index.php?rest_route=\/wp\/v2\/posts\/14300\/revisions\/14302"}],"wp:featuredmedia":[{"embeddable":true,"href":"https:\/\/pasaenmendoza.com\/index.php?rest_route=\/wp\/v2\/media\/14301"}],"wp:attachment":[{"href":"https:\/\/pasaenmendoza.com\/index.php?rest_route=%2Fwp%2Fv2%2Fmedia&parent=14300"}],"wp:term":[{"taxonomy":"category","embeddable":true,"href":"https:\/\/pasaenmendoza.com\/index.php?rest_route=%2Fwp%2Fv2%2Fcategories&post=14300"},{"taxonomy":"post_tag","embeddable":true,"href":"https:\/\/pasaenmendoza.com\/index.php?rest_route=%2Fwp%2Fv2%2Ftags&post=14300"}],"curies":[{"name":"wp","href":"https:\/\/api.w.org\/{rel}","templated":true}]}}