{"id":1431,"date":"2023-09-13T15:22:21","date_gmt":"2023-09-13T13:22:21","guid":{"rendered":"https:\/\/pasaenmendoza.com\/?p=1431"},"modified":"2023-09-13T15:22:22","modified_gmt":"2023-09-13T13:22:22","slug":"un-accidente-en-solitario-dejo-un-herido-en-lujan","status":"publish","type":"post","link":"https:\/\/pasaenmendoza.com\/?p=1431","title":{"rendered":"Un accidente en solitario dej\u00f3 un herido en Luj\u00e1n"},"content":{"rendered":"\n<p>En la ma\u00f1ana de este mi\u00e9rcoles, se registr\u00f3 un\u00a0<strong>accidente en solitario<\/strong>\u00a0en la\u00a0<strong>calle Brandsen<\/strong>\u00a0de\u00a0<strong>Luj\u00e1n de Cuyo<\/strong>, que dej\u00f3 al conductor de un<strong>\u00a0Ford Falcon<\/strong>\u00a0con politraumatismos moderados. Este siniestro tuvo lugar a pocos metros de donde, hace aproximadamente una semana, una conductora de un veh\u00edculo Ford Ka tambi\u00e9n sufri\u00f3 un accidente tras intentar evitar un bache, resultando en el tr\u00e1gico fallecimiento de una ni\u00f1a de cinco a\u00f1os.<\/p>\n\n\n\n<p>El suceso aconteci\u00f3 alrededor de las 6 de la ma\u00f1ana, cuando un hombre de 40 a\u00f1os perdi\u00f3 el control del Ford Falcon. Seg\u00fan el informe policial, el veh\u00edculo se desplazaba por dicha calle de Este a Oeste y, aparentemente, se sali\u00f3 de la v\u00eda, lo que provoc\u00f3 la p\u00e9rdida de control y la colisi\u00f3n con un \u00e1rbol.<\/p>\n\n\n\n<p>Como resultado, el conductor qued\u00f3 atrapado en el interior del auto. Personal de Bomberos Voluntarios de Luj\u00e1n acudi\u00f3 al sitio y logr\u00f3 rescatarlo. En ese momento, recibi\u00f3 asistencia m\u00e9dica por parte de una ambulancia del SEC, que lo traslad\u00f3 al Hospital Central con politraumatismos moderados debido al accidente.<\/p>\n\n\n\n<p><strong>Fuente: www.elsol.com.ar<\/strong><\/p>\n","protected":false},"excerpt":{"rendered":"<p>En la ma\u00f1ana de este mi\u00e9rcoles, se registr\u00f3 un\u00a0accidente en solitario\u00a0en la\u00a0calle Brandsen\u00a0de\u00a0Luj\u00e1n de Cuyo, que dej\u00f3 al conductor de un\u00a0Ford Falcon\u00a0con politraumatismos moderados. Este siniestro tuvo lugar a pocos metros de donde, hace aproximadamente una semana, una conductora de un veh\u00edculo Ford Ka tambi\u00e9n sufri\u00f3 un accidente tras intentar evitar un bache, resultando en [&hellip;]<\/p>\n","protected":false},"author":2,"featured_media":1432,"comment_status":"open","ping_status":"open","sticky":false,"template":"","format":"standard","meta":[],"categories":[48],"tags":[],"_links":{"self":[{"href":"https:\/\/pasaenmendoza.com\/index.php?rest_route=\/wp\/v2\/posts\/1431"}],"collection":[{"href":"https:\/\/pasaenmendoza.com\/index.php?rest_route=\/wp\/v2\/posts"}],"about":[{"href":"https:\/\/pasaenmendoza.com\/index.php?rest_route=\/wp\/v2\/types\/post"}],"author":[{"embeddable":true,"href":"https:\/\/pasaenmendoza.com\/index.php?rest_route=\/wp\/v2\/users\/2"}],"replies":[{"embeddable":true,"href":"https:\/\/pasaenmendoza.com\/index.php?rest_route=%2Fwp%2Fv2%2Fcomments&post=1431"}],"version-history":[{"count":1,"href":"https:\/\/pasaenmendoza.com\/index.php?rest_route=\/wp\/v2\/posts\/1431\/revisions"}],"predecessor-version":[{"id":1433,"href":"https:\/\/pasaenmendoza.com\/index.php?rest_route=\/wp\/v2\/posts\/1431\/revisions\/1433"}],"wp:featuredmedia":[{"embeddable":true,"href":"https:\/\/pasaenmendoza.com\/index.php?rest_route=\/wp\/v2\/media\/1432"}],"wp:attachment":[{"href":"https:\/\/pasaenmendoza.com\/index.php?rest_route=%2Fwp%2Fv2%2Fmedia&parent=1431"}],"wp:term":[{"taxonomy":"category","embeddable":true,"href":"https:\/\/pasaenmendoza.com\/index.php?rest_route=%2Fwp%2Fv2%2Fcategories&post=1431"},{"taxonomy":"post_tag","embeddable":true,"href":"https:\/\/pasaenmendoza.com\/index.php?rest_route=%2Fwp%2Fv2%2Ftags&post=1431"}],"curies":[{"name":"wp","href":"https:\/\/api.w.org\/{rel}","templated":true}]}}