{"id":14313,"date":"2025-08-20T22:23:46","date_gmt":"2025-08-20T20:23:46","guid":{"rendered":"https:\/\/pasaenmendoza.com\/?p=14313"},"modified":"2025-08-20T22:23:47","modified_gmt":"2025-08-20T20:23:47","slug":"diputados-rechazo-el-veto-de-javier-milei-a-la-ley-de-emergencia-en-discapacidad","status":"publish","type":"post","link":"https:\/\/pasaenmendoza.com\/?p=14313","title":{"rendered":"Diputados rechaz\u00f3 el veto de Javier Milei a la ley de emergencia en discapacidad"},"content":{"rendered":"\n<p>Por 172 votos afirmativos contra 73 negativos y 2 abstenciones la\u00a0<strong>C\u00e1mara de Diputados de la Naci\u00f3n\u00a0<\/strong>rechaz\u00f3 este mi\u00e9rcoles el veto que hab\u00eda dispuesto el presidente Javier Milei para la ley de\u00a0emergencia en discapacidad.<\/p>\n\n\n\n<p>El n\u00famero de votos positivos fue suficiente para lograr los dos tercios requeridos para ratificar la sanci\u00f3n de la ley aprobada por el Congreso. Para que la ley quede firme, el rechazo al\u00a0veto\u00a0deber\u00e1 ser aprobado tambi\u00e9n por los dos tercios del cuerpo del Senado.<\/p>\n\n\n\n<p>El rechazo al veto fue respaldado por los diputados de Uni\u00f3n por la Patria (UxP), Encuentro Federal, Democracia para Siempre, la Coalici\u00f3n C\u00edvica, Innovaci\u00f3n Federal y el grueso de una decena de radicales. Adem\u00e1s, acompa\u00f1aron el rechazo al veto la ex libertaria de Mendoza<strong>\u00a0Lourdes Larrieta;\u00a0<\/strong>cinco diputados del PRO y los legisladores del MID Oscar Zago y Eduardo Falcano, mientras la ex gobernadora bonaerense Mar\u00eda Eugenia Vidal se abstuvo.<\/p>\n\n\n\n<h2 class=\"wp-block-heading\">Aveiro, Paponet y y Cobos celebraron el resultado de la votaci\u00f3n<\/h2>\n\n\n\n<p>Apenas unos minutos despu\u00e9s de la votaci\u00f3n el tunuyanino&nbsp;<strong>Mart\u00edn Aveiro<\/strong>&nbsp;-diputado nacional peronista- expres\u00f3: &#8220;Se lograron los dos tercios y es un paso fundamental para rechazar el veto del Ejecutivo Nacional sobre la ley de emergencia en discapacidad. Pasa al Senado y esperamos que ya definitivamente quede anulado el veto de Milei&#8221;.<\/p>\n\n\n\n<p>La sanrafaelina<strong>&nbsp;Liliana Paponet,<\/strong>&nbsp;compa\u00f1era de Aveiro, destac\u00f3: &#8220;El Congreso rechaz\u00f3 el veto presidencial y la emergencia en discapacidad sigue en carrera. \u00a1Un paso adelante por los derechos y la dignidad!&#8221;.<\/p>\n\n\n\n<p>Tambi\u00e9n se manifest\u00f3 el radical\u00a0<strong>Julio Cobos<\/strong>\u00a0se manifest\u00f3: &#8220;Por amplia mayor\u00eda rechazamos el veto a la ley de emergencia en discapacidad&#8221;. El ex gobernador se diferenci\u00f3 de sus correligionarios Lisandro Nieri y Pamela Verasay, que votaron a favor del veto.<\/p>\n\n\n\n<p>El veto fue declarado inconstitucional<\/p>\n\n\n\n<p>En el inicio de esta semana el juez federal de Campana Adri\u00e1n Gonz\u00e1lez Charvay declar\u00f3 la inconstitucionalidad del veto presidencial a las ley 27.793 de emergencia en discapacidad, que fue sancionada por el Congreso el 10 de junio \u00faltimo.<\/p>\n\n\n\n<p>El magistrado dispuso \u201chacer lugar parcialmente a la acci\u00f3n de amparo\u201d interpuesta por una familia con dos hijos menores con discapacidad y aleg\u00f3 que \u201cel derecho a la salud, educaci\u00f3n y rehabilitaci\u00f3n de ni\u00f1os con&nbsp;<strong>discapacidad&nbsp;<\/strong>debe prevalecer frente a restricciones presupuestarias\u201d.<\/p>\n\n\n\n<p>Gonz\u00e1ley Charvay argument\u00f3 adem\u00e1s en el fallo que los afectados por la medida \u201cson personas en situaci\u00f3n de m\u00faltiple vulnerabilidad por su condici\u00f3n de ni\u00f1os y de personas con discapacidad (art\u00edculo 75 inciso 23, Constituci\u00f3n Nacional), de lo que se desprende que sus derechos deben ser objeto de una protecci\u00f3n especial\u201d.<\/p>\n\n\n\n<p><strong>Fuente: www.diariouno.com.ar<\/strong><\/p>\n","protected":false},"excerpt":{"rendered":"<p>Por 172 votos afirmativos contra 73 negativos y 2 abstenciones la\u00a0C\u00e1mara de Diputados de la Naci\u00f3n\u00a0rechaz\u00f3 este mi\u00e9rcoles el veto que hab\u00eda dispuesto el presidente Javier Milei para la ley de\u00a0emergencia en discapacidad. El n\u00famero de votos positivos fue suficiente para lograr los dos tercios requeridos para ratificar la sanci\u00f3n de la ley aprobada por [&hellip;]<\/p>\n","protected":false},"author":2,"featured_media":14314,"comment_status":"open","ping_status":"open","sticky":false,"template":"","format":"standard","meta":[],"categories":[47],"tags":[],"_links":{"self":[{"href":"https:\/\/pasaenmendoza.com\/index.php?rest_route=\/wp\/v2\/posts\/14313"}],"collection":[{"href":"https:\/\/pasaenmendoza.com\/index.php?rest_route=\/wp\/v2\/posts"}],"about":[{"href":"https:\/\/pasaenmendoza.com\/index.php?rest_route=\/wp\/v2\/types\/post"}],"author":[{"embeddable":true,"href":"https:\/\/pasaenmendoza.com\/index.php?rest_route=\/wp\/v2\/users\/2"}],"replies":[{"embeddable":true,"href":"https:\/\/pasaenmendoza.com\/index.php?rest_route=%2Fwp%2Fv2%2Fcomments&post=14313"}],"version-history":[{"count":1,"href":"https:\/\/pasaenmendoza.com\/index.php?rest_route=\/wp\/v2\/posts\/14313\/revisions"}],"predecessor-version":[{"id":14315,"href":"https:\/\/pasaenmendoza.com\/index.php?rest_route=\/wp\/v2\/posts\/14313\/revisions\/14315"}],"wp:featuredmedia":[{"embeddable":true,"href":"https:\/\/pasaenmendoza.com\/index.php?rest_route=\/wp\/v2\/media\/14314"}],"wp:attachment":[{"href":"https:\/\/pasaenmendoza.com\/index.php?rest_route=%2Fwp%2Fv2%2Fmedia&parent=14313"}],"wp:term":[{"taxonomy":"category","embeddable":true,"href":"https:\/\/pasaenmendoza.com\/index.php?rest_route=%2Fwp%2Fv2%2Fcategories&post=14313"},{"taxonomy":"post_tag","embeddable":true,"href":"https:\/\/pasaenmendoza.com\/index.php?rest_route=%2Fwp%2Fv2%2Ftags&post=14313"}],"curies":[{"name":"wp","href":"https:\/\/api.w.org\/{rel}","templated":true}]}}