{"id":14316,"date":"2025-08-20T22:27:06","date_gmt":"2025-08-20T20:27:06","guid":{"rendered":"https:\/\/pasaenmendoza.com\/?p=14316"},"modified":"2025-08-20T22:27:07","modified_gmt":"2025-08-20T20:27:07","slug":"cornejo-expuso-en-buenos-aires-la-estrategia-mendocina-para-atraer-inversiones-petroleras","status":"publish","type":"post","link":"https:\/\/pasaenmendoza.com\/?p=14316","title":{"rendered":"Cornejo expuso en Buenos Aires la estrategia mendocina para atraer inversiones petroleras"},"content":{"rendered":"\n<p>El\u00a0<strong>Gobernador Alfredo Cornejo<\/strong>\u00a0particip\u00f3 en la\u00a0<strong>Ciudad de Buenos Aires<\/strong>\u00a0de un encuentro con empresarios del\u00a0<strong>Club del Petr\u00f3leo<\/strong>, donde fue el\u00a0<strong>\u00fanico orador<\/strong>. Acompa\u00f1ado por los\u00a0<strong>senadores nacionales Mariana Juri y\u00a0Rodolfo Su\u00e1rez<\/strong>\u00a0y la\u00a0<strong>ministra de Energ\u00eda y Ambiente, Jimena Latorre<\/strong>, el mandatario expuso la estrategia de\u00a0<strong>Mendoza<\/strong>\u00a0para recuperar protagonismo en la\u00a0<strong>producci\u00f3n de hidrocarburos<\/strong>.<\/p>\n\n\n\n<p>En su presentaci\u00f3n, Cornejo record\u00f3 que la provincia fue hist\u00f3ricamente la\u00a0<strong>segunda productora de petr\u00f3leo<\/strong>\u00a0del pa\u00eds, aunque actualmente ocupa el\u00a0<strong>cuarto lugar<\/strong>. Explic\u00f3 que la concentraci\u00f3n de inversiones en\u00a0<strong>Vaca Muerta<\/strong>\u00a0redujo la actividad en las cuencas convencionales, aunque se\u00f1al\u00f3 que a\u00fan existe potencial para su desarrollo, especialmente con empresas m\u00e1s peque\u00f1as y eficientes.<\/p>\n\n\n\n<p>El Gobernador detall\u00f3 las medidas implementadas para favorecer las inversiones, como la&nbsp;<strong>reducci\u00f3n de regal\u00edas a la producci\u00f3n incremental<\/strong>, la posibilidad de&nbsp;<strong>regal\u00edas cero en determinados pozos<\/strong>, un&nbsp;<strong>sistema de licitaci\u00f3n continua de \u00e1reas<\/strong>, la&nbsp;<strong>reglamentaci\u00f3n de la iniciativa privada<\/strong>&nbsp;y la creaci\u00f3n de una&nbsp;<strong>base de datos p\u00fablica<\/strong>&nbsp;que facilite la toma de decisiones.<\/p>\n\n\n\n<p>Cornejo vincul\u00f3 la pol\u00edtica energ\u00e9tica con el marco institucional y subray\u00f3 que la\u00a0<strong>seguridad jur\u00eddica<\/strong>\u00a0de la provincia se apoya en reglas claras, como la\u00a0<strong>prohibici\u00f3n de la reelecci\u00f3n del gobernador<\/strong>, la reducci\u00f3n progresiva de\u00a0<strong>Ingresos Brutos<\/strong>\u00a0y la ausencia de\u00a0<strong>denuncias por corrupci\u00f3n<\/strong>.<\/p>\n\n\n\n<p>En relaci\u00f3n a la coyuntura nacional, respald\u00f3 el rumbo del presidente\u00a0<strong>Javier Milei<\/strong>\u00a0y plante\u00f3 la necesidad de avanzar con\u00a0<strong>reformas estructurales<\/strong>\u00a0en los \u00e1mbitos\u00a0<strong>tributario, laboral y fiscal<\/strong>. Record\u00f3 adem\u00e1s que participa en el\u00a0<strong>Consejo de Mayo<\/strong>, donde se debaten reformas vinculadas a los\u00a0<strong>recursos naturales<\/strong>, la\u00a0<strong>educaci\u00f3n<\/strong>\u00a0y la\u00a0<strong>propiedad privada<\/strong>.<\/p>\n\n\n\n<p><strong>Fuente: www.diariomendoza.com.ar<\/strong><\/p>\n","protected":false},"excerpt":{"rendered":"<p>El\u00a0Gobernador Alfredo Cornejo\u00a0particip\u00f3 en la\u00a0Ciudad de Buenos Aires\u00a0de un encuentro con empresarios del\u00a0Club del Petr\u00f3leo, donde fue el\u00a0\u00fanico orador. Acompa\u00f1ado por los\u00a0senadores nacionales Mariana Juri y\u00a0Rodolfo Su\u00e1rez\u00a0y la\u00a0ministra de Energ\u00eda y Ambiente, Jimena Latorre, el mandatario expuso la estrategia de\u00a0Mendoza\u00a0para recuperar protagonismo en la\u00a0producci\u00f3n de hidrocarburos. En su presentaci\u00f3n, Cornejo record\u00f3 que la provincia fue [&hellip;]<\/p>\n","protected":false},"author":2,"featured_media":14317,"comment_status":"open","ping_status":"open","sticky":false,"template":"","format":"standard","meta":[],"categories":[47],"tags":[],"_links":{"self":[{"href":"https:\/\/pasaenmendoza.com\/index.php?rest_route=\/wp\/v2\/posts\/14316"}],"collection":[{"href":"https:\/\/pasaenmendoza.com\/index.php?rest_route=\/wp\/v2\/posts"}],"about":[{"href":"https:\/\/pasaenmendoza.com\/index.php?rest_route=\/wp\/v2\/types\/post"}],"author":[{"embeddable":true,"href":"https:\/\/pasaenmendoza.com\/index.php?rest_route=\/wp\/v2\/users\/2"}],"replies":[{"embeddable":true,"href":"https:\/\/pasaenmendoza.com\/index.php?rest_route=%2Fwp%2Fv2%2Fcomments&post=14316"}],"version-history":[{"count":1,"href":"https:\/\/pasaenmendoza.com\/index.php?rest_route=\/wp\/v2\/posts\/14316\/revisions"}],"predecessor-version":[{"id":14318,"href":"https:\/\/pasaenmendoza.com\/index.php?rest_route=\/wp\/v2\/posts\/14316\/revisions\/14318"}],"wp:featuredmedia":[{"embeddable":true,"href":"https:\/\/pasaenmendoza.com\/index.php?rest_route=\/wp\/v2\/media\/14317"}],"wp:attachment":[{"href":"https:\/\/pasaenmendoza.com\/index.php?rest_route=%2Fwp%2Fv2%2Fmedia&parent=14316"}],"wp:term":[{"taxonomy":"category","embeddable":true,"href":"https:\/\/pasaenmendoza.com\/index.php?rest_route=%2Fwp%2Fv2%2Fcategories&post=14316"},{"taxonomy":"post_tag","embeddable":true,"href":"https:\/\/pasaenmendoza.com\/index.php?rest_route=%2Fwp%2Fv2%2Ftags&post=14316"}],"curies":[{"name":"wp","href":"https:\/\/api.w.org\/{rel}","templated":true}]}}