{"id":14325,"date":"2025-08-21T15:50:11","date_gmt":"2025-08-21T13:50:11","guid":{"rendered":"https:\/\/pasaenmendoza.com\/?p=14325"},"modified":"2025-08-21T15:50:12","modified_gmt":"2025-08-21T13:50:12","slug":"el-tiempo-en-mendoza-para-este-jueves-llega-el-zonda-y-hay-alerta-en-toda-la-provincia","status":"publish","type":"post","link":"https:\/\/pasaenmendoza.com\/?p=14325","title":{"rendered":"El tiempo en Mendoza para este jueves: llega el Zonda y hay alerta en toda la provincia"},"content":{"rendered":"\n<p>La&nbsp;<strong>temperatura m\u00e1xima para este jueves ser\u00e1 de 25 grados<\/strong>.&nbsp;<strong>La m\u00ednima descender\u00e1 a los 6 grados cent\u00edgrados.<\/strong><\/p>\n\n\n\n<p>Habra \u201c<em>nubosidad variable con ascenso de la temperatura<\/em>\u201c.<\/p>\n\n\n\n<p>\u201c<em><strong>Viento zonda en precordillera. Viento zonda en el llano de intensidad moderada a fuerte soplando durante la tarde<\/strong><\/em>\u201c, recalc\u00f3 el pron\u00f3stico de la Direcci\u00f3n de Contingencias Clim\u00e1ticas.<\/p>\n\n\n\n<p>El tiempo en alta monta\u00f1a: \u201c<em><strong>Temporal de viento y nieve en cordillera<\/strong><\/em>\u201c. Mal tiempo generalizado con precipitaciones n\u00edveas intensas que comenzar\u00e1n en el sector Norte-Centro y se extender\u00e1n hacia el sur.\u00a0<strong>Se prev\u00e9 una acumulaci\u00f3n de 50 cent\u00edmetros de nieve.<\/strong><\/p>\n\n\n\n<h2 class=\"wp-block-heading\" id=\"h-dos-alertas\">Dos alertas<\/h2>\n\n\n\n<p>El Servicio Meteorol\u00f3gico Nacional dispuso<strong>&nbsp;el alerta en nivel amarillo para toda la provincia por el Zonda, en horario de tarde y noche.<\/strong><\/p>\n\n\n\n<p><strong>En algunas zonas, como el Este y el Sur de la provincia, se extender\u00e1 hasta la madrugada y ma\u00f1ana del viernes.<\/strong><\/p>\n\n\n\n<p>Implica que \u201c<em>el \u00e1rea podr\u00e1 ser afectada por viento Zonda con\u00a0<strong>velocidades estimadas entre 35 y 50 kil\u00f3metro por hora, con r\u00e1fagas que pueden superar los 75 kil\u00f3metros por hora de manera puntual<\/strong>. Este fen\u00f3meno puede provocar reducci\u00f3n de la visibilidad, un aumento repentino de la temperatura y condiciones de humedad relativa muy bajas<\/em>\u201c.<\/p>\n\n\n\n<p><strong>Tambi\u00e9n hay alerta por nevadas<\/strong>&nbsp;para la Cordillera de Las Heras, Cordillera de Luj\u00e1n de Cuyo y Cordillera de Tupungato. Tambi\u00e9n para la Cordillera de Malarg\u00fce y la Cordillera de San Rafael.<\/p>\n\n\n\n<p>Esto implica: \u201c<em>El \u00e1rea cordillerana ser\u00e1 afectada por\u00a0<strong>nevadas persistentes de variada intensidad, algunas fuertes. Se prev\u00e9n valores de nieve acumulada entre 60 y 80 cent\u00edmetros en todo el per\u00edodo de alerta<\/strong>. La situaci\u00f3n estar\u00e1 acompa\u00f1ada por\u00a0<\/em><strong><em>vientos intensos, con probable ocurrencia de viento blanco<\/em>\u201c.<\/strong><\/p>\n\n\n\n<p><strong>Fuente: www.elsol.com.ar<\/strong><\/p>\n","protected":false},"excerpt":{"rendered":"<p>La&nbsp;temperatura m\u00e1xima para este jueves ser\u00e1 de 25 grados.&nbsp;La m\u00ednima descender\u00e1 a los 6 grados cent\u00edgrados. Habra \u201cnubosidad variable con ascenso de la temperatura\u201c. \u201cViento zonda en precordillera. Viento zonda en el llano de intensidad moderada a fuerte soplando durante la tarde\u201c, recalc\u00f3 el pron\u00f3stico de la Direcci\u00f3n de Contingencias Clim\u00e1ticas. El tiempo en alta [&hellip;]<\/p>\n","protected":false},"author":2,"featured_media":14326,"comment_status":"open","ping_status":"open","sticky":false,"template":"","format":"standard","meta":[],"categories":[52],"tags":[],"_links":{"self":[{"href":"https:\/\/pasaenmendoza.com\/index.php?rest_route=\/wp\/v2\/posts\/14325"}],"collection":[{"href":"https:\/\/pasaenmendoza.com\/index.php?rest_route=\/wp\/v2\/posts"}],"about":[{"href":"https:\/\/pasaenmendoza.com\/index.php?rest_route=\/wp\/v2\/types\/post"}],"author":[{"embeddable":true,"href":"https:\/\/pasaenmendoza.com\/index.php?rest_route=\/wp\/v2\/users\/2"}],"replies":[{"embeddable":true,"href":"https:\/\/pasaenmendoza.com\/index.php?rest_route=%2Fwp%2Fv2%2Fcomments&post=14325"}],"version-history":[{"count":1,"href":"https:\/\/pasaenmendoza.com\/index.php?rest_route=\/wp\/v2\/posts\/14325\/revisions"}],"predecessor-version":[{"id":14327,"href":"https:\/\/pasaenmendoza.com\/index.php?rest_route=\/wp\/v2\/posts\/14325\/revisions\/14327"}],"wp:featuredmedia":[{"embeddable":true,"href":"https:\/\/pasaenmendoza.com\/index.php?rest_route=\/wp\/v2\/media\/14326"}],"wp:attachment":[{"href":"https:\/\/pasaenmendoza.com\/index.php?rest_route=%2Fwp%2Fv2%2Fmedia&parent=14325"}],"wp:term":[{"taxonomy":"category","embeddable":true,"href":"https:\/\/pasaenmendoza.com\/index.php?rest_route=%2Fwp%2Fv2%2Fcategories&post=14325"},{"taxonomy":"post_tag","embeddable":true,"href":"https:\/\/pasaenmendoza.com\/index.php?rest_route=%2Fwp%2Fv2%2Ftags&post=14325"}],"curies":[{"name":"wp","href":"https:\/\/api.w.org\/{rel}","templated":true}]}}