{"id":14328,"date":"2025-08-21T16:07:25","date_gmt":"2025-08-21T14:07:25","guid":{"rendered":"https:\/\/pasaenmendoza.com\/?p=14328"},"modified":"2025-08-21T16:07:26","modified_gmt":"2025-08-21T14:07:26","slug":"los-cortes-de-ruta-por-el-traslado-del-reactor-de-impsa","status":"publish","type":"post","link":"https:\/\/pasaenmendoza.com\/?p=14328","title":{"rendered":"Los cortes de ruta por el traslado del reactor de IMPSA"},"content":{"rendered":"\n<p>Dos acontecimientos distintos de gran importancia para el sur del\u00a0<strong>Gran Mendoza<\/strong>\u00a0demandar\u00e1n cortes de rutas.<\/p>\n\n\n\n<p>Por un lado,\u00a0<strong>Vialidad de Mendoza<\/strong>\u00a0inform\u00f3 que\u00a0<strong>queda cortado desde este jueves y por las pr\u00f3ximas 72 horas el tr\u00e1nsito en la Ruta Provincial 15 y el puente de la Ruta Nacional 7<\/strong>, ya que una empresa privada comenz\u00f3 con la instalaci\u00f3n de los soportes bajo el puente para poder pasar por all\u00ed con el reactor de m\u00e1s de 400 toneladas que es trasladado desde IMPSA hasta la refiner\u00eda de YPF.<\/p>\n\n\n\n<p>Si los trabajos se concretan en los tiempos \u00f3ptimos calculados, la RP 15 podr\u00eda estar liberada en 48 horas.<\/p>\n\n\n\n<p><strong>Mientras tanto, en otro punto de Luj\u00e1n<\/strong>, permanecer\u00e1&nbsp;<strong>totalmente cortada<\/strong>&nbsp;al tr\u00e1nsito la&nbsp;<strong>Ruta Provincial 60&nbsp;<\/strong>a la altura de la nueva rotonda de la calle Terrada, entre las 10 y las 18. Las opciones de circulaci\u00f3n ser\u00e1n las calles Vieytes, lateral este del Acceso Sur, Zapiola y Bulnes.<\/p>\n\n\n\n<p>El motivo obedece a que Vialidad provincial quitar\u00e1 dos columnas dobles y dos columnas simples de hormig\u00f3n, y de unos 10 metros de altura, que transportan el tendido de media tensi\u00f3n, maniobra que posteriormente permitir\u00e1 instalar y dar iluminaci\u00f3n propia y nueva a la rotonda.<\/p>\n\n\n\n<p>Los trabajos en la RP 60 y Terrada involucran a Edemsa, que debe bajar el cableado de media tensi\u00f3n instalado para que la DPV se encargue luego de quitar las columnas.<\/p>\n\n\n\n<p>En cuanto a la RP 15 y el puente de la Ruta Nacional 7, por donde pasar\u00e1 el reactor, la empresa encargada le inform\u00f3 a Vialidad que all\u00ed se desarrollar\u00e1 la tarea en tres etapas: la colocaci\u00f3n de los soportes, que ya est\u00e1 en marcha; el traslado del reactor por encima del puente, que es lo que podr\u00eda demandar m\u00e1s tiempo, y el desmonte de los pilares para recuperar el tr\u00e1nsito vial.<\/p>\n\n\n\n<p>Mientras el corte est\u00e9 en curso, los preventores viales de la Municipalidad de Luj\u00e1n estar\u00e1n a cargo de desviar el tr\u00e1nsito y disponer de las alternativas de circulaci\u00f3n para los veh\u00edculos que atraviesen la zona.<\/p>\n\n\n\n<p><strong>Fuente: www.mendozapost.com<\/strong><\/p>\n","protected":false},"excerpt":{"rendered":"<p>Dos acontecimientos distintos de gran importancia para el sur del\u00a0Gran Mendoza\u00a0demandar\u00e1n cortes de rutas. Por un lado,\u00a0Vialidad de Mendoza\u00a0inform\u00f3 que\u00a0queda cortado desde este jueves y por las pr\u00f3ximas 72 horas el tr\u00e1nsito en la Ruta Provincial 15 y el puente de la Ruta Nacional 7, ya que una empresa privada comenz\u00f3 con la instalaci\u00f3n de [&hellip;]<\/p>\n","protected":false},"author":2,"featured_media":14329,"comment_status":"open","ping_status":"open","sticky":false,"template":"","format":"standard","meta":[],"categories":[50],"tags":[],"_links":{"self":[{"href":"https:\/\/pasaenmendoza.com\/index.php?rest_route=\/wp\/v2\/posts\/14328"}],"collection":[{"href":"https:\/\/pasaenmendoza.com\/index.php?rest_route=\/wp\/v2\/posts"}],"about":[{"href":"https:\/\/pasaenmendoza.com\/index.php?rest_route=\/wp\/v2\/types\/post"}],"author":[{"embeddable":true,"href":"https:\/\/pasaenmendoza.com\/index.php?rest_route=\/wp\/v2\/users\/2"}],"replies":[{"embeddable":true,"href":"https:\/\/pasaenmendoza.com\/index.php?rest_route=%2Fwp%2Fv2%2Fcomments&post=14328"}],"version-history":[{"count":1,"href":"https:\/\/pasaenmendoza.com\/index.php?rest_route=\/wp\/v2\/posts\/14328\/revisions"}],"predecessor-version":[{"id":14330,"href":"https:\/\/pasaenmendoza.com\/index.php?rest_route=\/wp\/v2\/posts\/14328\/revisions\/14330"}],"wp:featuredmedia":[{"embeddable":true,"href":"https:\/\/pasaenmendoza.com\/index.php?rest_route=\/wp\/v2\/media\/14329"}],"wp:attachment":[{"href":"https:\/\/pasaenmendoza.com\/index.php?rest_route=%2Fwp%2Fv2%2Fmedia&parent=14328"}],"wp:term":[{"taxonomy":"category","embeddable":true,"href":"https:\/\/pasaenmendoza.com\/index.php?rest_route=%2Fwp%2Fv2%2Fcategories&post=14328"},{"taxonomy":"post_tag","embeddable":true,"href":"https:\/\/pasaenmendoza.com\/index.php?rest_route=%2Fwp%2Fv2%2Ftags&post=14328"}],"curies":[{"name":"wp","href":"https:\/\/api.w.org\/{rel}","templated":true}]}}