{"id":14335,"date":"2025-08-21T22:37:36","date_gmt":"2025-08-21T20:37:36","guid":{"rendered":"https:\/\/pasaenmendoza.com\/?p=14335"},"modified":"2025-08-21T22:37:37","modified_gmt":"2025-08-21T20:37:37","slug":"planificaron-un-operativo-para-que-hinchas-de-la-u-de-chile-pasen-custodiados-por-mendoza","status":"publish","type":"post","link":"https:\/\/pasaenmendoza.com\/?p=14335","title":{"rendered":"Planificaron un operativo para que hinchas de la U. de Chile pasen custodiados por Mendoza"},"content":{"rendered":"\n<p>Tres micros con\u00a0hinchas de la\u00a0<strong>U. de Chile<\/strong> tienen registrado su ingreso por\u00a0<strong>Mendoza<\/strong>\u00a0y se espera que vuelvan a pasar por la provincia para cruzar a su pa\u00eds, tras el partido de<strong>\u00a0Copa Sudamericana<\/strong>\u00a0que se cancel\u00f3 producto de graves incidentes con la barra de\u00a0<strong>Independiente de Avellaneda<\/strong>.<\/p>\n\n\n\n<p>Por el momento est\u00e1n encapsulados en Buenos Aires y, una vez que el&nbsp;<strong>Ministerio de Seguridad<\/strong>&nbsp;de la Naci\u00f3n emita la orden de salida, comenzar\u00e1n el viaje por las rutas argentinas hasta llegar al Paso Cristo Redentor.<\/p>\n\n\n\n<p>Ese trayecto es el que, en direcci\u00f3n contraria, hicieron para llegar a Avellaneda, donde se disputaron apenas 48 minutos del&nbsp;<strong>partido de vuelta de octavos de final<\/strong>.<\/p>\n\n\n\n<p>La diferencia hoy es que el\u00a0<strong>paso a Chile<\/strong>\u00a0est\u00e1 cerrado y, por pron\u00f3stico de nevadas, as\u00ed continuar\u00eda al menos hasta el s\u00e1bado.<\/p>\n\n\n\n<p>Por ello, y si bien no hay una indicaci\u00f3n oficial al respecto hasta el momento, una de las opciones es que los&nbsp;<strong>hinchas de la<\/strong>&nbsp;<strong>Universidad de Chile<\/strong>&nbsp;permanezcan en Buenos Aires hasta tanto se resuelva la apertura del Cristo Redentor.<\/p>\n\n\n\n<h2 class=\"wp-block-heading\">Operativo de seguridad por los hinchas de la U. de Chile<\/h2>\n\n\n\n<p>Como cada vez que llegan o pasan por&nbsp;<strong>Mendoza<\/strong>&nbsp;hinchas extranjeros o de otras provincias, los micros de la&nbsp;<strong>Universidad de Chile<\/strong>&nbsp;ser\u00e1n escoltados, en c\u00e1psulas, provincia por provincia hasta que salgan del pa\u00eds.<\/p>\n\n\n\n<p>Desde el\u00a0<strong>Ministerio de Seguridad<\/strong>\u00a0de Mercedes Rus explicaron que el operativo policial puede incluir requisas conjuntas, con la Polic\u00eda de San Luis en Desaguadero, o con Gendarmer\u00eda, a la altura de Zapata, seg\u00fan la ruta que siga la c\u00e1psula.<\/p>\n\n\n\n<p>Debido a los&nbsp;<strong>graves incidentes<\/strong>&nbsp;que ocurrieron en la noche del mi\u00e9rcoles, desde Mendoza esperan con especial atenci\u00f3n las indicaciones que surjan desde Naci\u00f3n.<\/p>\n\n\n\n<p>Seg\u00fan indicaron medios chilenos, 19 personas fueron atendidas en tres hospitales de Buenos Aires. El hincha que cay\u00f3 desde lo alto de la tribuna de la&nbsp;<strong>U. de Chile&nbsp;<\/strong>fue operado de urgencia y se encuentra en estado \u201cdelicado\u201d.<\/p>\n\n\n\n<p>Jos\u00e9 Antonio Viera-Gallo,&nbsp;<strong>embajador chileno<\/strong>&nbsp;en Argentina, confirm\u00f3 que a\u00fan hay 97 detenidos.<\/p>\n\n\n\n<h2 class=\"wp-block-heading\">Hinchas brasile\u00f1os en Mendoza<\/h2>\n\n\n\n<p>Por otra parte, unos\u00a0<strong>150 hinchas brasile\u00f1os<\/strong>\u00a0ya se encuentran en Mendoza por la disputa del partido de\u00a0<strong>Copa Sudamericana entre\u00a0Godoy Cruz y Atl\u00e9tico Mineiro<\/strong>. El encuentro se jugar\u00e1 desde las 19, en el estadio Feliciano Gambarte.<\/p>\n\n\n\n<p>Para garantizar el orden, el Ministerio inform\u00f3 que habr\u00e1 un operativo con 650 efectivos entre polic\u00edas y agentes de&nbsp;<strong>seguridad<\/strong>&nbsp;privada.<\/p>\n\n\n\n<p>Adem\u00e1s, habr\u00e1&nbsp;<strong>cortes de calles<\/strong>&nbsp;desde las 13.30:<\/p>\n\n\n\n<ul>\n<li>Avenida Gobernador R. Videla y bajada a calle Montecaseros, costado Oeste y Este (1 efectivo con moto)<\/li>\n\n\n\n<li>Balcarce y General Espejo (Guaymall\u00e9n)<\/li>\n\n\n\n<li>Lencinas y Remedios de Escalada<\/li>\n\n\n\n<li>Lencinas y Mitre<\/li>\n\n\n\n<li>Avellaneda y Belgrano<\/li>\n\n\n\n<li>Montecaseros y Balcarce<\/li>\n\n\n\n<li>Zapala y Brandsen<\/li>\n\n\n\n<li>Lencinas y Godoy Cruz (corte de circulaci\u00f3n Lencinas al Oeste)<\/li>\n\n\n\n<li>Balcarce y J. Newbery (sobre el puente \u2013 corte circulaci\u00f3n al Norte)<\/li>\n\n\n\n<li>A. Tomba y Aconcagua (corte circulaci\u00f3n calle Tomba)<\/li>\n\n\n\n<li>A. Tomba y Dorrego (corte circulaci\u00f3n calle Tomba)<\/li>\n\n\n\n<li>Lencinas y Belgrano<\/li>\n\n\n\n<li>Belgrano y Dorrego<\/li>\n<\/ul>\n\n\n\n<p><strong>Fuente: www.diariouno.com.ar<\/strong><\/p>\n","protected":false},"excerpt":{"rendered":"<p>Tres micros con\u00a0hinchas de la\u00a0U. de Chile tienen registrado su ingreso por\u00a0Mendoza\u00a0y se espera que vuelvan a pasar por la provincia para cruzar a su pa\u00eds, tras el partido de\u00a0Copa Sudamericana\u00a0que se cancel\u00f3 producto de graves incidentes con la barra de\u00a0Independiente de Avellaneda. Por el momento est\u00e1n encapsulados en Buenos Aires y, una vez que [&hellip;]<\/p>\n","protected":false},"author":2,"featured_media":14336,"comment_status":"open","ping_status":"open","sticky":false,"template":"","format":"standard","meta":[],"categories":[81],"tags":[],"_links":{"self":[{"href":"https:\/\/pasaenmendoza.com\/index.php?rest_route=\/wp\/v2\/posts\/14335"}],"collection":[{"href":"https:\/\/pasaenmendoza.com\/index.php?rest_route=\/wp\/v2\/posts"}],"about":[{"href":"https:\/\/pasaenmendoza.com\/index.php?rest_route=\/wp\/v2\/types\/post"}],"author":[{"embeddable":true,"href":"https:\/\/pasaenmendoza.com\/index.php?rest_route=\/wp\/v2\/users\/2"}],"replies":[{"embeddable":true,"href":"https:\/\/pasaenmendoza.com\/index.php?rest_route=%2Fwp%2Fv2%2Fcomments&post=14335"}],"version-history":[{"count":1,"href":"https:\/\/pasaenmendoza.com\/index.php?rest_route=\/wp\/v2\/posts\/14335\/revisions"}],"predecessor-version":[{"id":14337,"href":"https:\/\/pasaenmendoza.com\/index.php?rest_route=\/wp\/v2\/posts\/14335\/revisions\/14337"}],"wp:featuredmedia":[{"embeddable":true,"href":"https:\/\/pasaenmendoza.com\/index.php?rest_route=\/wp\/v2\/media\/14336"}],"wp:attachment":[{"href":"https:\/\/pasaenmendoza.com\/index.php?rest_route=%2Fwp%2Fv2%2Fmedia&parent=14335"}],"wp:term":[{"taxonomy":"category","embeddable":true,"href":"https:\/\/pasaenmendoza.com\/index.php?rest_route=%2Fwp%2Fv2%2Fcategories&post=14335"},{"taxonomy":"post_tag","embeddable":true,"href":"https:\/\/pasaenmendoza.com\/index.php?rest_route=%2Fwp%2Fv2%2Ftags&post=14335"}],"curies":[{"name":"wp","href":"https:\/\/api.w.org\/{rel}","templated":true}]}}