{"id":1434,"date":"2023-09-13T15:25:58","date_gmt":"2023-09-13T13:25:58","guid":{"rendered":"https:\/\/pasaenmendoza.com\/?p=1434"},"modified":"2023-09-13T15:25:59","modified_gmt":"2023-09-13T13:25:59","slug":"inflacion-se-conoce-el-dato-de-agosto-y-se-espera-que-sea-el-mas-alto-en-los-ultimos-30-anos","status":"publish","type":"post","link":"https:\/\/pasaenmendoza.com\/?p=1434","title":{"rendered":"Inflaci\u00f3n: se conoce el dato de agosto y se espera que sea el m\u00e1s alto en los \u00faltimos 30 a\u00f1os"},"content":{"rendered":"\n<p>Este mi\u00e9rcoles, el\u00a0<strong>Instituto Nacional de Estad\u00edsticas y Censos<\/strong>\u00a0(<em>INDEC)<\/em>\u00a0dar\u00e1 a conocer la dato de\u00a0<strong>inflaci\u00f3n\u00a0<\/strong>del mes de\u00a0<strong>agosto<\/strong>, el cual, producto del impacto de la devaluaci\u00f3n del 22%, ser\u00eda de dos d\u00edgitos.<\/p>\n\n\n\n<p>Analistas indicaron que la cifra se ubicar\u00eda en torno al 11%. De confirmarse,<mark>\u00a0se tratar\u00eda el incremento inter mensual m\u00e1s importante desde marzo de 1991, en plena salida de la hiperinflaci\u00f3n.<\/mark><\/p>\n\n\n\n<p>En tanto, la inflaci\u00f3n acumulada en lo que va del 2023 rondar\u00e1 el 80%, un 20% m\u00e1s de lo que el ministro de Econom\u00eda Sergio Massa hab\u00eda estimado para todo el a\u00f1o.<\/p>\n\n\n\n<p>La preocupaci\u00f3n no s\u00f3lo es por el impacto de la suba de precios durante el mes de agosto, sino que por efecto arrastre, se espera que en septiembre la inflaci\u00f3n sea superior al 9%, llevando el acumulado anual cerca del 100%, a falta de tres meses para finalizar el 2023.<\/p>\n\n\n\n<p>Alimentos y bebidas ser\u00eda el rubro que m\u00e1s subi\u00f3 durante el octavo mes del a\u00f1o, con un promedio del 14%, impulsado principalmente por el incremento en la carne, que fue superior al 50% en algunos cortes.<\/p>\n\n\n\n<p><strong>Fuente: www.elsol.com.ar<\/strong><\/p>\n","protected":false},"excerpt":{"rendered":"<p>Este mi\u00e9rcoles, el\u00a0Instituto Nacional de Estad\u00edsticas y Censos\u00a0(INDEC)\u00a0dar\u00e1 a conocer la dato de\u00a0inflaci\u00f3n\u00a0del mes de\u00a0agosto, el cual, producto del impacto de la devaluaci\u00f3n del 22%, ser\u00eda de dos d\u00edgitos. Analistas indicaron que la cifra se ubicar\u00eda en torno al 11%. De confirmarse,\u00a0se tratar\u00eda el incremento inter mensual m\u00e1s importante desde marzo de 1991, en plena [&hellip;]<\/p>\n","protected":false},"author":2,"featured_media":1435,"comment_status":"open","ping_status":"open","sticky":false,"template":"","format":"standard","meta":[],"categories":[49],"tags":[],"_links":{"self":[{"href":"https:\/\/pasaenmendoza.com\/index.php?rest_route=\/wp\/v2\/posts\/1434"}],"collection":[{"href":"https:\/\/pasaenmendoza.com\/index.php?rest_route=\/wp\/v2\/posts"}],"about":[{"href":"https:\/\/pasaenmendoza.com\/index.php?rest_route=\/wp\/v2\/types\/post"}],"author":[{"embeddable":true,"href":"https:\/\/pasaenmendoza.com\/index.php?rest_route=\/wp\/v2\/users\/2"}],"replies":[{"embeddable":true,"href":"https:\/\/pasaenmendoza.com\/index.php?rest_route=%2Fwp%2Fv2%2Fcomments&post=1434"}],"version-history":[{"count":1,"href":"https:\/\/pasaenmendoza.com\/index.php?rest_route=\/wp\/v2\/posts\/1434\/revisions"}],"predecessor-version":[{"id":1436,"href":"https:\/\/pasaenmendoza.com\/index.php?rest_route=\/wp\/v2\/posts\/1434\/revisions\/1436"}],"wp:featuredmedia":[{"embeddable":true,"href":"https:\/\/pasaenmendoza.com\/index.php?rest_route=\/wp\/v2\/media\/1435"}],"wp:attachment":[{"href":"https:\/\/pasaenmendoza.com\/index.php?rest_route=%2Fwp%2Fv2%2Fmedia&parent=1434"}],"wp:term":[{"taxonomy":"category","embeddable":true,"href":"https:\/\/pasaenmendoza.com\/index.php?rest_route=%2Fwp%2Fv2%2Fcategories&post=1434"},{"taxonomy":"post_tag","embeddable":true,"href":"https:\/\/pasaenmendoza.com\/index.php?rest_route=%2Fwp%2Fv2%2Ftags&post=1434"}],"curies":[{"name":"wp","href":"https:\/\/api.w.org\/{rel}","templated":true}]}}