{"id":14341,"date":"2025-08-21T22:44:06","date_gmt":"2025-08-21T20:44:06","guid":{"rendered":"https:\/\/pasaenmendoza.com\/?p=14341"},"modified":"2025-08-21T22:44:07","modified_gmt":"2025-08-21T20:44:07","slug":"impulsado-por-julio-cobos-diputados-aprobo-cambiar-el-huso-horario-en-invierno","status":"publish","type":"post","link":"https:\/\/pasaenmendoza.com\/?p=14341","title":{"rendered":"Impulsado por Julio Cobos, Diputados aprob\u00f3 cambiar el huso horario en invierno"},"content":{"rendered":"\n<p>La<strong>\u00a0C\u00e1mara de Diputados\u00a0<\/strong>aprob\u00f3 un proyecto de ley para cambiar el\u00a0<strong>huso horario\u00a0<\/strong>de Argentina durante el invierno, para que amanezca mas temprano y con la finalidad de ahorrar energ\u00eda. Es decir, se atrasar\u00edan una hora los relojes.\u00a0<\/p>\n\n\n\n<p>El tratamiento fue aprobado con 151 votos a favor, 66 en contra y &nbsp;8 abstenciones, y ahora deber\u00e1 ser debatido en el Senado para que se convierta en ley.<\/p>\n\n\n\n<p>Si se aprueba el cambio, el objetivo es alinear el horario nacional con la luz solar y reducir el consumo de energ\u00eda el\u00e9ctrica artificial.<\/p>\n\n\n\n<p>El proyecto fue consensuado en base a las iniciativas de los<strong>\u00a0diputados<\/strong>\u00a0de la UCR\u00a0<strong>Julio Cobos<\/strong>, de Innovaci\u00f3n Federal Pamela Calletti, de UxP Gisela Marziotta y de Encuentro Federal Oscar Agost Carrre\u00f1o.<\/p>\n\n\n\n<p>La iniciativa establece como hora oficial en todo el territorio del pa\u00eds \u201cla del\u00a0<strong>huso horario\u00a0<\/strong>de cuatro (4) horas al oeste del meridiano de Greenwich, en concordancia con la que le corresponde a la Rep\u00fablica Argentina dentro del Sistema Internacional de los\u00a0<strong>Husos Horarios<\/strong>\u201d.<\/p>\n\n\n\n<p>\u201cEstabl\u00e9zcase la hora correspondiente al&nbsp;<strong>huso horario<\/strong>&nbsp;de tres (3) horas al Oeste de meridiano de Greenwich durante la \u00e9poca correspondiente al periodo estival, atendiendo a razones debidamente justificadas que as\u00ed lo aconsejen\u201d, se\u00f1ala el texto aprobado..<\/p>\n\n\n\n<p>Tambi\u00e9n fija que el per\u00edodo invernal comenzar\u00e1 el primer domingo de abril a las cero (00:00) hora; y el per\u00edodo estival, el primer domingo de septiembre de cada a\u00f1o a la cero (00:00) hora&#8221;.<\/p>\n\n\n\n<p>El proyecto impulsa a que el Gobierno nacional invite a los pa\u00edses integrantes del Mercosur a establecer sus horas oficiales, dentro de sus respectivos<strong>\u00a0husos horarios,\u00a0<\/strong>coordinando sus fechas de modificaci\u00f3n a fin de facilitar, entre otras, las relaciones de sus actividades comerciales, burs\u00e1tiles, bancarias y de transporte.\u00a0<\/p>\n\n\n\n<p>Adem\u00e1s, que el Poder Ejecutivo, a trav\u00e9s de la autoridad de aplicaci\u00f3n que designe, realice peri\u00f3dicamente los estudios pertinentes que permitan evaluar las consecuencias de la implementaci\u00f3n del cambio.\u00a0<\/p>\n\n\n\n<p><strong>Fuente: www.diariomendoza.com.ar<\/strong><\/p>\n","protected":false},"excerpt":{"rendered":"<p>La\u00a0C\u00e1mara de Diputados\u00a0aprob\u00f3 un proyecto de ley para cambiar el\u00a0huso horario\u00a0de Argentina durante el invierno, para que amanezca mas temprano y con la finalidad de ahorrar energ\u00eda. Es decir, se atrasar\u00edan una hora los relojes.\u00a0 El tratamiento fue aprobado con 151 votos a favor, 66 en contra y &nbsp;8 abstenciones, y ahora deber\u00e1 ser debatido [&hellip;]<\/p>\n","protected":false},"author":2,"featured_media":14342,"comment_status":"open","ping_status":"open","sticky":false,"template":"","format":"standard","meta":[],"categories":[47],"tags":[],"_links":{"self":[{"href":"https:\/\/pasaenmendoza.com\/index.php?rest_route=\/wp\/v2\/posts\/14341"}],"collection":[{"href":"https:\/\/pasaenmendoza.com\/index.php?rest_route=\/wp\/v2\/posts"}],"about":[{"href":"https:\/\/pasaenmendoza.com\/index.php?rest_route=\/wp\/v2\/types\/post"}],"author":[{"embeddable":true,"href":"https:\/\/pasaenmendoza.com\/index.php?rest_route=\/wp\/v2\/users\/2"}],"replies":[{"embeddable":true,"href":"https:\/\/pasaenmendoza.com\/index.php?rest_route=%2Fwp%2Fv2%2Fcomments&post=14341"}],"version-history":[{"count":1,"href":"https:\/\/pasaenmendoza.com\/index.php?rest_route=\/wp\/v2\/posts\/14341\/revisions"}],"predecessor-version":[{"id":14343,"href":"https:\/\/pasaenmendoza.com\/index.php?rest_route=\/wp\/v2\/posts\/14341\/revisions\/14343"}],"wp:featuredmedia":[{"embeddable":true,"href":"https:\/\/pasaenmendoza.com\/index.php?rest_route=\/wp\/v2\/media\/14342"}],"wp:attachment":[{"href":"https:\/\/pasaenmendoza.com\/index.php?rest_route=%2Fwp%2Fv2%2Fmedia&parent=14341"}],"wp:term":[{"taxonomy":"category","embeddable":true,"href":"https:\/\/pasaenmendoza.com\/index.php?rest_route=%2Fwp%2Fv2%2Fcategories&post=14341"},{"taxonomy":"post_tag","embeddable":true,"href":"https:\/\/pasaenmendoza.com\/index.php?rest_route=%2Fwp%2Fv2%2Ftags&post=14341"}],"curies":[{"name":"wp","href":"https:\/\/api.w.org\/{rel}","templated":true}]}}