{"id":14347,"date":"2025-08-21T23:49:45","date_gmt":"2025-08-21T21:49:45","guid":{"rendered":"https:\/\/pasaenmendoza.com\/?p=14347"},"modified":"2025-08-21T23:49:46","modified_gmt":"2025-08-21T21:49:46","slug":"elecciones-2025-asi-sera-la-boleta-unica-en-mendoza","status":"publish","type":"post","link":"https:\/\/pasaenmendoza.com\/?p=14347","title":{"rendered":"Elecciones 2025: as\u00ed ser\u00e1 la Boleta \u00danica en Mendoza"},"content":{"rendered":"\n<p>La&nbsp;<strong>Junta Electoral de Mendoza<\/strong>&nbsp;oficializ\u00f3 este jueves el dise\u00f1o de la&nbsp;<strong>Boleta \u00danica&nbsp;<\/strong>que se aplicar\u00e1 en los pr\u00f3ximos comicios provinciales y municipales, los cuales se desarrollar\u00e1n en octubre en forma concurrente con las elecciones nacionales.<\/p>\n\n\n\n<p>El esquema adoptado mantiene una fuerte similitud con la\u00a0<strong>Boleta \u00danica Nacional<\/strong>, con el prop\u00f3sito de unificar criterios y facilitar tanto el voto de los electores como el trabajo de las autoridades de mesa.<\/p>\n\n\n\n<p>El modelo aprobado contempla que cada boleta tenga un fondo en color y el logo del partido en el encabezado,\u00a0<strong>adem\u00e1s de un casillero que permitir\u00e1 optar por lista completa<\/strong>. A su vez, los cargos de senadores, diputados y concejales estar\u00e1n dispuestos en columnas diferenciadas, lo que busca brindar mayor claridad a la hora de emitir el sufragio.<\/p>\n\n\n\n<p>En cuanto al orden de aparici\u00f3n de frentes y partidos,\u00a0<strong>la Junta Electoral determin\u00f3 que se respetar\u00e1 la disposici\u00f3n establecida en el sorteo nacional<\/strong>. Los partidos de alcance provincial y departamental se ubicar\u00e1n a la derecha de la boleta, manteniendo la secuencia ya fijada. En los casos en que haya m\u00e1s de una fuerza de este tipo, se realizar\u00e1 un sorteo adicional para definir su ubicaci\u00f3n.<\/p>\n\n\n\n<p>Con esta resoluci\u00f3n, la provincia avanza en la organizaci\u00f3n de los comicios de octubre, donde los mendocinos elegir\u00e1n representantes provinciales y municipales al mismo tiempo que votar\u00e1n las categor\u00edas nacionales.<\/p>\n\n\n\n<p><strong>Fuente: www.elsol.com.ar<\/strong><\/p>\n","protected":false},"excerpt":{"rendered":"<p>La&nbsp;Junta Electoral de Mendoza&nbsp;oficializ\u00f3 este jueves el dise\u00f1o de la&nbsp;Boleta \u00danica&nbsp;que se aplicar\u00e1 en los pr\u00f3ximos comicios provinciales y municipales, los cuales se desarrollar\u00e1n en octubre en forma concurrente con las elecciones nacionales. El esquema adoptado mantiene una fuerte similitud con la\u00a0Boleta \u00danica Nacional, con el prop\u00f3sito de unificar criterios y facilitar tanto el voto [&hellip;]<\/p>\n","protected":false},"author":2,"featured_media":14348,"comment_status":"open","ping_status":"open","sticky":false,"template":"","format":"standard","meta":[],"categories":[47],"tags":[],"_links":{"self":[{"href":"https:\/\/pasaenmendoza.com\/index.php?rest_route=\/wp\/v2\/posts\/14347"}],"collection":[{"href":"https:\/\/pasaenmendoza.com\/index.php?rest_route=\/wp\/v2\/posts"}],"about":[{"href":"https:\/\/pasaenmendoza.com\/index.php?rest_route=\/wp\/v2\/types\/post"}],"author":[{"embeddable":true,"href":"https:\/\/pasaenmendoza.com\/index.php?rest_route=\/wp\/v2\/users\/2"}],"replies":[{"embeddable":true,"href":"https:\/\/pasaenmendoza.com\/index.php?rest_route=%2Fwp%2Fv2%2Fcomments&post=14347"}],"version-history":[{"count":1,"href":"https:\/\/pasaenmendoza.com\/index.php?rest_route=\/wp\/v2\/posts\/14347\/revisions"}],"predecessor-version":[{"id":14349,"href":"https:\/\/pasaenmendoza.com\/index.php?rest_route=\/wp\/v2\/posts\/14347\/revisions\/14349"}],"wp:featuredmedia":[{"embeddable":true,"href":"https:\/\/pasaenmendoza.com\/index.php?rest_route=\/wp\/v2\/media\/14348"}],"wp:attachment":[{"href":"https:\/\/pasaenmendoza.com\/index.php?rest_route=%2Fwp%2Fv2%2Fmedia&parent=14347"}],"wp:term":[{"taxonomy":"category","embeddable":true,"href":"https:\/\/pasaenmendoza.com\/index.php?rest_route=%2Fwp%2Fv2%2Fcategories&post=14347"},{"taxonomy":"post_tag","embeddable":true,"href":"https:\/\/pasaenmendoza.com\/index.php?rest_route=%2Fwp%2Fv2%2Ftags&post=14347"}],"curies":[{"name":"wp","href":"https:\/\/api.w.org\/{rel}","templated":true}]}}