{"id":14350,"date":"2025-08-22T15:23:56","date_gmt":"2025-08-22T13:23:56","guid":{"rendered":"https:\/\/pasaenmendoza.com\/?p=14350"},"modified":"2025-08-22T15:23:57","modified_gmt":"2025-08-22T13:23:57","slug":"despues-del-zonda-vuelve-el-frio","status":"publish","type":"post","link":"https:\/\/pasaenmendoza.com\/?p=14350","title":{"rendered":"Despu\u00e9s del Zonda, vuelve el fr\u00edo"},"content":{"rendered":"\n<p>Este viernes, despu\u00e9s del Zonda, tendremos un d\u00eda<strong>\u00a0fresco, nublado y ventoso, pero se vienen unos d\u00edas primaverales.\u00a0<\/strong><\/p>\n\n\n\n<p>Seg\u00fan los datos del\u00a0Servicio Meteorol\u00f3gico Nacional, la m\u00e1xima esperada para hoy es de\u00a0<strong>13\u00b0<\/strong>, mientras que la m\u00ednima fue de 7\u00b0.<\/p>\n\n\n\n<p>El\u00a0<strong>viento del sureste<\/strong>\u00a0se sentir\u00e1 durante todo el d\u00eda con algunas r\u00e1fagas de intensidad leve a media.\u00a0<\/p>\n\n\n\n<p>La humedad es de apenas\u00a0<strong>27%<\/strong>.<\/p>\n\n\n\n<p>Para ma\u00f1ana s\u00e1bado, se espera un fuerte descenso en la m\u00ednima, que se espera en\u00a0<strong>un grado bajo cero<\/strong>, mientras que la m\u00e1xima\u00a0 se espera en 13\u00b0.\u00a0<\/p>\n\n\n\n<p>A partir del domingo, vuelve a subir la temperatura y se vienen varios d\u00edas c\u00e1lidos.\u00a0<\/p>\n\n\n\n<p><strong>Fuente: www.mendozapost.com<\/strong><\/p>\n","protected":false},"excerpt":{"rendered":"<p>Este viernes, despu\u00e9s del Zonda, tendremos un d\u00eda\u00a0fresco, nublado y ventoso, pero se vienen unos d\u00edas primaverales.\u00a0 Seg\u00fan los datos del\u00a0Servicio Meteorol\u00f3gico Nacional, la m\u00e1xima esperada para hoy es de\u00a013\u00b0, mientras que la m\u00ednima fue de 7\u00b0. El\u00a0viento del sureste\u00a0se sentir\u00e1 durante todo el d\u00eda con algunas r\u00e1fagas de intensidad leve a media.\u00a0 La humedad [&hellip;]<\/p>\n","protected":false},"author":2,"featured_media":14351,"comment_status":"open","ping_status":"open","sticky":false,"template":"","format":"standard","meta":[],"categories":[52],"tags":[],"_links":{"self":[{"href":"https:\/\/pasaenmendoza.com\/index.php?rest_route=\/wp\/v2\/posts\/14350"}],"collection":[{"href":"https:\/\/pasaenmendoza.com\/index.php?rest_route=\/wp\/v2\/posts"}],"about":[{"href":"https:\/\/pasaenmendoza.com\/index.php?rest_route=\/wp\/v2\/types\/post"}],"author":[{"embeddable":true,"href":"https:\/\/pasaenmendoza.com\/index.php?rest_route=\/wp\/v2\/users\/2"}],"replies":[{"embeddable":true,"href":"https:\/\/pasaenmendoza.com\/index.php?rest_route=%2Fwp%2Fv2%2Fcomments&post=14350"}],"version-history":[{"count":1,"href":"https:\/\/pasaenmendoza.com\/index.php?rest_route=\/wp\/v2\/posts\/14350\/revisions"}],"predecessor-version":[{"id":14352,"href":"https:\/\/pasaenmendoza.com\/index.php?rest_route=\/wp\/v2\/posts\/14350\/revisions\/14352"}],"wp:featuredmedia":[{"embeddable":true,"href":"https:\/\/pasaenmendoza.com\/index.php?rest_route=\/wp\/v2\/media\/14351"}],"wp:attachment":[{"href":"https:\/\/pasaenmendoza.com\/index.php?rest_route=%2Fwp%2Fv2%2Fmedia&parent=14350"}],"wp:term":[{"taxonomy":"category","embeddable":true,"href":"https:\/\/pasaenmendoza.com\/index.php?rest_route=%2Fwp%2Fv2%2Fcategories&post=14350"},{"taxonomy":"post_tag","embeddable":true,"href":"https:\/\/pasaenmendoza.com\/index.php?rest_route=%2Fwp%2Fv2%2Ftags&post=14350"}],"curies":[{"name":"wp","href":"https:\/\/api.w.org\/{rel}","templated":true}]}}