{"id":14353,"date":"2025-08-22T15:27:20","date_gmt":"2025-08-22T13:27:20","guid":{"rendered":"https:\/\/pasaenmendoza.com\/?p=14353"},"modified":"2025-08-22T15:27:21","modified_gmt":"2025-08-22T13:27:21","slug":"el-viento-genero-mas-incendios-y-caida-de-arboles-durante-la-madrugada","status":"publish","type":"post","link":"https:\/\/pasaenmendoza.com\/?p=14353","title":{"rendered":"El viento gener\u00f3 m\u00e1s incendios y ca\u00edda de \u00e1rboles durante la madrugada"},"content":{"rendered":"\n<p>Tal como estaba previsto, durante gran parte del jueves, el viento&nbsp;<strong>Zonda<\/strong>&nbsp;sopl\u00f3 intensamente en casi toda la provincia. A ra\u00edz de esto, una serie de incidentes tuvieron lugar y se alcanz\u00f3 un total de<strong>&nbsp;90 registros de da\u00f1os<\/strong>.<\/p>\n\n\n\n<p>En horas de la tarde del jueves, el\u00a0<em>Post<\/em>\u00a0realiz\u00f3 un relevamiento titulado\u00a0&#8220;Incendios, \u00e1rboles ca\u00eddos y otros da\u00f1os que provoc\u00f3 el Zonda este jueves&#8221;. Sin embargo, el viento sigui\u00f3 soplando durante horas de la noche y la madrugada, generando una serie de nuevos incendios y ca\u00eddas de \u00e1rboles.<\/p>\n\n\n\n<figure class=\"wp-block-table\"><table><thead><tr><td colspan=\"3\">Relevamiento de da\u00f1os por el Zonda<\/td><\/tr><tr><th>Departamentos<\/th><th>Da\u00f1os<\/th><th>Cantidad<\/th><\/tr><\/thead><tbody><tr><td><strong>CAPITAL<\/strong><\/td><td><strong>\u00c1rboles ca\u00eddos<\/strong><\/td><td><strong>1<\/strong><\/td><\/tr><tr><td><strong>LUJ\u00c1N<\/strong><\/td><td><strong>Desprendimiento de piedras en ruta 82<br>\u00c1rboles ca\u00eddos<br>Postes ca\u00eddos<\/strong><\/td><td><strong>1<br>2<br>1<\/strong><\/td><\/tr><tr><td><strong>SAN RAFAEL<\/strong><\/td><td><strong>Incendios forestales<\/strong><\/td><td><strong>4<\/strong><\/td><\/tr><tr><td rowspan=\"2\"><strong>LAS HERAS<\/strong><\/td><td><strong>\u00c1rboles ca\u00eddos<\/strong><\/td><td><strong>6<\/strong><\/td><\/tr><tr><td><strong>Incendios forestales<\/strong><\/td><td><strong>7<\/strong><\/td><\/tr><tr><td rowspan=\"2\"><strong>GUAYMALL\u00c9N<\/strong><\/td><td><strong>\u00c1rboles ca\u00eddos<\/strong><\/td><td><strong>7<\/strong><\/td><\/tr><tr><td><strong>Transformadores y cables cortados\/cortocircuito<\/strong><\/td><td><strong>4<\/strong><\/td><\/tr><tr><td><strong>GODOY CRUZ<\/strong><\/td><td><strong>Ramas ca\u00eddas<br>\u00c1rboles ca\u00eddos<\/strong><\/td><td><strong>3<br>2<\/strong><\/td><\/tr><tr><td rowspan=\"2\"><strong>MAIP\u00da<\/strong><\/td><td><strong>\u00c1rboles ca\u00eddos<\/strong><\/td><td><strong>8<\/strong><\/td><\/tr><tr><td><strong>Transformadores y cables cortados\/cortocircuito<\/strong><\/td><td><strong>5<\/strong><\/td><\/tr><tr><td rowspan=\"2\"><strong>LAVALLE<\/strong><\/td><td><strong>\u00c1rboles ca\u00eddos<\/strong><\/td><td><strong>11<\/strong><\/td><\/tr><tr><td><strong>Incendios forestales<\/strong><\/td><td><strong>6<\/strong><\/td><\/tr><tr><td><strong>SANTA ROSA<\/strong><\/td><td><strong>Incendios forestales<br>\u00c1rboles ca\u00eddos<\/strong><\/td><td><strong>5<br>5<\/strong><\/td><\/tr><tr><td><strong>GENERAL ALVEAR<\/strong><\/td><td><strong>Incendios forestales<\/strong><\/td><td><strong>2<\/strong><\/td><\/tr><tr><td><strong>SAN MART\u00cdN<\/strong><\/td><td><strong>Incendios forestales<\/strong><\/td><td><strong>2<\/strong><\/td><\/tr><tr><td><strong>JUN\u00cdN<\/strong><\/td><td><strong>\u00c1rboles ca\u00eddos<br>Transformadores y cables cortados\/cortocircuito<br>Incendios forestales<\/strong><\/td><td><strong>2<br>4<br>2<\/strong><\/td><\/tr><\/tbody><\/table><\/figure>\n\n\n\n<p><strong>Fuente: www.mendozapost.com<\/strong><\/p>\n","protected":false},"excerpt":{"rendered":"<p>Tal como estaba previsto, durante gran parte del jueves, el viento&nbsp;Zonda&nbsp;sopl\u00f3 intensamente en casi toda la provincia. A ra\u00edz de esto, una serie de incidentes tuvieron lugar y se alcanz\u00f3 un total de&nbsp;90 registros de da\u00f1os. En horas de la tarde del jueves, el\u00a0Post\u00a0realiz\u00f3 un relevamiento titulado\u00a0&#8220;Incendios, \u00e1rboles ca\u00eddos y otros da\u00f1os que provoc\u00f3 el [&hellip;]<\/p>\n","protected":false},"author":2,"featured_media":14354,"comment_status":"open","ping_status":"open","sticky":false,"template":"","format":"standard","meta":[],"categories":[48],"tags":[],"_links":{"self":[{"href":"https:\/\/pasaenmendoza.com\/index.php?rest_route=\/wp\/v2\/posts\/14353"}],"collection":[{"href":"https:\/\/pasaenmendoza.com\/index.php?rest_route=\/wp\/v2\/posts"}],"about":[{"href":"https:\/\/pasaenmendoza.com\/index.php?rest_route=\/wp\/v2\/types\/post"}],"author":[{"embeddable":true,"href":"https:\/\/pasaenmendoza.com\/index.php?rest_route=\/wp\/v2\/users\/2"}],"replies":[{"embeddable":true,"href":"https:\/\/pasaenmendoza.com\/index.php?rest_route=%2Fwp%2Fv2%2Fcomments&post=14353"}],"version-history":[{"count":1,"href":"https:\/\/pasaenmendoza.com\/index.php?rest_route=\/wp\/v2\/posts\/14353\/revisions"}],"predecessor-version":[{"id":14355,"href":"https:\/\/pasaenmendoza.com\/index.php?rest_route=\/wp\/v2\/posts\/14353\/revisions\/14355"}],"wp:featuredmedia":[{"embeddable":true,"href":"https:\/\/pasaenmendoza.com\/index.php?rest_route=\/wp\/v2\/media\/14354"}],"wp:attachment":[{"href":"https:\/\/pasaenmendoza.com\/index.php?rest_route=%2Fwp%2Fv2%2Fmedia&parent=14353"}],"wp:term":[{"taxonomy":"category","embeddable":true,"href":"https:\/\/pasaenmendoza.com\/index.php?rest_route=%2Fwp%2Fv2%2Fcategories&post=14353"},{"taxonomy":"post_tag","embeddable":true,"href":"https:\/\/pasaenmendoza.com\/index.php?rest_route=%2Fwp%2Fv2%2Ftags&post=14353"}],"curies":[{"name":"wp","href":"https:\/\/api.w.org\/{rel}","templated":true}]}}