{"id":14356,"date":"2025-08-22T15:36:25","date_gmt":"2025-08-22T13:36:25","guid":{"rendered":"https:\/\/pasaenmendoza.com\/?p=14356"},"modified":"2025-08-22T15:37:11","modified_gmt":"2025-08-22T13:37:11","slug":"hospital-notti-se-resiente-un-area-clave-por-la-renuncia-de-los-profesionales","status":"publish","type":"post","link":"https:\/\/pasaenmendoza.com\/?p=14356","title":{"rendered":"Hospital Notti: se resiente un \u00e1rea clave por la renuncia de los profesionales"},"content":{"rendered":"\n<p>Uno de los servicios del&nbsp;<strong>hospital Notti<\/strong>&nbsp;est\u00e1 resentido desde el 1 de agosto por la&nbsp;<strong>renuncia<\/strong>&nbsp;de la mitad del equipo. Se trata de de la unidad de<strong>&nbsp;cuidados paliativos<\/strong>&nbsp;pedi\u00e1tricos que se&nbsp;ocupa de asistir y acompa\u00f1ar a los ni\u00f1os&nbsp;con enfermedades cr\u00f3nicas complejas y a sus familias.<\/p>\n\n\n\n<p>En el mes, el equipo atiende unas 60 consultas y la cantidad de pacientes oscila entre los 20 \u00f3 30 ni\u00f1os y adolescentes.<\/p>\n\n\n\n<h2 class=\"wp-block-heading\">Renuncia la mitad del equipo<\/h2>\n\n\n\n<p>En total, trabajan seis&nbsp;<strong>profesionales<\/strong>&nbsp;en la unidad de&nbsp;<strong>cuidados paliativos<\/strong>&nbsp;pedi\u00e1tricos del<strong>&nbsp;hospital Nott<\/strong>i. El equipo est\u00e1 conformado por m\u00e9dicos pediatras, paliativistas, trabajadores sociales y psic\u00f3logos.<\/p>\n\n\n\n<p>Despu\u00e9s de una larga negociaci\u00f3n salarial, tres de los&nbsp;<strong>profesionales<\/strong>&nbsp;presentaron la&nbsp;<strong>renuncia&nbsp;<\/strong>el 31 de julio y dejaron de asistir al nosocomio desde el 1 de agosto. \u201cEn el equipo hab\u00eda tres m\u00e9dicos con distintas cargas, dos psic\u00f3logos y un trabajador social. El 31 de julio renunciaron un psic\u00f3logo y dos m\u00e9dicas pediatras\u201d, confirm\u00f3 a&nbsp;<strong>MDZ<\/strong>&nbsp;la directora del hospital Notti, Laura Piovano.<\/p>\n\n\n\n<p>\u201cHacen prestaciones y desde hace tiempo estaba el reclamo del pase a planta.&nbsp;Hubo instancia de di\u00e1logo y se les ofreci\u00f3 formalizar&nbsp;la relaci\u00f3n laboral bajo el R\u00e9gimen 38 pero no aceptaron y presentaron la&nbsp;<strong>renuncia<\/strong>\u201d, agreg\u00f3 Piovano.<\/p>\n\n\n\n<h2 class=\"wp-block-heading\">C\u00f3mo est\u00e1n trabajando<\/h2>\n\n\n\n<p>Aunque la unidad de<strong>&nbsp;cuidados paliativos<\/strong>&nbsp;est\u00e1 trabajando con la mitad del personal, desde el<strong>&nbsp;hospital Notti<\/strong>&nbsp;aseguraron que el servicio se est\u00e1 prestando con total normalidad y que los pacientes est\u00e1n recibiendo la atenci\u00f3n adecuada.<\/p>\n\n\n\n<p>\u201cEs como cuando falta alguien por enfermedad, se lo reemplaza, el resto del personal sostiene la estructura para que no haya inconvenientes\u201d, dijo Piovano.<\/p>\n\n\n\n<p>Sin embargo, algunos m\u00e9dicos que trabajan en el Notti aseguraron que se ve resentido el servicio de la unidad de<strong>&nbsp;cuidados paliativos<\/strong>. Una de las&nbsp;<strong>profesionales<\/strong>&nbsp;que denunci\u00f3 la falencia de la atenci\u00f3n es la doctora del servicio de Hematolog\u00eda, Laura Mart\u00edn.<\/p>\n\n\n\n<p>\u201cHemos quedado con la mitad de m\u00e9dicos, la mitad de psic\u00f3logos. Hay pacientes que hemos tenido que acompa\u00f1ar nosotros, pero es muy importante la formaci\u00f3n del m\u00e9dico paliativista que contiene a esa familia y le hace un seguimiento. Ahora estamos con esa falencia\u201d, dijo Mart\u00edn.<\/p>\n\n\n\n<p>\u201cHacen recetas, una sedaci\u00f3n, acompa\u00f1an, gu\u00edan en el buen morir sobre todo cuando el paciente termina sus \u00faltimas horas en su casa. Con la reducci\u00f3n de personal ese proceso no se est\u00e1 realizando. Es muy duro porque todos tratamos de acompa\u00f1ar pero bajando la excelencia a la que uno aspira a trabajar con estos pacientes\u201d, agreg\u00f3.<\/p>\n\n\n\n<h2 class=\"wp-block-heading\">El plan para el futuro<\/h2>\n\n\n\n<p>Desde que renunci\u00f3 la mitad del equipo de la unidad de&nbsp;<strong>cuidados paliativos&nbsp;<\/strong>el \u00e1rea de recursos humanos del&nbsp;<strong>hospital Notti&nbsp;<\/strong>empez\u00f3 a trabajar buscando&nbsp;<strong>profesionales&nbsp;<\/strong>para cubrir las vacantes. \u201cEl lunes empieza a trabajar una profesional y estamos terminando la parte formal del ingreso de dos prestadores m\u00e1s\u201d, indic\u00f3 Piovano.<\/p>\n\n\n\n<p>Adem\u00e1s, la directora del&nbsp;<strong>hospital Notti<\/strong>&nbsp;asegur\u00f3 que uno de los objetivos es ampliar la cantidad de&nbsp;<strong>profesionales&nbsp;<\/strong>en el equipo y que se sumar\u00e1n en los pr\u00f3ximos meses: dos psic\u00f3logos, un paliativista y una trabajadora social.<\/p>\n\n\n\n<h2 class=\"wp-block-heading\">La denuncia de Ampros<\/h2>\n\n\n\n<p>La Asociaci\u00f3n Mendocina de&nbsp;<strong>Profesionales&nbsp;<\/strong>de la Salud fue la primera en exponer la situaci\u00f3n que atraviesa el<strong>&nbsp;hospital Notti<\/strong>. \u201cHoy estamos denunciado la p\u00e9rdida de los m\u00e9dicos paliativistas infantiles del&nbsp;<strong>hospital Notti<\/strong>. Ellos son quienes acompa\u00f1an a los ni\u00f1os, ni\u00f1as y adolescentes con diagn\u00f3sticos oncol\u00f3gicos en sus \u00faltimos meses o d\u00edas de vida\u201d, comentaron.<\/p>\n\n\n\n<p>Es que esta semana, Ampros present\u00f3 en la Legislatura un petitorio para que se creen los unos 2.000 cargos de&nbsp;<strong>profesionales&nbsp;<\/strong>de la salud que trabajan facturando al Gobierno de Mendoza bajo la figura de prestadores, la misma bajo la cual trabajaban los miembros del equipo paliativo del Notti que renunciaron en julio.<\/p>\n\n\n\n<p>\u201cLos tres&nbsp;<strong>profesionales<\/strong>&nbsp;que renunciaron eran prestadores desde hace 5 a\u00f1os. Facturaban desde 2020. Les ofrecieron el nuevo r\u00e9gimen pero les pagan m\u00e1s los hospitales privados\u201d, dijo a&nbsp;<strong>MDZ&nbsp;<\/strong>la secretaria general de Ampros, Claudia Iturbe.<\/p>\n\n\n\n<h2 class=\"wp-block-heading\">Que hace la unidad de cuidados paliativos<\/h2>\n\n\n\n<p>La unidad de&nbsp;<strong>cuidados paliativos<\/strong>&nbsp;del<strong>&nbsp;hospital Notti&nbsp;<\/strong>se encarga del cuidado activo e integral de los chicos que est\u00e1n en el nosocomio. Buscan prevenir, tratar y aliviar el sufrimiento y mejorar la calidad de vida de ni\u00f1os con enfermedades cr\u00f3nicas complejas y acompa\u00f1ar a las familias. Los&nbsp;<strong>profesionales<\/strong>&nbsp;asisten a los ni\u00f1os y adolescentes internados en el hospital y a los que est\u00e1n en sus casas.<\/p>\n\n\n\n<p>Los primeros pasos en<strong>&nbsp;cuidados paliativos&nbsp;<\/strong>pedi\u00e1tricos los dio la m\u00e9dica anestesi\u00f3loga pedi\u00e1trica, Viviana Torres, en 1989 en el hospital Emilio Civit. En 1995, se cre\u00f3 formalmente la unidad de cuidados paliativos pedi\u00e1tricos del&nbsp;<strong>hospital Notti<\/strong>. Con el paso de los a\u00f1os, el equipo fue creciendo y modific\u00e1ndose, para adaptarse al desarrollo a nivel local, nacional e internacional de la subespecialidad y a la creciente demanda asistencial. Al principio, estaba constituida -de forma mayoritaria- por pacientes oncol\u00f3gicos y luego se ampli\u00f3 al resto de los pacientes con enfermedades limitantes para la vida.<\/p>\n\n\n\n<p><strong>Fuente: www.mdzol.com<\/strong><\/p>\n","protected":false},"excerpt":{"rendered":"<p>Uno de los servicios del&nbsp;hospital Notti&nbsp;est\u00e1 resentido desde el 1 de agosto por la&nbsp;renuncia&nbsp;de la mitad del equipo. Se trata de de la unidad de&nbsp;cuidados paliativos&nbsp;pedi\u00e1tricos que se&nbsp;ocupa de asistir y acompa\u00f1ar a los ni\u00f1os&nbsp;con enfermedades cr\u00f3nicas complejas y a sus familias. En el mes, el equipo atiende unas 60 consultas y la cantidad de [&hellip;]<\/p>\n","protected":false},"author":2,"featured_media":14357,"comment_status":"open","ping_status":"open","sticky":false,"template":"","format":"standard","meta":[],"categories":[58],"tags":[],"_links":{"self":[{"href":"https:\/\/pasaenmendoza.com\/index.php?rest_route=\/wp\/v2\/posts\/14356"}],"collection":[{"href":"https:\/\/pasaenmendoza.com\/index.php?rest_route=\/wp\/v2\/posts"}],"about":[{"href":"https:\/\/pasaenmendoza.com\/index.php?rest_route=\/wp\/v2\/types\/post"}],"author":[{"embeddable":true,"href":"https:\/\/pasaenmendoza.com\/index.php?rest_route=\/wp\/v2\/users\/2"}],"replies":[{"embeddable":true,"href":"https:\/\/pasaenmendoza.com\/index.php?rest_route=%2Fwp%2Fv2%2Fcomments&post=14356"}],"version-history":[{"count":2,"href":"https:\/\/pasaenmendoza.com\/index.php?rest_route=\/wp\/v2\/posts\/14356\/revisions"}],"predecessor-version":[{"id":14360,"href":"https:\/\/pasaenmendoza.com\/index.php?rest_route=\/wp\/v2\/posts\/14356\/revisions\/14360"}],"wp:featuredmedia":[{"embeddable":true,"href":"https:\/\/pasaenmendoza.com\/index.php?rest_route=\/wp\/v2\/media\/14357"}],"wp:attachment":[{"href":"https:\/\/pasaenmendoza.com\/index.php?rest_route=%2Fwp%2Fv2%2Fmedia&parent=14356"}],"wp:term":[{"taxonomy":"category","embeddable":true,"href":"https:\/\/pasaenmendoza.com\/index.php?rest_route=%2Fwp%2Fv2%2Fcategories&post=14356"},{"taxonomy":"post_tag","embeddable":true,"href":"https:\/\/pasaenmendoza.com\/index.php?rest_route=%2Fwp%2Fv2%2Ftags&post=14356"}],"curies":[{"name":"wp","href":"https:\/\/api.w.org\/{rel}","templated":true}]}}