{"id":14361,"date":"2025-08-22T16:16:22","date_gmt":"2025-08-22T14:16:22","guid":{"rendered":"https:\/\/pasaenmendoza.com\/?p=14361"},"modified":"2025-08-22T16:16:23","modified_gmt":"2025-08-22T14:16:23","slug":"mineria-ordenaron-el-cese-de-una-mina-en-mendoza-por-numerosas-irregularidades","status":"publish","type":"post","link":"https:\/\/pasaenmendoza.com\/?p=14361","title":{"rendered":"Miner\u00eda: ordenaron el cese de una mina en Mendoza por numerosas irregularidades"},"content":{"rendered":"\n<p>La&nbsp;<strong>Polic\u00eda Ambiental Minera<\/strong>, en un operativo conjunto con Gendarmer\u00eda Nacional, orden\u00f3 el&nbsp;<strong>cese de actividades de una mina<\/strong>&nbsp;en San Rafael y una planta de beneficio en Maip\u00fa. Ambas pertenec\u00edan a los mismos titulares.<\/p>\n\n\n\n<p>A trav\u00e9s de un operativo conjunto entre la Polic\u00eda Ambiental Minera y Gendarmer\u00eda Nacional, se logr\u00f3 detectar el transporte irregular de piedra laja, sin las normativas correspondientes al traslado de minerales. Las investigaciones realizadas concluyeron en que la piedra era explotada en San Rafael y llevada a una planta en Maip\u00fa.<\/p>\n\n\n\n<p>Las empresas sancionadas operaban de manera irregular, utilizando incluso el mismo cami\u00f3n para el transporte de piedra laja sin la documentaci\u00f3n ambiental y minera correspondiente.<\/p>\n\n\n\n<h2 class=\"wp-block-heading\" id=\"h-numerosas-irregularidades\">Numerosas irregularidades<\/h2>\n\n\n\n<p>El procedimiento se inici\u00f3 el 13 de agosto durante un control de ruta sobre la Ruta Nacional 40, kil\u00f3metro 3.141, en San Rafael, cuando personal de Gendarmer\u00eda detuvo un cami\u00f3n cargado con piedra laja.<\/p>\n\n\n\n<p><em>\u201cGracias al trabajo articulado con Gendarmer\u00eda, pudimos detectar no solo la planta de beneficio trabajando de forma irregular, sino tambi\u00e9n, la mina en San Rafael funcionando sin la Declaraci\u00f3n de Impacto Ambiental correspondiente\u201d<\/em>, explic\u00f3 Guillermo Bickham, jefe de la Polic\u00eda Ambiental Minera.<\/p>\n\n\n\n<p>A partir de esta retenci\u00f3n, la Direcci\u00f3n de Miner\u00eda y la Polic\u00eda Ambiental Minera decidieron comenzar una investigaci\u00f3n para saber de d\u00f3nde proven\u00eda el material. El cargamento ten\u00eda como destino la planta en Maip\u00fa, donde los inspectores constataron acopio de piedra ornamental proveniente de la mina Lourdes, en San Rafael.<\/p>\n\n\n\n<p>En el lugar, tambi\u00e9n se verific\u00f3 la existencia de maquinaria de corte de piedra, falencias en materia de seguridad e incumplimiento de la normativa vigente. Por estas razones, se orden\u00f3 el cese inmediato de las actividades de la planta de beneficio hasta tanto regularice su situaci\u00f3n.<\/p>\n\n\n\n<p>Posteriormente, los inspectores se trasladaron a la mina Lourdes, en San Rafael, para constatar si era del mismo propietario, ya que el cami\u00f3n del operativo era id\u00e9ntico al de la planta en Maip\u00fa.<\/p>\n\n\n\n<p>Durante la visita, se constat\u00f3 la ausencia de carteler\u00eda en el ingreso a la mina y la presencia de restos de cubiertas usadas, por lo que se solicit\u00f3 la remediaci\u00f3n del \u00e1rea y la colocaci\u00f3n de contenedores de clasificaci\u00f3n de residuos.<\/p>\n\n\n\n<p>Asimismo, se verific\u00f3 actividad extractiva reciente, a pesar de que el expediente se encuentra en tr\u00e1mite de archivo, motivo por el cual se orden\u00f3 el cese inmediato de las actividades hasta la finalizaci\u00f3n del procedimiento investigativo. Cuentan con un plazo de cinco d\u00edas h\u00e1biles para ejercer el derecho a defensa y presentar el descargo correspondiente a trav\u00e9s del sistema Tickets de la p\u00e1gina oficial del Gobierno de Mendoza.<\/p>\n\n\n\n<p>De esta manera, se logr\u00f3 desarticular un circuito que vinculaba extracci\u00f3n y procesamiento de minerales sin los requerimientos ambientales, de trazabilidad y de seguridad que marcan las leyes vigentes y el C\u00f3digo de Procedimiento Minero de Mendoza.<\/p>\n\n\n\n<p><strong>Fuente: www.elsol.com.ar<\/strong><\/p>\n","protected":false},"excerpt":{"rendered":"<p>La&nbsp;Polic\u00eda Ambiental Minera, en un operativo conjunto con Gendarmer\u00eda Nacional, orden\u00f3 el&nbsp;cese de actividades de una mina&nbsp;en San Rafael y una planta de beneficio en Maip\u00fa. Ambas pertenec\u00edan a los mismos titulares. A trav\u00e9s de un operativo conjunto entre la Polic\u00eda Ambiental Minera y Gendarmer\u00eda Nacional, se logr\u00f3 detectar el transporte irregular de piedra laja, [&hellip;]<\/p>\n","protected":false},"author":2,"featured_media":14362,"comment_status":"open","ping_status":"open","sticky":false,"template":"","format":"standard","meta":[],"categories":[116],"tags":[],"_links":{"self":[{"href":"https:\/\/pasaenmendoza.com\/index.php?rest_route=\/wp\/v2\/posts\/14361"}],"collection":[{"href":"https:\/\/pasaenmendoza.com\/index.php?rest_route=\/wp\/v2\/posts"}],"about":[{"href":"https:\/\/pasaenmendoza.com\/index.php?rest_route=\/wp\/v2\/types\/post"}],"author":[{"embeddable":true,"href":"https:\/\/pasaenmendoza.com\/index.php?rest_route=\/wp\/v2\/users\/2"}],"replies":[{"embeddable":true,"href":"https:\/\/pasaenmendoza.com\/index.php?rest_route=%2Fwp%2Fv2%2Fcomments&post=14361"}],"version-history":[{"count":1,"href":"https:\/\/pasaenmendoza.com\/index.php?rest_route=\/wp\/v2\/posts\/14361\/revisions"}],"predecessor-version":[{"id":14363,"href":"https:\/\/pasaenmendoza.com\/index.php?rest_route=\/wp\/v2\/posts\/14361\/revisions\/14363"}],"wp:featuredmedia":[{"embeddable":true,"href":"https:\/\/pasaenmendoza.com\/index.php?rest_route=\/wp\/v2\/media\/14362"}],"wp:attachment":[{"href":"https:\/\/pasaenmendoza.com\/index.php?rest_route=%2Fwp%2Fv2%2Fmedia&parent=14361"}],"wp:term":[{"taxonomy":"category","embeddable":true,"href":"https:\/\/pasaenmendoza.com\/index.php?rest_route=%2Fwp%2Fv2%2Fcategories&post=14361"},{"taxonomy":"post_tag","embeddable":true,"href":"https:\/\/pasaenmendoza.com\/index.php?rest_route=%2Fwp%2Fv2%2Ftags&post=14361"}],"curies":[{"name":"wp","href":"https:\/\/api.w.org\/{rel}","templated":true}]}}