{"id":14368,"date":"2025-08-22T23:36:00","date_gmt":"2025-08-22T21:36:00","guid":{"rendered":"https:\/\/pasaenmendoza.com\/?p=14368"},"modified":"2025-08-22T23:36:01","modified_gmt":"2025-08-22T21:36:01","slug":"fin-de-la-discusion-ate-rechazo-la-oferta-salarial-y-convoco-a-una-asamblea-para-el-miercoles-27","status":"publish","type":"post","link":"https:\/\/pasaenmendoza.com\/?p=14368","title":{"rendered":"Fin de la discusi\u00f3n: ATE rechaz\u00f3 la oferta salarial y convoc\u00f3 a una asamblea para el mi\u00e9rcoles 27"},"content":{"rendered":"\n<p>Como ya lo hab\u00eda anticipado,\u00a0<strong>ATE<\/strong>\u00a0rechaz\u00f3 en el \u00e1mbito de las\u00a0<strong>paritarias<\/strong>\u00a0la propuesta salarial del Gobierno horas antes de que se conociera el\u00a0decreto del gobernador Alfredo Cornejo sobre el aumento a los empleados judiciales. Adem\u00e1s convoc\u00f3 a una\u00a0<strong>asamblea<\/strong>\u00a0general para el mi\u00e9rcoles 27 en la sede central, cuando definir\u00e1n el plan de lucha.<\/p>\n\n\n\n<p>El gremio -en representaci\u00f3n de Salud, DGP, DRPJ y Administraci\u00f3n Central- descart\u00f3 de plano el&nbsp;<strong>ofrecimiento<\/strong>&nbsp;del Ejecutivo:&nbsp;<strong>10% de aumento<\/strong>&nbsp;en tres tramos (4% julio, 3% septiembre y 3% noviembre) y el&nbsp;<strong>pago de un incentivo<\/strong>&nbsp;por desempe\u00f1o basado en una tabla que abarca diferentes puntos. Este planteo molest\u00f3 al sindicato al igual que la iniciativa de elaborar un nuevo convenio colectivo de trabajo.<\/p>\n\n\n\n<p>Este\u00a0<strong>adicional<\/strong>\u00a0lo cobrar\u00edan quienes alcancen puntuaciones consideradas como &#8220;sobresalientes&#8221; o &#8220;suficientes&#8221;, y no lo percibir\u00edan aquellos que re\u00fanan una menor cantidad de puntos determinada como &#8220;insuficiente&#8221;. Los evaluadores ser\u00edan autoridades o jefes mientras que el sistema por el que se examinar\u00eda el rendimiento lo determinar\u00eda el Ministerio de Salud.<\/p>\n\n\n\n<h2 class=\"wp-block-heading\">La postura de ATE en paritarias<\/h2>\n\n\n\n<p>Representantes de&nbsp;<strong>ATE<\/strong>&nbsp;participaron este jueves de la reuni\u00f3n paritaria en la Subsecretar\u00eda de Trabajo donde le comunicaron al Gobierno la negativa generalizada a las \u00faltimas propuestas que presentaron en la mesa de negociaci\u00f3n, &#8220;ya que no responden a los reclamos centrales que demandan nuestras bases e infieren en serios recortes de derechos, a trav\u00e9s de una reforma laboral expl\u00edcita&#8221;.<\/p>\n\n\n\n<p>Desde el gremio recalcaron cu\u00e1l es el&nbsp;<strong>reclamo<\/strong>&nbsp;para los empleados p\u00fablicos del sector: aumento salarial para la clase inicial acorde al costo real de la canasta alimentaria, que ronda los $1.300.000; pases a planta interina del Estado de todos los contratados y prestadores, seg\u00fan listado presentado y anexo; creaci\u00f3n de un incentivo enmarcado en el Convenio Colectivo de Trabajo del R\u00e9gimen 15 (ley 9.068) con participaci\u00f3n sindical en su reglamentaci\u00f3n; reconocimiento de los licenciados en Enfermer\u00eda (ley 7.799); y pago de la productividad a los trabajadores.<\/p>\n\n\n\n<p>Adriana Iranzo, secretaria adjunta de\u00a0<strong>ATE Mendoza<\/strong>, expres\u00f3 que &#8220;rechazamos la reforma laboral y la aplicaci\u00f3n unilateral que quiere impartir el Gobierno, que s\u00f3lo busca precarizar a\u00fan m\u00e1s a los trabajadores, con adicionales e incentivos ilegales e inconstitucionales\u201d.<\/p>\n\n\n\n<p><strong>Fuente: www.diariouno.com.ar<\/strong><\/p>\n","protected":false},"excerpt":{"rendered":"<p>Como ya lo hab\u00eda anticipado,\u00a0ATE\u00a0rechaz\u00f3 en el \u00e1mbito de las\u00a0paritarias\u00a0la propuesta salarial del Gobierno horas antes de que se conociera el\u00a0decreto del gobernador Alfredo Cornejo sobre el aumento a los empleados judiciales. Adem\u00e1s convoc\u00f3 a una\u00a0asamblea\u00a0general para el mi\u00e9rcoles 27 en la sede central, cuando definir\u00e1n el plan de lucha. El gremio -en representaci\u00f3n de [&hellip;]<\/p>\n","protected":false},"author":2,"featured_media":14369,"comment_status":"open","ping_status":"open","sticky":false,"template":"","format":"standard","meta":[],"categories":[55],"tags":[],"_links":{"self":[{"href":"https:\/\/pasaenmendoza.com\/index.php?rest_route=\/wp\/v2\/posts\/14368"}],"collection":[{"href":"https:\/\/pasaenmendoza.com\/index.php?rest_route=\/wp\/v2\/posts"}],"about":[{"href":"https:\/\/pasaenmendoza.com\/index.php?rest_route=\/wp\/v2\/types\/post"}],"author":[{"embeddable":true,"href":"https:\/\/pasaenmendoza.com\/index.php?rest_route=\/wp\/v2\/users\/2"}],"replies":[{"embeddable":true,"href":"https:\/\/pasaenmendoza.com\/index.php?rest_route=%2Fwp%2Fv2%2Fcomments&post=14368"}],"version-history":[{"count":1,"href":"https:\/\/pasaenmendoza.com\/index.php?rest_route=\/wp\/v2\/posts\/14368\/revisions"}],"predecessor-version":[{"id":14370,"href":"https:\/\/pasaenmendoza.com\/index.php?rest_route=\/wp\/v2\/posts\/14368\/revisions\/14370"}],"wp:featuredmedia":[{"embeddable":true,"href":"https:\/\/pasaenmendoza.com\/index.php?rest_route=\/wp\/v2\/media\/14369"}],"wp:attachment":[{"href":"https:\/\/pasaenmendoza.com\/index.php?rest_route=%2Fwp%2Fv2%2Fmedia&parent=14368"}],"wp:term":[{"taxonomy":"category","embeddable":true,"href":"https:\/\/pasaenmendoza.com\/index.php?rest_route=%2Fwp%2Fv2%2Fcategories&post=14368"},{"taxonomy":"post_tag","embeddable":true,"href":"https:\/\/pasaenmendoza.com\/index.php?rest_route=%2Fwp%2Fv2%2Ftags&post=14368"}],"curies":[{"name":"wp","href":"https:\/\/api.w.org\/{rel}","templated":true}]}}