{"id":14371,"date":"2025-08-22T23:42:39","date_gmt":"2025-08-22T21:42:39","guid":{"rendered":"https:\/\/pasaenmendoza.com\/?p=14371"},"modified":"2025-08-22T23:42:40","modified_gmt":"2025-08-22T21:42:40","slug":"ya-se-acumularon-50-centimetros-de-nieve-en-el-paso-cristo-redentor-que-permanece-cerrado","status":"publish","type":"post","link":"https:\/\/pasaenmendoza.com\/?p=14371","title":{"rendered":"Ya se acumularon 50 cent\u00edmetros de nieve en el Paso Cristo Redentor que permanece cerrado"},"content":{"rendered":"\n<p>El\u00a0<strong>Paso Cristo Redentor<\/strong>\u00a0permaneci\u00f3 cerrado este viernes por las intensas\u00a0<strong>nevadas<\/strong>\u00a0en la zona de la alta monta\u00f1a que se estima persistir\u00e1n durante casi toda la jornada. De hecho, ya se lograron acumular 50 cent\u00edmetros de nieve del lado argentino, especialmente en la localidad de Las Cuevas, y 70 cent\u00edmetros en el complejo aduanero Los Libertadores.<\/p>\n\n\n\n<p>La&nbsp;<strong>Ruta 7<\/strong>&nbsp;se encuentra intransitable para todo tipo de veh\u00edculos desde Uspallata y hasta la boca del t\u00fanel internacional por las precipitaciones n\u00edveas y el desprendimiento de rocas, seg\u00fan se detalla en el parte de la Direcci\u00f3n de Vialidad Nacional.<\/p>\n\n\n\n<p>Las im\u00e1genes del\u00a0<strong>cruce fronterizo<\/strong>\u00a0fueron compartidas por prensa de Gendarmer\u00eda pasado el mediod\u00eda, desde donde informaron que este s\u00e1bado podr\u00eda habilitarse la circulaci\u00f3n en el paso teniendo en cuenta las previsiones meteorol\u00f3gicas para la cordillera.<\/p>\n\n\n\n<p>Se recomend\u00f3 transitar con precauci\u00f3n ya que en algunos sectores, como Puente del Inca, la visibilidad se encontraba reducida por el viento blanco. Adem\u00e1s se record\u00f3 la portaci\u00f3n obligatoria de cadenas durante la temporada invernal.<\/p>\n\n\n\n<h2 class=\"wp-block-heading\">Pron\u00f3stico del tiempo en la alta monta\u00f1a<\/h2>\n\n\n\n<p>El pron\u00f3stico mostr\u00f3 la persistencia de nevadas en la alta monta\u00f1a hasta las 22 de este viernes de manera intensa. El temporal arranc\u00f3 el mi\u00e9rcoles, cuando se decidi\u00f3 el cierre del corredor internacional.<\/p>\n\n\n\n<p>Este<strong>\u00a0s\u00e1bado<\/strong>\u00a0mejoran las condiciones meteorol\u00f3gicas de forma progresiva a partir de las 6 pero se calcula que pueden registrarse temperaturas de hasta 25 grados bajo cero, lo que complicar\u00eda las tareas de control de hielo sobre la calzada para poder reabrir el\u00a0<strong>Paso Cristo Redentor<\/strong>.<\/p>\n\n\n\n<p>Luego vienen varios d\u00edas de buen tiempo. Varias p\u00e1ginas especializadas en el tema mostraban sol pleno durante una semana al menos. Obviamente con m\u00ednimas y m\u00e1ximas negativas.<\/p>\n\n\n\n<p>Las autoridades del\u00a0<strong>Sistema Cristo Redentor<\/strong>\u00a0aconsejaron chequear antes de viajar la informaci\u00f3n de los pasos fronterizos. Para hacerlo a trav\u00e9s de X, las direcciones son las siguientes:\u00a0@UPFronterizos\u00a0y\u00a0@CFlosLibertador.<\/p>\n\n\n\n<p><strong>Fuente: www.diariouno.com.ar<\/strong><\/p>\n","protected":false},"excerpt":{"rendered":"<p>El\u00a0Paso Cristo Redentor\u00a0permaneci\u00f3 cerrado este viernes por las intensas\u00a0nevadas\u00a0en la zona de la alta monta\u00f1a que se estima persistir\u00e1n durante casi toda la jornada. De hecho, ya se lograron acumular 50 cent\u00edmetros de nieve del lado argentino, especialmente en la localidad de Las Cuevas, y 70 cent\u00edmetros en el complejo aduanero Los Libertadores. La&nbsp;Ruta 7&nbsp;se [&hellip;]<\/p>\n","protected":false},"author":2,"featured_media":14372,"comment_status":"open","ping_status":"open","sticky":false,"template":"","format":"standard","meta":[],"categories":[66],"tags":[],"_links":{"self":[{"href":"https:\/\/pasaenmendoza.com\/index.php?rest_route=\/wp\/v2\/posts\/14371"}],"collection":[{"href":"https:\/\/pasaenmendoza.com\/index.php?rest_route=\/wp\/v2\/posts"}],"about":[{"href":"https:\/\/pasaenmendoza.com\/index.php?rest_route=\/wp\/v2\/types\/post"}],"author":[{"embeddable":true,"href":"https:\/\/pasaenmendoza.com\/index.php?rest_route=\/wp\/v2\/users\/2"}],"replies":[{"embeddable":true,"href":"https:\/\/pasaenmendoza.com\/index.php?rest_route=%2Fwp%2Fv2%2Fcomments&post=14371"}],"version-history":[{"count":1,"href":"https:\/\/pasaenmendoza.com\/index.php?rest_route=\/wp\/v2\/posts\/14371\/revisions"}],"predecessor-version":[{"id":14373,"href":"https:\/\/pasaenmendoza.com\/index.php?rest_route=\/wp\/v2\/posts\/14371\/revisions\/14373"}],"wp:featuredmedia":[{"embeddable":true,"href":"https:\/\/pasaenmendoza.com\/index.php?rest_route=\/wp\/v2\/media\/14372"}],"wp:attachment":[{"href":"https:\/\/pasaenmendoza.com\/index.php?rest_route=%2Fwp%2Fv2%2Fmedia&parent=14371"}],"wp:term":[{"taxonomy":"category","embeddable":true,"href":"https:\/\/pasaenmendoza.com\/index.php?rest_route=%2Fwp%2Fv2%2Fcategories&post=14371"},{"taxonomy":"post_tag","embeddable":true,"href":"https:\/\/pasaenmendoza.com\/index.php?rest_route=%2Fwp%2Fv2%2Ftags&post=14371"}],"curies":[{"name":"wp","href":"https:\/\/api.w.org\/{rel}","templated":true}]}}