{"id":14374,"date":"2025-08-22T23:45:49","date_gmt":"2025-08-22T21:45:49","guid":{"rendered":"https:\/\/pasaenmendoza.com\/?p=14374"},"modified":"2025-08-22T23:45:50","modified_gmt":"2025-08-22T21:45:50","slug":"el-gobierno-puso-en-disponibilidad-a-49-empleados-del-inv-y-a-300-mas-de-otros-institutos-agricolas","status":"publish","type":"post","link":"https:\/\/pasaenmendoza.com\/?p=14374","title":{"rendered":"El gobierno puso en disponibilidad a 49 empleados del INV y a 300 m\u00e1s de otros institutos agr\u00edcolas"},"content":{"rendered":"\n<p>El gobierno nacional pas\u00f3 a disponibilidad a m\u00e1s de 300 trabajadores del Instituto Nacional de Vitivinicultura (<strong>INV<\/strong>), el&nbsp;<strong>INTA&nbsp;<\/strong>y el&nbsp;<strong>INASE.<\/strong>&nbsp;Lo hizo al tiempo que el Senado rechazaba el decreto de necesidad y urgencia que dio origen a la disoluci\u00f3n o a los cambios estructurales en dichos organismos.<\/p>\n\n\n\n<p>Los pases a disponibilidad conocieron este viernes, con la publicaci\u00f3n en el Bolet\u00edn Oficial de la\u00a0Resoluci\u00f3n N.\u00b0 1.240\/2025. La misma establece que el\u00a0<strong>personal de planta permanente\u00a0<\/strong>con estabilidad adquirida que figura en listados anexos, \u201cqueda en situaci\u00f3n de disponibilidad\u201d de seis a doce meses, seg\u00fan el caso.<\/p>\n\n\n\n<p>Esto implica que, durante ese per\u00edodo, los trabajadores se encuentran&nbsp;<strong>dispensados de realizar sus funciones<\/strong>, pero deben estar pendientes de todo tipo de comunicaci\u00f3n o convocatoria durante su horario laboral declarado. Mientras tanto, perciben un haber de disponibilidad.<\/p>\n\n\n\n<p>Una vez que se cumple el plazo, si el empleado no encontr\u00f3 otra repartici\u00f3n p\u00fablica a la que pueda seguir afectado, el Estado queda en condiciones de&nbsp;<strong>despedirlo<\/strong>, con el correspondiente pago de la indemnizaci\u00f3n.<\/p>\n\n\n\n<p>La medida, firmada por el ministro de Econom\u00eda, Luis Caputo, se justifica seg\u00fan los considerandos de la misma en el decreto que en julio de este a\u00f1o dispuso la&nbsp;<strong>disoluci\u00f3n del Instituto Nacional de Semillas (INASE)<\/strong>, la&nbsp;<strong>transformaci\u00f3n del Instituto Nacional de Vitivinicultura (INV)&nbsp;<\/strong>en una unidad organizativa de la Secretar\u00eda de Agricultura; y la del&nbsp;<strong>Instituto Nacional de Tecnolog\u00eda Agropecuaria (INTA)&nbsp;<\/strong>en un organismo desconcentrado de esa Secretar\u00eda.<\/p>\n\n\n\n<figure class=\"wp-block-image\"><img decoding=\"async\" src=\"https:\/\/media.diariouno.com.ar\/p\/93d663aea32c4e64ea4217f198d84b35\/adjuntos\/298\/imagenes\/009\/611\/0009611378\/1200x0\/smart\/disponibilidad-inv-inta-inase.png\" alt=\"La resoluci\u00f3n oficial por la que el Ministerio de Econom\u00eda pasa a disponibilidad a trabajadores del INV, el INTA y el INASE.\" title=\"La resoluci\u00f3n oficial por la que el Ministerio de Econom\u00eda pasa a disponibilidad a trabajadores del INV, el INTA y el INASE.\"\/><\/figure>\n\n\n\n<p>La resoluci\u00f3n oficial por la que el Ministerio de Econom\u00eda pasa a disponibilidad a trabajadores del INV, el INTA y el INASE.<\/p>\n\n\n\n<p>\u201cLim\u00edtase toda licencia sin goce de haberes, comisi\u00f3n de servicios, adscripci\u00f3n o asignaci\u00f3n transitoria de funciones oportunamente dispuesta con relaci\u00f3n al\u00a0<strong>personal del ex INASE, del INV, y INTA<\/strong>, desde el dictado de la presente medida\u201d, agrega el gobierno nacional en el art\u00edculo 2 de la resoluci\u00f3n conocida este viernes.<\/p>\n\n\n\n<p>Parte del&nbsp;<strong>personal afectado ya fue notificado<\/strong>, confirmaron desde el&nbsp;<strong>INV&nbsp;<\/strong>a&nbsp;<em>Diario UNO<\/em>. En tanto que, entre los trabajadores dispensados del&nbsp;<strong>INTA no se encuentran mendocinos<\/strong>.<\/p>\n\n\n\n<h2 class=\"wp-block-heading\">Casi 50 empleados del INV fueron pasados a disponibilidad<\/h2>\n\n\n\n<p>Seg\u00fan el registro oficial, en el que figuran los nombres de cada uno de los empleados que fueron pasados a disponibilidad por el gobierno nacional,\u00a0son 49 los trabajadores del\u00a0<strong>INV\u00a0<\/strong>afectados; la mayor\u00eda de ellos, profesionales.<\/p>\n\n\n\n<p>\u201cTienen entre 20 y 35 a\u00f1os de antig\u00fcedad\u201d, confiaron a&nbsp;<em>Diario UNO<\/em>&nbsp;sobre la mayor parte de los&nbsp;<strong>empleados<\/strong>&nbsp;que aparece en la n\u00f3mina.<\/p>\n\n\n\n<p>Algunos de ellos, comenzaron a ser notificados en la tarde del jueves, aun antes de la publicaci\u00f3n de la resoluci\u00f3n en el\u00a0<strong>Bolet\u00edn Oficial<\/strong>. La situaci\u00f3n se conoce d\u00edas despu\u00e9s de una reuni\u00f3n que se llev\u00f3 a cabo\u00a0en la sede del\u00a0<strong>INV<\/strong>, y tras la cual uno de los trabajadores falleci\u00f3 en el lugar.<\/p>\n\n\n\n<p>En el caso del&nbsp;<strong>INTA<\/strong>, los trabajadores de planta afectados son 286, pero ninguno de ellos cumple funciones en Mendoza; mientras que los otros ocho, son del&nbsp;<strong>INASE<\/strong>.<\/p>\n\n\n\n<p>\u201cEl Ejecutivo se apur\u00f3 a obrar en la ventana de oportunidad que ofrece la revisi\u00f3n del veto\u201d, dijeron desde el\u00a0<strong>INTA<\/strong>\u00a0apenas se conoci\u00f3 la medida.<\/p>\n\n\n\n<p>Seg\u00fan entienden, una vez que se oficialice el veto al decreto madre, cada uno de los trabajadores podr\u00e1 recurrir el&nbsp;<strong>pase a disponibilidad<\/strong>, en tanto que el gremio ATE ya prepara una acci\u00f3n colectiva en su contra.<\/p>\n\n\n\n<p>Los tres senadores mendocinos, la peronista Anabel Fern\u00e1ndez Sagasti y los radicales Mariana Juri y Rodolfo Suarez,&nbsp;<strong>votaron a favor del veto al decreto de Javier Milei.<\/strong><\/p>\n\n\n\n<h2 class=\"wp-block-heading\">Desregulaci\u00f3n del INV y el INTA<\/h2>\n\n\n\n<p>Adem\u00e1s de la disoluci\u00f3n del INASE, el decreto que fue vetado por el Congreso dispon\u00eda la&nbsp;<strong>transformaci\u00f3n del INV y el INTA<\/strong>. En un comunicado oficial, la decisi\u00f3n sobre este \u00faltimo se explicaba a ra\u00edz de un &#8220;notorio sobredimensionamiento de su estructura (932 cargos jer\u00e1rquicos) y deficiencias en el control interno y procesos administrativos&#8221;.<\/p>\n\n\n\n<p>Seg\u00fan explicaba el gobierno, el&nbsp;<strong>INTA&nbsp;<\/strong>&#8220;se desvi\u00f3 durante los \u00faltimos a\u00f1os de su prop\u00f3sito original, siendo utilizado como herramienta de militancia pol\u00edtica y con un enfoque guiado por los lineamientos de la Agenda 2030 y alejado de las necesidades reales del progreso del sector agroindustrial&#8221;.<\/p>\n\n\n\n<p>Sobre la transformaci\u00f3n del\u00a0<strong>INV\u00a0<\/strong>ya se hab\u00eda avanzado tambi\u00e9n en los \u00faltimos d\u00edas. Con un decreto, este martes\u00a0se oficializaron cambios, se eliminaron tres secretar\u00edas y se limit\u00f3 su rol de control\u00a0a verificar que el\u00a0<strong>vino<\/strong>\u00a0sea apto para el consumo.<\/p>\n\n\n\n<p><strong>Fuente: www.diariouno.com.ar<\/strong><\/p>\n","protected":false},"excerpt":{"rendered":"<p>El gobierno nacional pas\u00f3 a disponibilidad a m\u00e1s de 300 trabajadores del Instituto Nacional de Vitivinicultura (INV), el&nbsp;INTA&nbsp;y el&nbsp;INASE.&nbsp;Lo hizo al tiempo que el Senado rechazaba el decreto de necesidad y urgencia que dio origen a la disoluci\u00f3n o a los cambios estructurales en dichos organismos. Los pases a disponibilidad conocieron este viernes, con la [&hellip;]<\/p>\n","protected":false},"author":2,"featured_media":14375,"comment_status":"open","ping_status":"open","sticky":false,"template":"","format":"standard","meta":[],"categories":[95],"tags":[],"_links":{"self":[{"href":"https:\/\/pasaenmendoza.com\/index.php?rest_route=\/wp\/v2\/posts\/14374"}],"collection":[{"href":"https:\/\/pasaenmendoza.com\/index.php?rest_route=\/wp\/v2\/posts"}],"about":[{"href":"https:\/\/pasaenmendoza.com\/index.php?rest_route=\/wp\/v2\/types\/post"}],"author":[{"embeddable":true,"href":"https:\/\/pasaenmendoza.com\/index.php?rest_route=\/wp\/v2\/users\/2"}],"replies":[{"embeddable":true,"href":"https:\/\/pasaenmendoza.com\/index.php?rest_route=%2Fwp%2Fv2%2Fcomments&post=14374"}],"version-history":[{"count":1,"href":"https:\/\/pasaenmendoza.com\/index.php?rest_route=\/wp\/v2\/posts\/14374\/revisions"}],"predecessor-version":[{"id":14376,"href":"https:\/\/pasaenmendoza.com\/index.php?rest_route=\/wp\/v2\/posts\/14374\/revisions\/14376"}],"wp:featuredmedia":[{"embeddable":true,"href":"https:\/\/pasaenmendoza.com\/index.php?rest_route=\/wp\/v2\/media\/14375"}],"wp:attachment":[{"href":"https:\/\/pasaenmendoza.com\/index.php?rest_route=%2Fwp%2Fv2%2Fmedia&parent=14374"}],"wp:term":[{"taxonomy":"category","embeddable":true,"href":"https:\/\/pasaenmendoza.com\/index.php?rest_route=%2Fwp%2Fv2%2Fcategories&post=14374"},{"taxonomy":"post_tag","embeddable":true,"href":"https:\/\/pasaenmendoza.com\/index.php?rest_route=%2Fwp%2Fv2%2Ftags&post=14374"}],"curies":[{"name":"wp","href":"https:\/\/api.w.org\/{rel}","templated":true}]}}