{"id":14380,"date":"2025-08-25T15:35:39","date_gmt":"2025-08-25T13:35:39","guid":{"rendered":"https:\/\/pasaenmendoza.com\/?p=14380"},"modified":"2025-08-25T15:35:41","modified_gmt":"2025-08-25T13:35:41","slug":"perdio-el-control-de-la-moto-cayo-y-murio-en-guaymallen","status":"publish","type":"post","link":"https:\/\/pasaenmendoza.com\/?p=14380","title":{"rendered":"Perdi\u00f3 el control de la moto, cay\u00f3 y muri\u00f3 en Guaymall\u00e9n"},"content":{"rendered":"\n<p>Un motociclista perdi\u00f3 la vida este lunes en la madrugada cuando circulaba por calles de Guaymall\u00e9n. El siniestro fue en soledad, sin la participaci\u00f3n de terceros.<\/p>\n\n\n\n<p>Las c\u00e1maras del SEO permitieron determinar que el hombre de 27 a\u00f1os conduc\u00eda por Severo del Castillo, a una cuadra y media al sur de la ruta 20, alrededor de las 6.30.<\/p>\n\n\n\n<p>En esa instancia, perdi\u00f3 el dominio de su moto marca Corven Triax.<\/p>\n\n\n\n<p>Sin control, cay\u00f3 y choc\u00f3 contra el bulevar.<\/p>\n\n\n\n<p>Al momento en el que llegan los m\u00e9dicos del Servicio de Emergencia Coordinado, constataron el deceso de la v\u00edctima.<\/p>\n\n\n\n<p>La causa se investiga como averiguaci\u00f3n accidente de tr\u00e1nsito con fallecido.<\/p>\n\n\n\n<p><strong>Fuente: www.elsol.com.ar<\/strong><\/p>\n","protected":false},"excerpt":{"rendered":"<p>Un motociclista perdi\u00f3 la vida este lunes en la madrugada cuando circulaba por calles de Guaymall\u00e9n. El siniestro fue en soledad, sin la participaci\u00f3n de terceros. Las c\u00e1maras del SEO permitieron determinar que el hombre de 27 a\u00f1os conduc\u00eda por Severo del Castillo, a una cuadra y media al sur de la ruta 20, alrededor [&hellip;]<\/p>\n","protected":false},"author":2,"featured_media":14381,"comment_status":"open","ping_status":"open","sticky":false,"template":"","format":"standard","meta":[],"categories":[48],"tags":[],"_links":{"self":[{"href":"https:\/\/pasaenmendoza.com\/index.php?rest_route=\/wp\/v2\/posts\/14380"}],"collection":[{"href":"https:\/\/pasaenmendoza.com\/index.php?rest_route=\/wp\/v2\/posts"}],"about":[{"href":"https:\/\/pasaenmendoza.com\/index.php?rest_route=\/wp\/v2\/types\/post"}],"author":[{"embeddable":true,"href":"https:\/\/pasaenmendoza.com\/index.php?rest_route=\/wp\/v2\/users\/2"}],"replies":[{"embeddable":true,"href":"https:\/\/pasaenmendoza.com\/index.php?rest_route=%2Fwp%2Fv2%2Fcomments&post=14380"}],"version-history":[{"count":1,"href":"https:\/\/pasaenmendoza.com\/index.php?rest_route=\/wp\/v2\/posts\/14380\/revisions"}],"predecessor-version":[{"id":14382,"href":"https:\/\/pasaenmendoza.com\/index.php?rest_route=\/wp\/v2\/posts\/14380\/revisions\/14382"}],"wp:featuredmedia":[{"embeddable":true,"href":"https:\/\/pasaenmendoza.com\/index.php?rest_route=\/wp\/v2\/media\/14381"}],"wp:attachment":[{"href":"https:\/\/pasaenmendoza.com\/index.php?rest_route=%2Fwp%2Fv2%2Fmedia&parent=14380"}],"wp:term":[{"taxonomy":"category","embeddable":true,"href":"https:\/\/pasaenmendoza.com\/index.php?rest_route=%2Fwp%2Fv2%2Fcategories&post=14380"},{"taxonomy":"post_tag","embeddable":true,"href":"https:\/\/pasaenmendoza.com\/index.php?rest_route=%2Fwp%2Fv2%2Ftags&post=14380"}],"curies":[{"name":"wp","href":"https:\/\/api.w.org\/{rel}","templated":true}]}}