{"id":14386,"date":"2025-08-25T16:09:27","date_gmt":"2025-08-25T14:09:27","guid":{"rendered":"https:\/\/pasaenmendoza.com\/?p=14386"},"modified":"2025-08-25T16:09:28","modified_gmt":"2025-08-25T14:09:28","slug":"guaymallen-que-pena-le-espera-al-hombre-acusado-de-matar-a-golpes-a-su-padre","status":"publish","type":"post","link":"https:\/\/pasaenmendoza.com\/?p=14386","title":{"rendered":"Guaymall\u00e9n: qu\u00e9 pena le espera al hombre acusado de matar a golpes a su padre"},"content":{"rendered":"\n<p><strong>Gustavo Fernando Olgu\u00edn<\/strong>\u00a0fue imputado por el\u00a0<strong>asesinato de su padre<\/strong>,\u00a0<strong>Hugo Antonio Olgu\u00edn<\/strong>, en un caso que ha conmocionado al\u00a0<strong>departamento de Guaymall\u00e9n<\/strong>.\u00a0<\/p>\n\n\n\n<p>\u00a0La imputaci\u00f3n se formaliz\u00f3 el\u00a0<strong>viernes 22 de agosto de 2025<\/strong>, bajo la acusaci\u00f3n de\u00a0<strong>Homicidio Agravado por el v\u00ednculo<\/strong>. Seg\u00fan la fiscal a cargo del caso, Dra. Andrea Lazo, el hecho ocurri\u00f3 entre las\u00a0<strong>20:00 horas del 18 de agosto y las 11:00 horas del 19 de agosto<\/strong>.\u00a0<\/p>\n\n\n\n<p>Durante ese per\u00edodo, Gustavo ingres\u00f3 al hogar de su padre, ubicado en calle Pedro del Castillo 3974, Villanueva, y\u00a0<strong>lo atac\u00f3 a golpes, caus\u00e1ndole la muerte.\u00a0<\/strong><\/p>\n\n\n\n<p>El hallazgo del cuerpo sin vida de Hugo Olgu\u00edn, de 85 a\u00f1os, se produjo el 19 de agosto, cuando el hijo se present\u00f3 en la comisar\u00eda para reportar la situaci\u00f3n, alegando que hab\u00eda encontrado a su padre tirado en el piso con una herida en la cabeza.&nbsp;<\/p>\n\n\n\n<p>Inicialmente, la polic\u00eda consider\u00f3 la posibilidad de una muerte natural, dado el avanzado estado de salud del hombre, pero una necropsia revel\u00f3 que la herida era incompatible con una ca\u00edda accidental.<\/p>\n\n\n\n<p>Las investigaciones llevaron a los detectives a revisar la vivienda, donde encontraron evidencias contundentes, incluyendo trozos de madera con manchas de sangre y pertenencias de la v\u00edctima en la casa del hijo. Adem\u00e1s, el relato del imputado fue considerado inconsistente, y se descubri\u00f3 una hinchaz\u00f3n en su mano derecha, lo que levant\u00f3 m\u00e1s sospechas.<\/p>\n\n\n\n<p><strong>La pena que arriesga<\/strong><\/p>\n\n\n\n<p>En Mendoza, al igual que en el resto del pa\u00eds, el&nbsp;<strong>homicidio agravado por el v\u00ednculo<\/strong>&nbsp;es un delito contemplado en el C\u00f3digo Penal argentino, espec\u00edficamente en el art\u00edculo 80 inciso 1\u00ba, que &#8220;pena al autor que matare a su c\u00f3nyuge, ex c\u00f3nyuge, o a quien mantuviera o hubiera mantenido una relaci\u00f3n de pareja, o a un ascendiente o descendiente&#8221;. La pena prevista es la&nbsp;<strong>prisi\u00f3n perpetua<\/strong>.<\/p>\n\n\n\n<p><strong>Gustavo Fernando Olgu\u00edn<\/strong>\u00a0permanece detenido mientras avanza la causa.\u00a0<\/p>\n\n\n\n<p><strong>Fuente: www.mendozapost.com<\/strong><\/p>\n","protected":false},"excerpt":{"rendered":"<p>Gustavo Fernando Olgu\u00edn\u00a0fue imputado por el\u00a0asesinato de su padre,\u00a0Hugo Antonio Olgu\u00edn, en un caso que ha conmocionado al\u00a0departamento de Guaymall\u00e9n.\u00a0 \u00a0La imputaci\u00f3n se formaliz\u00f3 el\u00a0viernes 22 de agosto de 2025, bajo la acusaci\u00f3n de\u00a0Homicidio Agravado por el v\u00ednculo. Seg\u00fan la fiscal a cargo del caso, Dra. Andrea Lazo, el hecho ocurri\u00f3 entre las\u00a020:00 horas del [&hellip;]<\/p>\n","protected":false},"author":2,"featured_media":14387,"comment_status":"open","ping_status":"open","sticky":false,"template":"","format":"standard","meta":[],"categories":[48],"tags":[],"_links":{"self":[{"href":"https:\/\/pasaenmendoza.com\/index.php?rest_route=\/wp\/v2\/posts\/14386"}],"collection":[{"href":"https:\/\/pasaenmendoza.com\/index.php?rest_route=\/wp\/v2\/posts"}],"about":[{"href":"https:\/\/pasaenmendoza.com\/index.php?rest_route=\/wp\/v2\/types\/post"}],"author":[{"embeddable":true,"href":"https:\/\/pasaenmendoza.com\/index.php?rest_route=\/wp\/v2\/users\/2"}],"replies":[{"embeddable":true,"href":"https:\/\/pasaenmendoza.com\/index.php?rest_route=%2Fwp%2Fv2%2Fcomments&post=14386"}],"version-history":[{"count":1,"href":"https:\/\/pasaenmendoza.com\/index.php?rest_route=\/wp\/v2\/posts\/14386\/revisions"}],"predecessor-version":[{"id":14388,"href":"https:\/\/pasaenmendoza.com\/index.php?rest_route=\/wp\/v2\/posts\/14386\/revisions\/14388"}],"wp:featuredmedia":[{"embeddable":true,"href":"https:\/\/pasaenmendoza.com\/index.php?rest_route=\/wp\/v2\/media\/14387"}],"wp:attachment":[{"href":"https:\/\/pasaenmendoza.com\/index.php?rest_route=%2Fwp%2Fv2%2Fmedia&parent=14386"}],"wp:term":[{"taxonomy":"category","embeddable":true,"href":"https:\/\/pasaenmendoza.com\/index.php?rest_route=%2Fwp%2Fv2%2Fcategories&post=14386"},{"taxonomy":"post_tag","embeddable":true,"href":"https:\/\/pasaenmendoza.com\/index.php?rest_route=%2Fwp%2Fv2%2Ftags&post=14386"}],"curies":[{"name":"wp","href":"https:\/\/api.w.org\/{rel}","templated":true}]}}