{"id":14389,"date":"2025-08-25T21:12:27","date_gmt":"2025-08-25T19:12:27","guid":{"rendered":"https:\/\/pasaenmendoza.com\/?p=14389"},"modified":"2025-08-25T21:12:28","modified_gmt":"2025-08-25T19:12:28","slug":"mendoza-rinde-homenaje-a-marciano-cantero-en-el-dia-de-su-cumpleanos","status":"publish","type":"post","link":"https:\/\/pasaenmendoza.com\/?p=14389","title":{"rendered":"Mendoza rinde homenaje a Marciano Cantero en el d\u00eda de su cumplea\u00f1os"},"content":{"rendered":"\n<p>Este lunes 25 de agosto se conmemorara el cumplea\u00f1os de\u00a0<strong>Marciano Cantero<\/strong>, emblem\u00e1tico m\u00fasico mendocino e integrante de\u00a0<strong>Los Enanitos Verdes<\/strong>. Su legado trasciende fronteras y su m\u00fasica sigue inspirando a generaciones. En este contexto, desde la Subsecretar\u00eda de Cultura, dependiente del Ministerio de Educaci\u00f3n, Cultura, Infancias y DGE del Gobierno de Mendoza, se llevar\u00e1 adelante una hermosa iniciativa que es escuchar a los artistas locales durante todo el d\u00eda.<\/p>\n\n\n\n<p>Esta iniciativa representa una oportunidad \u00fanica para celebrar nuestra cultura, homenajear a uno de nuestros grandes referentes y brindar mayor visibilidad a los talentosos artistas mendocinos. Pero esto no es todo, ya que preparan un gran homenaje en la fuente de aguas danzantes ubicada en la Plaza Independencia.<\/p>\n\n\n\n<p><strong>Fuente: www.mdzol.com<\/strong><\/p>\n","protected":false},"excerpt":{"rendered":"<p>Este lunes 25 de agosto se conmemorara el cumplea\u00f1os de\u00a0Marciano Cantero, emblem\u00e1tico m\u00fasico mendocino e integrante de\u00a0Los Enanitos Verdes. Su legado trasciende fronteras y su m\u00fasica sigue inspirando a generaciones. En este contexto, desde la Subsecretar\u00eda de Cultura, dependiente del Ministerio de Educaci\u00f3n, Cultura, Infancias y DGE del Gobierno de Mendoza, se llevar\u00e1 adelante una [&hellip;]<\/p>\n","protected":false},"author":2,"featured_media":14390,"comment_status":"open","ping_status":"open","sticky":false,"template":"","format":"standard","meta":[],"categories":[50],"tags":[],"_links":{"self":[{"href":"https:\/\/pasaenmendoza.com\/index.php?rest_route=\/wp\/v2\/posts\/14389"}],"collection":[{"href":"https:\/\/pasaenmendoza.com\/index.php?rest_route=\/wp\/v2\/posts"}],"about":[{"href":"https:\/\/pasaenmendoza.com\/index.php?rest_route=\/wp\/v2\/types\/post"}],"author":[{"embeddable":true,"href":"https:\/\/pasaenmendoza.com\/index.php?rest_route=\/wp\/v2\/users\/2"}],"replies":[{"embeddable":true,"href":"https:\/\/pasaenmendoza.com\/index.php?rest_route=%2Fwp%2Fv2%2Fcomments&post=14389"}],"version-history":[{"count":1,"href":"https:\/\/pasaenmendoza.com\/index.php?rest_route=\/wp\/v2\/posts\/14389\/revisions"}],"predecessor-version":[{"id":14391,"href":"https:\/\/pasaenmendoza.com\/index.php?rest_route=\/wp\/v2\/posts\/14389\/revisions\/14391"}],"wp:featuredmedia":[{"embeddable":true,"href":"https:\/\/pasaenmendoza.com\/index.php?rest_route=\/wp\/v2\/media\/14390"}],"wp:attachment":[{"href":"https:\/\/pasaenmendoza.com\/index.php?rest_route=%2Fwp%2Fv2%2Fmedia&parent=14389"}],"wp:term":[{"taxonomy":"category","embeddable":true,"href":"https:\/\/pasaenmendoza.com\/index.php?rest_route=%2Fwp%2Fv2%2Fcategories&post=14389"},{"taxonomy":"post_tag","embeddable":true,"href":"https:\/\/pasaenmendoza.com\/index.php?rest_route=%2Fwp%2Fv2%2Ftags&post=14389"}],"curies":[{"name":"wp","href":"https:\/\/api.w.org\/{rel}","templated":true}]}}