{"id":1439,"date":"2023-09-13T15:55:05","date_gmt":"2023-09-13T13:55:05","guid":{"rendered":"https:\/\/pasaenmendoza.com\/?p=1439"},"modified":"2023-09-13T15:55:06","modified_gmt":"2023-09-13T13:55:06","slug":"llega-una-nueva-edicion-de-tango-por-los-caminos-del-vino-en-mendoza-con-veinte-conciertos","status":"publish","type":"post","link":"https:\/\/pasaenmendoza.com\/?p=1439","title":{"rendered":"Llega una nueva edici\u00f3n de Tango por los Caminos del Vino en Mendoza, con veinte conciertos"},"content":{"rendered":"\n<p>Una nueva edici\u00f3n del Festival\u00a0<strong>Tango por los Caminos del Vino<\/strong>\u00a0se realizar\u00e1 desde el 17 al 19 de septiembre con 20 conciertos en espacios culturales y bodegas de\u00a0<strong>Mendoza<\/strong>\u00a0y con una apertura en el\u00a0Teatro Independencia,\u00a0informaron este martes sus organizadores.<\/p>\n\n\n\n<p>El festival organizado por el Ministerio de Cultura y Turismo de la provincia cuyana ofrece una experiencia \u00fanica que conjuga paisajes, m\u00fasica, danza, enoturismo y gastronom\u00eda.<\/p>\n\n\n\n<p>La nueva edici\u00f3n se present\u00f3 este martes en el Museo Carlos Alonso-Mansi\u00f3n Stoppel, con la presencia de la ministra de Cultura y Turismo,&nbsp;<strong>Nora Vicario<\/strong>, y el subsecretario de Cultura, Fabi\u00e1n Sama.<\/p>\n\n\n\n<p>\u201cEs un placer para nosotros presentarles una nueva edici\u00f3n de Tango por los Caminos del Vino, que pone el valor el talento de los artistas mendocinos, del que participan 100 m\u00fasicos y 20 parejas de baile&#8221; dijo la ministra Vicario.<\/p>\n\n\n\n<p>La funcionaria adem\u00e1s remarc\u00f3 la sinergia entre el sector p\u00fablico y privado &#8220;que trabajan para brindar una amplia agenda cultural, tur\u00edstica y del vino, sostenida durante todo el a\u00f1o&#8221; y mencion\u00f3 que &#8220;Mendoza es Capital Mundial del Vino y Capital Iberoamericana de la Armon\u00eda Gastron\u00f3mica. Protagonista el Vino y, en esa l\u00ednea, presentamos este festival como una oportunidad para celebrar su riqueza y diversidad, en el \u00e1mbito del enoturismo y el arte\u201d.<\/p>\n\n\n\n<p><strong>Fuente: www.diariomendoza.com.ar<\/strong><\/p>\n","protected":false},"excerpt":{"rendered":"<p>Una nueva edici\u00f3n del Festival\u00a0Tango por los Caminos del Vino\u00a0se realizar\u00e1 desde el 17 al 19 de septiembre con 20 conciertos en espacios culturales y bodegas de\u00a0Mendoza\u00a0y con una apertura en el\u00a0Teatro Independencia,\u00a0informaron este martes sus organizadores. El festival organizado por el Ministerio de Cultura y Turismo de la provincia cuyana ofrece una experiencia \u00fanica [&hellip;]<\/p>\n","protected":false},"author":2,"featured_media":1440,"comment_status":"open","ping_status":"open","sticky":false,"template":"","format":"standard","meta":[],"categories":[50],"tags":[],"_links":{"self":[{"href":"https:\/\/pasaenmendoza.com\/index.php?rest_route=\/wp\/v2\/posts\/1439"}],"collection":[{"href":"https:\/\/pasaenmendoza.com\/index.php?rest_route=\/wp\/v2\/posts"}],"about":[{"href":"https:\/\/pasaenmendoza.com\/index.php?rest_route=\/wp\/v2\/types\/post"}],"author":[{"embeddable":true,"href":"https:\/\/pasaenmendoza.com\/index.php?rest_route=\/wp\/v2\/users\/2"}],"replies":[{"embeddable":true,"href":"https:\/\/pasaenmendoza.com\/index.php?rest_route=%2Fwp%2Fv2%2Fcomments&post=1439"}],"version-history":[{"count":1,"href":"https:\/\/pasaenmendoza.com\/index.php?rest_route=\/wp\/v2\/posts\/1439\/revisions"}],"predecessor-version":[{"id":1441,"href":"https:\/\/pasaenmendoza.com\/index.php?rest_route=\/wp\/v2\/posts\/1439\/revisions\/1441"}],"wp:featuredmedia":[{"embeddable":true,"href":"https:\/\/pasaenmendoza.com\/index.php?rest_route=\/wp\/v2\/media\/1440"}],"wp:attachment":[{"href":"https:\/\/pasaenmendoza.com\/index.php?rest_route=%2Fwp%2Fv2%2Fmedia&parent=1439"}],"wp:term":[{"taxonomy":"category","embeddable":true,"href":"https:\/\/pasaenmendoza.com\/index.php?rest_route=%2Fwp%2Fv2%2Fcategories&post=1439"},{"taxonomy":"post_tag","embeddable":true,"href":"https:\/\/pasaenmendoza.com\/index.php?rest_route=%2Fwp%2Fv2%2Ftags&post=1439"}],"curies":[{"name":"wp","href":"https:\/\/api.w.org\/{rel}","templated":true}]}}