{"id":14392,"date":"2025-08-25T21:22:03","date_gmt":"2025-08-25T19:22:03","guid":{"rendered":"https:\/\/pasaenmendoza.com\/?p=14392"},"modified":"2025-08-25T21:22:04","modified_gmt":"2025-08-25T19:22:04","slug":"cornejo-petri-suarez-los-ministros-apuntes-sobre-el-escenario-politico-que-viene","status":"publish","type":"post","link":"https:\/\/pasaenmendoza.com\/?p=14392","title":{"rendered":"Cornejo, Petri, Suarez, los ministros: apuntes sobre el escenario pol\u00edtico que viene"},"content":{"rendered":"\n<p>\u201cTodas las decisiones que tome de aqu\u00ed en m\u00e1s, ser\u00e1n para convertirme en gobernador de Mendoza\u201d. La frase fue pronunciada por una de las\u00a0<strong>figuras rutilantes<\/strong>\u00a0de la pol\u00edtica de esta provincia en una conversaci\u00f3n reservada, el viernes 15 a las 00.30, horas antes del acuerdo electoral que sell\u00f3\u00a0<strong>Alfredo Cornejo<\/strong>\u00a0entre Cambia Mendoza y La Libertad Avanza.<\/p>\n\n\n\n<p>Un pacto que alter\u00f3 el escenario local inmediato y agita una\u00a0<strong>reconfiguraci\u00f3n de poder<\/strong>, sobre la que se pueden hacer unos apuntes en trazo grueso.<\/p>\n\n\n\n<p>Los primeros planteos giran alrededor del gobernador&nbsp;<strong>Alfredo Cornejo<\/strong>&nbsp;y de su partido, la&nbsp;<strong>Uni\u00f3n C\u00edvica Radical<\/strong>. Uno de los cinco radicalismos provinciales que gobierna en el pa\u00eds, y uno de los dos de la UCR que acordaron con Javier Milei. El otro es el chaque\u00f1o&nbsp;<strong>Leandro Zdero<\/strong>.<\/p>\n\n\n\n<p>La principal pregunta aqu\u00ed y pensando en el futuro de mediano plazo, es si el radicalismo tendr\u00e1 un candidato propio a gobernador en 2027\u00a0como alternativa al ahora libertario\u00a0<strong>Luis Petri,<\/strong>\u00a0ya alojado en una banca del Congreso en el bloque de LLA apuntando al sill\u00f3n de San Mart\u00edn, en la punta del trampol\u00edn.<\/p>\n\n\n\n<p>Hoy, ya mismo, ese nombre\u00a0<strong>alternativo\u00a0<\/strong>del cornejismo\u00a0<strong>no aparece<\/strong>\u00a0en la mesa pero est\u00e1 en estudio. Entonces, \u00bfC\u00f3mo ser\u00eda la apuesta de\u00a0<strong>Alfredo Cornejo<\/strong>\u00a0en ese momento futuro ya sobre el fin de su mandato? No se le caer\u00e1 ning\u00fan anillo si debe llevar en andas a\u00a0<strong>Petri\u00a0<\/strong>a la gobernaci\u00f3n.<\/p>\n\n\n\n<p>En abril ya les hab\u00eda advertido a miembros del gobierno nacional con los que habla, que el\u00a0ministro de Defensa deb\u00eda ser el candidato a diputado nacional. \u201cNo quiere\u2026\u201d, le dijeron. Pero\u00a0<strong>Petri no ser\u00eda la preferencia \u201cin p\u00e9ctore\u201d del gobernador<\/strong>\u00a0para la sucesi\u00f3n. De momento,\u00a0<strong>tampoco lo ser\u00eda \u201cYayo\u201d Suarez<\/strong>, el intendente de Capital. M\u00e1s bien tratar\u00eda de apostar por uno de los miembros de su gabinete, entrenado en la gesti\u00f3n provincial.<\/p>\n\n\n\n<p>Hay un mapa general que indica el GPS de la UCR. La conducci\u00f3n nacional del partido, presidida por el senador porte\u00f1o&nbsp;<strong>Mart\u00edn Lousteau&nbsp;<\/strong>que termina a fin de a\u00f1o, se comporta como aliado y funcional al kirchnerismo. Tiene poco y nada que ver con el pragmatismo pol\u00edtico de los radicalismos provinciales, y menos a\u00fan con el pensamiento de los radicales mendocinos.<\/p>\n\n\n\n<p>Luego, est\u00e1n las circunstancias pol\u00edticas personales.&nbsp;<strong>Subestimar&nbsp;<\/strong>la capacidad de maniobra pol\u00edtica y de&nbsp;<strong>gesti\u00f3n&nbsp;<\/strong>de&nbsp;<strong>Cornejo&nbsp;<\/strong>o darlo por terminado ser\u00eda un error de principiantes. Con poco espacio, en la esquina del c\u00f3rner y la pelota desinflada el gobernador puede hacer jugadas de gol o tirarla a la tribuna para defender la posici\u00f3n. Lo hizo en toda su carrera pol\u00edtica.<\/p>\n\n\n\n<p>Llegar\u00e1 al fin de su segundo mandato con una cuota de poder m\u00e1s que suficiente, \u201cfierros\u201d en todos los poderes y una&nbsp;<strong>masa de legisladores propios&nbsp;<\/strong>como para influir en la pr\u00f3xima gesti\u00f3n siempre que \u00e9sta no resulte&nbsp;<strong>peronista<\/strong>, algo perfectamente posible en las reglas de la democracia.<\/p>\n\n\n\n<h2 class=\"wp-block-heading\">El capital de Cornejo<\/h2>\n\n\n\n<p>Hay algo m\u00e1s importante que todo ese bagaje de capital pol\u00edtico, que es el social.\u00a0<strong>A Cornejo le quedan dos a\u00f1os de gesti\u00f3n<\/strong>, en los que mostrar\u00e1 lo m\u00e1s potente, lo que se ve: las\u00a0rutas nacionales mejoradas por el acuerdo con Naci\u00f3n, rutas y caminos provinciales y otras obras que se har\u00e1n con parte del resarcimiento de\u00a0<strong>Portezuelo<\/strong>.<\/p>\n\n\n\n<p>Con viento a favor y algo de suerte, antes de que deje el gobierno saldr\u00e1n por el corredor internacional los\u00a0<strong>primeros camiones de concentrado de cobre<\/strong>\u00a0de San Jorge, ahora PSJ Cobre Mendocino. De m\u00ednima, Cornejo terminar\u00e1 su gesti\u00f3n con una imagen alta y el aura de provincia \u201cordenada\u201d que lucen los gobiernos de Cambia Mendoza desde 2015, a pesar de la matriz econ\u00f3mica estrecha. No va a rifar ese capital ahora, ni en dos a\u00f1os.<\/p>\n\n\n\n<p>Para entender a los dirigentes, hay que observar las trayectorias. Cornejo\u00a0<strong>siempre jug\u00f3 a ganador<\/strong>\u00a0desde que fue electo intendente de Godoy Cruz en 2007 por primera vez. Eligi\u00f3 cu\u00e1ndo ser candidato a gobernador y cu\u00e1ndo no, con qui\u00e9nes acordar, con qui\u00e9nes no hacerlo, y fue\u00a0administrando sus alianzas en funci\u00f3n de las necesidades\u00a0del momento.<\/p>\n\n\n\n<p>Nunca jug\u00f3 a perdedor. Ni siquiera cuando la \u201crosca nacional\u201d del radicalismo lo aisl\u00f3 lejos de las principales decisiones aunque hab\u00eda sido presidente del partido y del interbloque de JxC en el Senado durante la exitosa campa\u00f1a de 2021. Ser\u00eda extra\u00f1o que su pr\u00f3xima apuesta le haga perder el gobierno a Cambia Mendoza, salvo que el pa\u00eds se d\u00e9 vuelta de nuevo y gane el peronismo. Ya lo dijimos. Puede pasar.<\/p>\n\n\n\n<h2 class=\"wp-block-heading\">Coletazos del acuerdo<\/h2>\n\n\n\n<p>El acuerdo entre LLA y\u00a0<strong>Cornejo<\/strong>, materializado en la sorpresiva candidatura del ministro de Defensa de la Naci\u00f3n\u00a0<strong>Luis Petri\u00a0<\/strong>y la incorporaci\u00f3n de\u00a0<strong>\u00c1lvaro Mart\u00ednez\u00a0<\/strong>(que se reuni\u00f3 a solas con el gobernador) a la lista, movi\u00f3 pasiones. Los \u00faltimos aliados progresistas que quedaban en Cambia Mendoza, Libres del Sur,\u00a0ya hab\u00edan corrido a abrazarse al Partido Verde.\u00a0En el plano interno, hubo un m\u00f3dico quiebre del bloque de Cambia Mendoza en el Concejo Deliberante de Guaymall\u00e9n.<\/p>\n\n\n\n<p>El concejal&nbsp;<strong>Miqueas Burgoa<\/strong>, famoso por haber conducido con 1,25 gramos de alcohol en sangre en mayo \u00faltimo en General Alvear, parti\u00f3 a armar un monobloque. \u201cHoy tomo la decisi\u00f3n de apartarme del rumbo extraviado al que algunos pretenden llevar a nuestro partido\u2026\u201d, comunic\u00f3. El nombre de su nuevo bloque es una declaraci\u00f3n de principios:&nbsp;<strong>Movimiento Provincial Alfonsinista<\/strong>.<\/p>\n\n\n\n<p>El resto de las manifestaciones radicales fueron&nbsp;<strong>intensas<\/strong>, pero en privado. Sobre todo porque siendo pragm\u00e1ticos, el acuerdo fue bueno para la UCR. Obtendr\u00e1 m\u00e1s legisladores que en una hipot\u00e9tica elecci\u00f3n en abril del a\u00f1o que viene, enfrentado a LLA y al peronismo, entre otros.<\/p>\n\n\n\n<p>El \u201cpase\u201d de\u00a0<strong>Luis Petri<\/strong>\u00a0a La Libertad Avanza y su consecuente candidatura a diputado nacional generaron aluviones de mensajes de adhesi\u00f3n, compromiso y felicitaciones para dos personas. Una, el propio Petri.\u00a0El otro destinatario fue Ulpiano \u201cYayo\u201d Suarez, el intendente de Capital.\u00a0Puede que sean dos de los principales actores en la pr\u00f3xima elecci\u00f3n de gobernador, ya que nadie puede negar a esta altura las aspiraciones del ministro de Defensa, ni del alcalde capitalino. Es que el \u201cpase\u201d de Petri a LLA\u00a0<strong>despej\u00f3\u00a0<\/strong>el panorama y\u00a0<strong>simplific\u00f3\u00a0<\/strong>el escenario para todos los radicales con aspiraciones, y le liber\u00f3 las manos a Cornejo, cuya primera opci\u00f3n en 2027 ser\u00e1 que lo suceda un radical.<\/p>\n\n\n\n<h2 class=\"wp-block-heading\">Petri, el libertario<\/h2>\n\n\n\n<p>El ministro de Defensa viene tomando decisiones corajudas. Nadie le puede quitar esa bandera, ni su historia y trayectoria como legislador provincial y nacional de la UCR y de JxC. Enfrent\u00f3 a\u00a0<strong>Cornejo\u00a0<\/strong>sin irse del radicalismo en unas PASO que aunque presum\u00eda adversas, fueron de un resultado dign\u00edsimo. Cosech\u00f3 cuatro de cada diez votos de Cambia Mendoza. Fue ese crecimiento el que lo catapult\u00f3 a la f\u00f3rmula presidencial de Juntos por el Cambio en 2023 junto a\u00a0<strong>Patricia Bullrich<\/strong>. Sumarse al gobierno libertario fue otra inflexi\u00f3n importante.<\/p>\n\n\n\n<p><strong>Luis Petri<\/strong>&nbsp;\u201cla vio\u201d. Se siente comprometido&nbsp;<strong>emocional, pol\u00edtica y funcionalmente<\/strong>&nbsp;con la gesti\u00f3n libertaria y especialmente con el presidente&nbsp;<strong>Javier Milei<\/strong>. Con todas las ventajas y los costos de una campa\u00f1a que ser\u00e1 muy pesada, Petri ha quedado atado al destino del gobierno nacional y especialmente al del presidente. Si a Milei le va bien, las chances de Petri aumentar\u00e1n proporcionalmente. De lo contrario, la cuesta ser\u00e1 mucho m\u00e1s empinada. Pero es su apuesta, como lo fue irse de la UCR.<\/p>\n\n\n\n<p>No ser\u00e1 gratuita ni sencilla la militancia libertaria de\u00a0<strong>Petri<\/strong>. Aunque est\u00e1 convencido de los avances que ha conseguido Milei y de que tienen un enemigo claro -el kirchnerismo- los costos sociales existen, como en los casos de\u00a0jubilados, discapacitados, financiamiento universitario, o la emergencia pedi\u00e1trica.<\/p>\n\n\n\n<p>Es cierto que no se puede achacar a Milei el\u00a0<strong>desastre social argentino<\/strong>. Pero la oposici\u00f3n ha logrado emparentar al gobierno con la palabra \u201c<em>crueldad<\/em>\u201d. Y eso tiene costos. puestos a explicar su apoyo a los vetos presidenciales. No es f\u00e1cil. Ahora, el que deber\u00e1 sacar la cara por el equipo en Mendoza, ser\u00e1\u00a0<strong>Petri<\/strong>.<\/p>\n\n\n\n<p><strong>Ser libertario y de Milei<\/strong>&nbsp;ser\u00e1 una buena prueba de car\u00e1cter para Petri. Y m\u00e1s ahora, cuando est\u00e1 en proceso un presunto caso de corrupci\u00f3n que tiene a maltraer al gobierno nacional.<\/p>\n\n\n\n<p>Se trata de los\u00a0audios atribuidos al ex titular de la Agencia Nacional de Discapacidad Diego Spagnuolo, que revelan un potencial\u00a0<strong>circuito de coimas<\/strong>\u00a0en la provisi\u00f3n de medicamentos al Estado, por parte de la droguer\u00eda\u00a0<strong>Suizo Argentina<\/strong>, una de las m\u00e1s grandes del pa\u00eds y con 102 a\u00f1os de existencia. Esos audios mencionan a Karina Milei.<\/p>\n\n\n\n<p>Periodistas \u201cK\u201d y de la izquierda se ocuparon de se\u00f1alar que los contratos de este laboratorio exceden a la ANDIS, y que alcanzan al Ministerio de Defensa que conduce<strong>\u00a0Luis Petri.<\/strong>\u00a0Colaboradores del ministro explicaron que desde hace 10 meses se conducen con licitaciones, y que esta firma contrata con Defensa por lo menos desde 2017. Los contratos con la droguer\u00eda Suizo Argentina abarcan a por lo menos tres ministerios nacionales y varias provincias, desde hace tiempo.<\/p>\n\n\n\n<p>Petri habl\u00f3 de este caso con&nbsp;<strong>Alfredo Cornejo<\/strong>&nbsp;al menos dos veces el fin de semana. A tres d\u00edas del inicio formal de la campa\u00f1a, este asunto ha quedado metido al tope de la agenda y el gobierno nacional ha tardado en reaccionar, sobre todo porque el equipo es exiguo.<\/p>\n\n\n\n<p>Los ministros profesionales se pueden contar con los dedos de una mano:&nbsp;<strong>Patricia Bullrich, Toto Caputo, Federico Sturttzenegger, Luis Petri<\/strong>, alguno m\u00e1s. Pero por debajo hay capas de ex funcionarios de gobiernos anteriores de intereses diversos, segundas, terceras y cuartas l\u00edneas&nbsp;<strong>improvisadas y amateurs<\/strong>, entre los que pueden aparecer algunos&nbsp;<strong>botarates&nbsp;<\/strong>atra\u00eddos por los jugosos recursos del Estado. Pas\u00f3 en todos los gobiernos.<\/p>\n\n\n\n<p>La Justicia est\u00e1 apurando la investigaci\u00f3n desde que aparecieron los audios la semana pasada. Un reporte del&nbsp;<em>diario La Naci\u00f3n<\/em>&nbsp;indica que el s\u00e1bado ya se estaba haciendo una \u201cextracci\u00f3n forense\u201d a los celulares secuestrados a&nbsp;<strong>Diego Spagnuolo&nbsp;<\/strong>y a otros funcionarios y empresarios. Buscan saber si aquel circuito de sobornos en verdad existi\u00f3. Para el gobierno, esto es algo \u201carmado\u201d para perjudicarlos en las elecciones. Lo dijo el ministro&nbsp;<strong>Guillermo Francos<\/strong>&nbsp;este s\u00e1bado, en una entrevista. De todo esto, a&nbsp;<strong>Petri&nbsp;<\/strong>le va a tocar hablar en la campa\u00f1a.<\/p>\n\n\n\n<h2 class=\"wp-block-heading\">Yayo, el disidente<\/h2>\n\n\n\n<p><strong>Yayo Suarez&nbsp;<\/strong>tuvo una actuaci\u00f3n casi&nbsp;<strong>desapacible y de tono disidente<\/strong>&nbsp;en la presentaci\u00f3n de los candidatos.&nbsp;<strong>Cornejo<\/strong>&nbsp;en persona lo hab\u00eda llamado el s\u00e1bado 16 para que fuese a la residencia en La Puntilla con el resto de los convocados para anunciar el acuerdo y la candidatura de&nbsp;<strong>Petri<\/strong>.<\/p>\n\n\n\n<p>D\u00edas m\u00e1s tarde, un miembro del gabinete le pidi\u00f3 por favor que fuera a la presentaci\u00f3n el jueves. El intendente capitalino s\u00f3lo accedi\u00f3 a la foto con sus colegas intendentes del oficialismo (con la flamante incorporaci\u00f3n del sancarlino\u00a0<strong>Alejandro Morillas<\/strong>). Estuvo tres minutos exactos en Andes Talleres, y parti\u00f3 porque ten\u00eda agenda en su comuna. No apareci\u00f3 en las fotos con Petri. Est\u00e1 construyendo capital propio aunque le cueste desaires con el propio Cornejo.<\/p>\n\n\n\n<p>A fin de ubicar los soldaditos en el fuerte, cabr\u00eda advertir para el futuro un escenario conjugado por&nbsp;<strong>Petri<\/strong>&nbsp;-asociado a la figura de&nbsp;<strong>Milei<\/strong>&#8211; con parte de la UCR, algunos intendentes, peronismo no K, retazos del PRO, el PD, lo que haya en la alacena de La Libertad Avanza en dos a\u00f1os (mucho o poco), y espacios independientes. Y otro m\u00e1s \u201cprogresista\u201d, socialdem\u00f3crata, con el resto de la UCR, puede que el socialismo y partidos de centro, cuyo emergente hoy es&nbsp;<strong>Yayo Suarez<\/strong>, que el mi\u00e9rcoles pasado<strong>&nbsp;comparti\u00f3 un caf\u00e9 pol\u00edtico con Ernesto Mancinelli y Emanuel Fugazzotto, del Frente Verde<\/strong>.<\/p>\n\n\n\n<p>Mancinelli fue hasta hace 5 minutos funcionario del Gobierno provincial, pero parti\u00f3 junto con Libres del Sur a ra\u00edz del acuerdo con LLA. El \u201cpromedio\u201d de los mensajes que recibi\u00f3 Suarez fue \u201cya est\u00e1, estamos con vos\u2026\u201d. No todo es de centro izquierda. Habr\u00eda recibido el apoyo de empresarios que militan en \u201cActiv\u00e1 Mendoza\u201d, y que se referencian con Rodolfo Vargas Arizu, Mauricio Badaloni, Andr\u00e9s Vavrik, entre otros.<\/p>\n\n\n\n<h2 class=\"wp-block-heading\">Falta uno m\u00e1s<\/h2>\n\n\n\n<p>Este tablero \u201coficialista\u201d, si se quiere, est\u00e1 incompleto. Es poco probable que\u00a0<strong>Alfredo Cornejo<\/strong>, los intendentes que le responden como\u00a0<strong>Diego Costarelli, Marcos Calvente, Francisco Lo Presti<\/strong>, y algunos m\u00e1s; no tengan su propio candidato a gobernador en dos a\u00f1os. Al menos, hasta que el gobernador haga su apuesta. \u00bfSer\u00e1 el ministro de Gobierno e Infraestructura Natalio Mema? El gobernador lo destac\u00f3 en p\u00fablico el jueves en la presentaci\u00f3n de las candidaturas de la flamante alianza.<\/p>\n\n\n\n<p>Adem\u00e1s de ser un s\u00faper ministro de \u00e1reas muy sensibles, Mema tiene tareas pol\u00edticas. Presidi\u00f3 el Congreso de la UCR, hace de nexo con intendentes y dirigentes partidarios, y fue el encargado de arrear el gabinete a la presentaci\u00f3n de candidatos. Es el m\u00e1s pol\u00edtico de todos, pero hay otros igualmente capacitados y de perfil pol\u00edtico que podr\u00edan ser el candidato (o candidata), como Jimena Latorre o Rodolfo Montero. \u00bfMercedes Rus? La ministra de Seguridad es de excelencia. Pero conduce un \u00e1rea poco proclive a las noticias alegres.<\/p>\n\n\n\n<h2 class=\"wp-block-heading\">Ejemplos de la historia<\/h2>\n\n\n\n<p>Igual, falta un siglo. En Mendoza hay ejemplos sobrados de que el apuro no da resultados. Hubo gobernadores \u201ccantados\u201d que no llegaron a serlo desde 1983 hasta aqu\u00ed:&nbsp;<strong>Ra\u00fal Baglini, V\u00edctor Fayad, Carlos Balter, C\u00e9sar Biffi, Omar De Marchi<\/strong>, no pudieron treparse al sill\u00f3n de San Mart\u00edn.<\/p>\n\n\n\n<p>Las elecciones de medio t\u00e9rmino son plebiscitos de las gestiones. Pero especialmente de la nacional, que es la que manda en el bolsillo de la gente. La contenci\u00f3n de la inflaci\u00f3n es el principal capital de Javier Milei y la contraposici\u00f3n es el modelo kirchnerista. En medio de esa grieta, no habr\u00e1 mucho espacio para hablar de Mendoza en particular.<\/p>\n\n\n\n<p><strong>Petri&nbsp;<\/strong>y&nbsp;<strong>Cornejo&nbsp;<\/strong>deben acordar c\u00f3mo ser\u00e1 la campa\u00f1a electoral de la alianza oficialista. A\u00fan no habr\u00edan hablado de ello. El ministro va a seguir al frente de Defensa hasta el 10 de diciembre. Alternar\u00e1 la campa\u00f1a con la gesti\u00f3n. Los d\u00edas de semana estar\u00e1 en Buenos Aires o donde le demanden sus compromisos, y los fines de semana vendr\u00eda a recorrer la provincia. Se apoyar\u00eda mucho en redes y hablar\u00eda m\u00e1s con la prensa. Pero el eje proselitista ser\u00e1 \u201clas ideas de la libertad\u201d o volver al pasado kirchnerista.<\/p>\n\n\n\n<p>Entretanto, con el escenario completo empezaron las mediciones locales. En&nbsp;<strong>Cambia Mendoza&nbsp;<\/strong>tienen sondeos muy frescos, que con proyecci\u00f3n de indecisos le daba a la alianza con LLA una intenci\u00f3n de voto cercana al 55%, con el peronismo c\u00f3modo en el segundo lugar en una elecci\u00f3n mucho mejor a la de 2023, y el Frente Verde en tercer lugar.<\/p>\n\n\n\n<p>Esas preferencias&nbsp;<strong>no habr\u00edan cambiado<\/strong>&nbsp;con la incorporaci\u00f3n de Luis Petri a la boleta. Y est\u00e1 claro por qu\u00e9: aunque&nbsp;<strong>Javier Milei&nbsp;<\/strong>es el dirigente que m\u00e1s mide en el pa\u00eds y ganar\u00e1 en al menos 14 provincias -si no m\u00e1s- ya tiene una imagen negativa que supera la positiva (44% a 47%), mientras las preocupaciones de los ciudadanos se ubican alrededor del dinero y si alcanza para llegar a fin de mes. Estos datos surgieron del \u00faltimo estudio de&nbsp;<strong>Martha Reale<\/strong>, de Reale Dalla Torre, publicado este mes.<\/p>\n\n\n\n<p>Tambi\u00e9n creci\u00f3 la\u00a0<strong>incertidumbre<\/strong>. Nadie sabe c\u00f3mo seguir\u00e1 el rumbo econ\u00f3mico despu\u00e9s de las elecciones de octubre y el futuro es un misterio. M\u00e1s en un pa\u00eds como este. Por eso hemos entrado en \u201cpausa\u201d, mientras explotan los\u00a0<strong>fuegos de artificio\u00a0<\/strong>iluminando el cielo. Quedar\u00eda por determinar si son apenas ca\u00f1itas voladoras, o bombas con capacidad de da\u00f1o.<\/p>\n\n\n\n<p><strong>Fuente: www.diariouno.com.ar<\/strong><\/p>\n","protected":false},"excerpt":{"rendered":"<p>\u201cTodas las decisiones que tome de aqu\u00ed en m\u00e1s, ser\u00e1n para convertirme en gobernador de Mendoza\u201d. La frase fue pronunciada por una de las\u00a0figuras rutilantes\u00a0de la pol\u00edtica de esta provincia en una conversaci\u00f3n reservada, el viernes 15 a las 00.30, horas antes del acuerdo electoral que sell\u00f3\u00a0Alfredo Cornejo\u00a0entre Cambia Mendoza y La Libertad Avanza. Un [&hellip;]<\/p>\n","protected":false},"author":2,"featured_media":14393,"comment_status":"open","ping_status":"open","sticky":false,"template":"","format":"standard","meta":[],"categories":[47],"tags":[],"_links":{"self":[{"href":"https:\/\/pasaenmendoza.com\/index.php?rest_route=\/wp\/v2\/posts\/14392"}],"collection":[{"href":"https:\/\/pasaenmendoza.com\/index.php?rest_route=\/wp\/v2\/posts"}],"about":[{"href":"https:\/\/pasaenmendoza.com\/index.php?rest_route=\/wp\/v2\/types\/post"}],"author":[{"embeddable":true,"href":"https:\/\/pasaenmendoza.com\/index.php?rest_route=\/wp\/v2\/users\/2"}],"replies":[{"embeddable":true,"href":"https:\/\/pasaenmendoza.com\/index.php?rest_route=%2Fwp%2Fv2%2Fcomments&post=14392"}],"version-history":[{"count":1,"href":"https:\/\/pasaenmendoza.com\/index.php?rest_route=\/wp\/v2\/posts\/14392\/revisions"}],"predecessor-version":[{"id":14394,"href":"https:\/\/pasaenmendoza.com\/index.php?rest_route=\/wp\/v2\/posts\/14392\/revisions\/14394"}],"wp:featuredmedia":[{"embeddable":true,"href":"https:\/\/pasaenmendoza.com\/index.php?rest_route=\/wp\/v2\/media\/14393"}],"wp:attachment":[{"href":"https:\/\/pasaenmendoza.com\/index.php?rest_route=%2Fwp%2Fv2%2Fmedia&parent=14392"}],"wp:term":[{"taxonomy":"category","embeddable":true,"href":"https:\/\/pasaenmendoza.com\/index.php?rest_route=%2Fwp%2Fv2%2Fcategories&post=14392"},{"taxonomy":"post_tag","embeddable":true,"href":"https:\/\/pasaenmendoza.com\/index.php?rest_route=%2Fwp%2Fv2%2Ftags&post=14392"}],"curies":[{"name":"wp","href":"https:\/\/api.w.org\/{rel}","templated":true}]}}