{"id":14398,"date":"2025-08-25T21:34:45","date_gmt":"2025-08-25T19:34:45","guid":{"rendered":"https:\/\/pasaenmendoza.com\/?p=14398"},"modified":"2025-08-25T21:34:46","modified_gmt":"2025-08-25T19:34:46","slug":"mendoza-esta-alerta-por-el-aumento-de-bebes-toxico-positivos-y-aborda-una-estrategia-con-unicef","status":"publish","type":"post","link":"https:\/\/pasaenmendoza.com\/?p=14398","title":{"rendered":"Mendoza est\u00e1 alerta por el aumento de beb\u00e9s t\u00f3xico positivos y aborda una estrategia con UNICEF"},"content":{"rendered":"\n<p>Mendoza es una las provincias de Argentina que cuenta con el respaldo t\u00e9cnico de<strong>l Fondo Internacional de Emergencia de las Naciones Unidas para la Infancia, (UNICEF),\u00a0<\/strong>para el abordaje de temas prioritarios en la primera infancia, es decir de 0 a 4 a\u00f1os. Uno de los temas que preocupan al Gobierno es el aumento de las medidas de protecci\u00f3n para resguardar a\u00a0<strong>beb\u00e9s<\/strong>\u00a0que al nacer presentan\u00a0<strong>coca\u00edna\u00a0<\/strong>en sangre.<\/p>\n\n\n\n<p>Entre 2023 y 2024, se ordenaron 120 medidas de protecci\u00f3n en beb\u00e9s&nbsp;<strong>t\u00f3xico<\/strong>&nbsp;positivos, que en la pesquisa temprana presentan sustancias como la coca\u00edna y hasta muestran s\u00edntomas de abstinencia.<\/p>\n\n\n\n<p>Este convenio internacional tuvo sus primeros frutos con la creaci\u00f3n de la mesa interministerial, en el que se est\u00e1 trabajando en herramientas para el abordaje y la disminuci\u00f3n del\u00a0<strong>consumo<\/strong>\u00a0problem\u00e1tico en la<strong>\u00a0gestaci\u00f3n<\/strong>\u00a0y luego en la<strong>\u00a0lactancia.<\/strong><\/p>\n\n\n\n<h2 class=\"wp-block-heading\">Las primeras acciones para el cuidado de la infancia en Mendoza<\/h2>\n\n\n\n<p>La Directora General de Protecci\u00f3n,\u00a0<strong>Bel\u00e9n Garc\u00eda,<\/strong>\u00a0profundiz\u00f3 la problem\u00e1tica que enciende las alarmas en Mendoza, desde el nacimiento.<\/p>\n\n\n\n<p>&#8220;A diferencia de otras provincias que tiene problemas con las tasas de vacunaci\u00f3n o escolaridad, por ejemplo, nosotros tenemos buenos resultados en ambas pol\u00edticas. Sin embargo, vemos con preocupaci\u00f3n el crecimiento de medidas de protecci\u00f3n en ni\u00f1os que nacen con coca\u00edna en la sangre&#8221;, explic\u00f3.<\/p>\n\n\n\n<p>En todo el 2024 se dictaron 120 medidas de protecci\u00f3n. Esto significa que hubo una intervenci\u00f3n del Estado para resguardar al menor. Alguna de ellas implican que los beb\u00e9s queden en custodia del Gobierno.<\/p>\n\n\n\n<p>En lo que va del 2025 ya hubo 50 resoluciones de estas caracter\u00edsticas.<\/p>\n\n\n\n<p>&#8220;Una de las primeras acciones est\u00e1 centrada en la capacitaci\u00f3n del personal de los Centros de Desarrollo Infantil y Familiar (CDIyF), jardines maternales y residencias alternativas distribuidos en toda la provincia. Nuestro objetivo es que est\u00e9n\u00a0<strong>entrenados<\/strong>\u00a0para\u00a0<strong>detectar<\/strong>\u00a0situaciones que puedan representar una vulneraci\u00f3n de derechos del ni\u00f1o en esta primera infancia&#8221;, se\u00f1al\u00f3 la funcionaria y recalc\u00f3 que esto tambi\u00e9n se extiende para llegar a las personas gestantes con consumos y hacer un tratamiento en el embarazo.<\/p>\n\n\n\n<p>Garc\u00eda puso de relevancia el papel de una<strong>&nbsp;mesa&nbsp;<\/strong>interministerial compuesta por: los ministerios de Educaci\u00f3n, Cultura e Infancias y DGE; Salud y Deportes; Gobierno, Infraestructura y Desarrollo Territorial, y de la Direcci\u00f3n de Derechos Humanos de la Suprema Corte de Justicia.<\/p>\n\n\n\n<p>&#8220;Cada uno aporta su visi\u00f3n de los problemas que estamos detectando en la<strong>&nbsp;infancia<\/strong>&nbsp;para un abordaje integral. Y ya comenzamos con las primeras reuniones&#8221;, agreg\u00f3.<\/p>\n\n\n\n<p><strong>Principales l\u00edneas estrat\u00e9gicas<\/strong><\/p>\n\n\n\n<p>\u2022 Promoci\u00f3n de la&nbsp;<strong>salud&nbsp;<\/strong>materno-infantil y acceso temprano a<strong>&nbsp;controles<\/strong>&nbsp;m\u00e9dicos.<\/p>\n\n\n\n<p>\u2022 Garant\u00eda del derecho a la&nbsp;<strong>identidad<\/strong>&nbsp;y a la inclusi\u00f3n, con \u00e9nfasis en ni\u00f1os y ni\u00f1as con<strong>&nbsp;discapacidad<\/strong>.<\/p>\n\n\n\n<p>\u2022<strong>&nbsp;Prevenci\u00f3n<\/strong>&nbsp;de situaciones de<strong>&nbsp;maltrato,<\/strong>&nbsp;abuso o violencia.<\/p>\n\n\n\n<p>\u2022 Formaci\u00f3n y acompa\u00f1amiento a equipos t\u00e9cnicos y&nbsp;<strong>agentes educativos<\/strong>.<\/p>\n\n\n\n<p>\u2022 Fortalecimiento de las&nbsp;<strong>habilidades parentales<\/strong>&nbsp;y apoyo a familias en contextos de vulnerabilidad.<\/p>\n\n\n\n<p>\u2022 Promoci\u00f3n de\u00a0<strong>entornos seguros<\/strong>, afectivos y estimulantes en la primera infancia.<\/p>\n\n\n\n<h2 class=\"wp-block-heading\">Los datos que ponen en alerta a las infancias en Mendoza<\/h2>\n\n\n\n<p>En mayo de este a\u00f1o, el Ministerio de Salud dio a conocer datos preocupantes respecto de los nacimientos en la provincia. La directora de&nbsp;<strong>Maternidad e Infancias<\/strong>,Natalia Courtis comunic\u00f3 que entre 2023 y 2024 aument\u00f3 la tasa de&nbsp;<strong>mortalidad<\/strong>&nbsp;<strong>infantil<\/strong>&nbsp;en Mendoza y el principal factores el<strong>&nbsp;fallecimiento<\/strong>&nbsp;de ni\u00f1os menores de 1 a\u00f1o por causas&nbsp;<strong>perinatales<\/strong>. Es decir, las afecciones previas en la madre, como enfermedades de base y el<strong>&nbsp;consumo&nbsp;<\/strong>de<strong>&nbsp;drogas<\/strong>&nbsp;que no son tratados a tiempo.<\/p>\n\n\n\n<p>En 2024,&nbsp;<strong>139 beb\u00e9s murieron&nbsp;<\/strong>al poco tiempo de nacer y en 2023 el n\u00famero es mucho menor 111. Se trata de infantes, cuyas mam\u00e1s tienen entre<strong>&nbsp;20 y 34 a\u00f1os&nbsp;<\/strong>y por la edad se infiere que muchos de estos embarazos no fueron planificados y los controles comenzaron m\u00e1s tarde o no fueron los necesarios.<\/p>\n\n\n\n<p>De este an\u00e1lisis surge la preocupaci\u00f3n por centralizar los esfuerzos en atender lo antes posible la situaci\u00f3n de muchas madres que dan a luz sin los chequeos necesarios, constituyendo un riesgo para la vida propia, como la de su beb\u00e9.<\/p>\n\n\n\n<p><strong>Fuente: www.diariouno.com.ar<\/strong><\/p>\n","protected":false},"excerpt":{"rendered":"<p>Mendoza es una las provincias de Argentina que cuenta con el respaldo t\u00e9cnico del Fondo Internacional de Emergencia de las Naciones Unidas para la Infancia, (UNICEF),\u00a0para el abordaje de temas prioritarios en la primera infancia, es decir de 0 a 4 a\u00f1os. Uno de los temas que preocupan al Gobierno es el aumento de las [&hellip;]<\/p>\n","protected":false},"author":2,"featured_media":14399,"comment_status":"open","ping_status":"open","sticky":false,"template":"","format":"standard","meta":[],"categories":[58],"tags":[],"_links":{"self":[{"href":"https:\/\/pasaenmendoza.com\/index.php?rest_route=\/wp\/v2\/posts\/14398"}],"collection":[{"href":"https:\/\/pasaenmendoza.com\/index.php?rest_route=\/wp\/v2\/posts"}],"about":[{"href":"https:\/\/pasaenmendoza.com\/index.php?rest_route=\/wp\/v2\/types\/post"}],"author":[{"embeddable":true,"href":"https:\/\/pasaenmendoza.com\/index.php?rest_route=\/wp\/v2\/users\/2"}],"replies":[{"embeddable":true,"href":"https:\/\/pasaenmendoza.com\/index.php?rest_route=%2Fwp%2Fv2%2Fcomments&post=14398"}],"version-history":[{"count":1,"href":"https:\/\/pasaenmendoza.com\/index.php?rest_route=\/wp\/v2\/posts\/14398\/revisions"}],"predecessor-version":[{"id":14400,"href":"https:\/\/pasaenmendoza.com\/index.php?rest_route=\/wp\/v2\/posts\/14398\/revisions\/14400"}],"wp:featuredmedia":[{"embeddable":true,"href":"https:\/\/pasaenmendoza.com\/index.php?rest_route=\/wp\/v2\/media\/14399"}],"wp:attachment":[{"href":"https:\/\/pasaenmendoza.com\/index.php?rest_route=%2Fwp%2Fv2%2Fmedia&parent=14398"}],"wp:term":[{"taxonomy":"category","embeddable":true,"href":"https:\/\/pasaenmendoza.com\/index.php?rest_route=%2Fwp%2Fv2%2Fcategories&post=14398"},{"taxonomy":"post_tag","embeddable":true,"href":"https:\/\/pasaenmendoza.com\/index.php?rest_route=%2Fwp%2Fv2%2Ftags&post=14398"}],"curies":[{"name":"wp","href":"https:\/\/api.w.org\/{rel}","templated":true}]}}