{"id":14401,"date":"2025-08-26T15:39:02","date_gmt":"2025-08-26T13:39:02","guid":{"rendered":"https:\/\/pasaenmendoza.com\/?p=14401"},"modified":"2025-08-26T15:39:03","modified_gmt":"2025-08-26T13:39:03","slug":"el-tiempo-en-mendoza-martes-agradable-y-con-poco-cambio-de-temperatura","status":"publish","type":"post","link":"https:\/\/pasaenmendoza.com\/?p=14401","title":{"rendered":"El tiempo en Mendoza: martes agradable y con poco cambio de temperatura"},"content":{"rendered":"\n<p>La&nbsp;<strong>temperatura m\u00e1xima para este martes ser\u00e1 de unos 23 grados cent\u00edgrados<\/strong>, mientras que&nbsp;<strong>la m\u00ednima estar\u00e1 en 8 grados cent\u00edgrados<\/strong>.<\/p>\n\n\n\n<p>Habr\u00e1 \u201c<em>tiempo bueno con poco cambio de la temperatura y cielo algo nublado, vientos moderados del noreste. Heladas parciales<\/em>\u201c.<\/p>\n\n\n\n<p>Se espera circulaci\u00f3n de viento de leve a moderada en direcci\u00f3n norte a sur desde las 11 hasta la medianoche. Afectar\u00e1 al Gran Mendoza, zona Norte, zona Este, zona Sur y Valle de Uco.<\/p>\n\n\n\n<p>El tiempo en alta monta\u00f1a: \u201c<em>Poco nuboso en cordillera<\/em>\u201c.<\/p>\n\n\n\n<p><strong>Fuente: www.elsol.com.ar<\/strong><\/p>\n","protected":false},"excerpt":{"rendered":"<p>La&nbsp;temperatura m\u00e1xima para este martes ser\u00e1 de unos 23 grados cent\u00edgrados, mientras que&nbsp;la m\u00ednima estar\u00e1 en 8 grados cent\u00edgrados. Habr\u00e1 \u201ctiempo bueno con poco cambio de la temperatura y cielo algo nublado, vientos moderados del noreste. Heladas parciales\u201c. Se espera circulaci\u00f3n de viento de leve a moderada en direcci\u00f3n norte a sur desde las 11 [&hellip;]<\/p>\n","protected":false},"author":2,"featured_media":14402,"comment_status":"open","ping_status":"open","sticky":false,"template":"","format":"standard","meta":[],"categories":[52],"tags":[],"_links":{"self":[{"href":"https:\/\/pasaenmendoza.com\/index.php?rest_route=\/wp\/v2\/posts\/14401"}],"collection":[{"href":"https:\/\/pasaenmendoza.com\/index.php?rest_route=\/wp\/v2\/posts"}],"about":[{"href":"https:\/\/pasaenmendoza.com\/index.php?rest_route=\/wp\/v2\/types\/post"}],"author":[{"embeddable":true,"href":"https:\/\/pasaenmendoza.com\/index.php?rest_route=\/wp\/v2\/users\/2"}],"replies":[{"embeddable":true,"href":"https:\/\/pasaenmendoza.com\/index.php?rest_route=%2Fwp%2Fv2%2Fcomments&post=14401"}],"version-history":[{"count":1,"href":"https:\/\/pasaenmendoza.com\/index.php?rest_route=\/wp\/v2\/posts\/14401\/revisions"}],"predecessor-version":[{"id":14403,"href":"https:\/\/pasaenmendoza.com\/index.php?rest_route=\/wp\/v2\/posts\/14401\/revisions\/14403"}],"wp:featuredmedia":[{"embeddable":true,"href":"https:\/\/pasaenmendoza.com\/index.php?rest_route=\/wp\/v2\/media\/14402"}],"wp:attachment":[{"href":"https:\/\/pasaenmendoza.com\/index.php?rest_route=%2Fwp%2Fv2%2Fmedia&parent=14401"}],"wp:term":[{"taxonomy":"category","embeddable":true,"href":"https:\/\/pasaenmendoza.com\/index.php?rest_route=%2Fwp%2Fv2%2Fcategories&post=14401"},{"taxonomy":"post_tag","embeddable":true,"href":"https:\/\/pasaenmendoza.com\/index.php?rest_route=%2Fwp%2Fv2%2Ftags&post=14401"}],"curies":[{"name":"wp","href":"https:\/\/api.w.org\/{rel}","templated":true}]}}