{"id":14417,"date":"2025-08-27T00:21:36","date_gmt":"2025-08-26T22:21:36","guid":{"rendered":"https:\/\/pasaenmendoza.com\/?p=14417"},"modified":"2025-08-27T00:21:37","modified_gmt":"2025-08-26T22:21:37","slug":"posible-corte-de-agua-de-aysam-en-mendoza-por-la-colocacion-de-un-nuevo-caudalimetro","status":"publish","type":"post","link":"https:\/\/pasaenmendoza.com\/?p=14417","title":{"rendered":"Posible corte de agua de AYSAM en Mendoza por la colocaci\u00f3n de un nuevo caudal\u00edmetro"},"content":{"rendered":"\n<p><strong>AYSAM<\/strong>\u00a0comunic\u00f3 que instalar\u00e1 un nuevo caudal\u00edmetro en la planta potabilizadora\u00a0<strong>Potrerillos<\/strong>, junto con los trabajos de apertura de compuertas del descargador de fondo que har\u00e1 la Direcci\u00f3n de Hidr\u00e1ulica. Por estas tareas alertaron sobre posibles\u00a0<strong>cortes\u00a0<\/strong>de\u00a0<strong>agua\u00a0<\/strong>en diferentes zonas del\u00a0<strong>Gran Mendoza<\/strong>.<\/p>\n\n\n\n<p>Las tareas ser\u00e1n para instalar un nuevo caudal\u00edmetro sobre el acueducto de 80 mil\u00edmetros a la salida del establecimiento potabilizador\u00a0<strong>Potrerillos<\/strong>. Al mismo tiempo, y para aprovechar el tiempo de esta intervenci\u00f3n, se realizar\u00e1n otras operaciones al mismo tiempo.<\/p>\n\n\n\n<p>Son maniobras previas y necesarias para una pr\u00f3xima instalaci\u00f3n de 2 nuevos caudal\u00edmetros a la salida del establecimiento potabilizador&nbsp;<strong>Luj\u00e1n&nbsp;<\/strong>II donde se trabajar\u00e1 sobre acueductos de 450 y 500 mil\u00edmetros. Esta inversi\u00f3n supera los u$s 250.000.<\/p>\n\n\n\n<p>Es parte del proyecto de\u00a0<strong>optimizaci\u00f3n\u00a0<\/strong>del Sistema de Macrodistribuci\u00f3n del \u00c1rea Metropolitana que cuenta con una inversi\u00f3n de m\u00e1s de u$s5.100 millones. La colocaci\u00f3n de este caudal\u00edmetro\u00a0se suma a los 9 que ya funcionan\u00a0en el establecimiento\u00a0<strong>potabilizador\u00a0<\/strong>Benegas, en el de Alto Godoy, en la Plaza Cioppo, de Luj\u00e1n, y en Godoy Cruz.<\/p>\n\n\n\n<p>Por estos trabajos es que&nbsp;<strong>AYSAM&nbsp;<\/strong>alert\u00f3 que algunas zonas del Gran Mendoza pueden sufrir baja de presi\u00f3n de&nbsp;<strong>agua&nbsp;<\/strong>o directamente&nbsp;<strong>cortes&nbsp;<\/strong>en el servicio, por lo que pidieron hacer un uso responsable del mismo.<\/p>\n\n\n\n<h2 class=\"wp-block-heading\">Cu\u00e1ndo ser\u00e1 el corte de agua de AYSAM<\/h2>\n\n\n\n<p><strong>AYSAM<\/strong>&nbsp;indic\u00f3 que los trabajos se har\u00e1n en un d\u00eda y horario espec\u00edficos para afectar lo menos posible a la poblaci\u00f3n, especialmente en escuelas y a la administraci\u00f3n p\u00fablica.<\/p>\n\n\n\n<p>Comenzar\u00e1n a las 3.30 del&nbsp;<strong>s\u00e1bado 30<\/strong>&nbsp;de agosto, cuando se realizar\u00e1 el corte programado y podr\u00eda afectar durante todo ese d\u00eda varias zonas de Ciudad, Godoy Cruz, Guaymall\u00e9n, Luj\u00e1n y Maip\u00fa.<\/p>\n\n\n\n<ul>\n<li>Ciudad: La Favorita<\/li>\n\n\n\n<li>Godoy Cruz: de Lateral Este Acceso Sur a 9 de Julio y de Carrodilla a Rodr\u00edguez Pe\u00f1a<\/li>\n\n\n\n<li>Guaymall\u00e9n: San Francisco del Monte, Rodeo de la Cruz, Capilla del Rosario, Jes\u00fas Nazareno, y algunas zonas de Villa Nueva<\/li>\n\n\n\n<li>Luj\u00e1n: Blanco Encalada, Las Compuertas, La Puntilla, Chacras de Coria, Potrerillos, Cacheuta, barrios Los Alerces I y II, Susso, San Antonio y Huarpes III<\/li>\n\n\n\n<li>Maip\u00fa: Coquimbito y Luzuriaga<\/li>\n<\/ul>\n\n\n\n<p>Estas tareas estar\u00e1n a cargo del personal de&nbsp;<strong>AYSAM<\/strong>&nbsp;junto con el apoyo de la empresa contratista y la supervisi\u00f3n de la inspecci\u00f3n de la obra. El objetivo es mejorar el servicio a m\u00e1s de 1.100.000 mendocinos con un sistema de distribuci\u00f3n por uno m\u00e1s simple, funcional y automatizado.<\/p>\n\n\n\n<h2 class=\"wp-block-heading\">Cu\u00e1nto durar\u00e1 el corte de Aysam<\/h2>\n\n\n\n<p>Las maniobras comenzar\u00e1n a las 3.30 del s\u00e1bado y se extender\u00e1 por lo menos hasta las 15.30. Una vez que la instalaci\u00f3n del\u00a0<strong>caudal\u00edmetro\u00a0<\/strong>haya finalizado, comenzar\u00e1n con la recuperaci\u00f3n de reservas y la purga de\u00a0<strong>acueductos<\/strong>.<\/p>\n\n\n\n<p>Por esto mismo indicaron que el restablecimiento de&nbsp;<strong>agua&nbsp;<\/strong>potable puede demorar en algunas zonas entre 24 y 48 horas luego de la instalaci\u00f3n del&nbsp;<strong>caudal\u00edmetro<\/strong>.<\/p>\n\n\n\n<p><strong>AYSAM<\/strong>&nbsp;record\u00f3 a todos los mendocinos que ese d\u00eda en especial se haga uso &#8220;sumamente&nbsp;<strong>responsable&nbsp;<\/strong>y solidario del&nbsp;<strong>agua&nbsp;<\/strong>potable&#8221;, ya que el restablecimiento del servicio comenzar\u00e1 a partir de la noche del domingo y en forma paulatina. &#8220;Por eso, es importante cuidar al m\u00e1ximo las reservas de&nbsp;<strong>agua potable<\/strong>&nbsp;hasta ese momento&#8221;, se\u00f1alaron.<\/p>\n\n\n\n<h2 class=\"wp-block-heading\">Recomendaciones ante el corte de agua de AYSAM<\/h2>\n\n\n\n<p>Ante la posibilidad de baja de presi\u00f3n o corte directamente del\u00a0<strong>agua\u00a0<\/strong>potable, aconsejaron a los usuarios que guarden una reserva embotellada de\u00a0<strong>2 litros por persona<\/strong>, guardada en recipientes limpios.<\/p>\n\n\n\n<p>Cuidar la reserva del tanque de&nbsp;<strong>agua&nbsp;<\/strong>domiciliario y utilizarla con moderaci\u00f3n durante el fin de semana, al igual que regular la intensidad del caudal de&nbsp;<strong>agua&nbsp;<\/strong>de las canillas.<\/p>\n\n\n\n<p><strong>AYSAM\u00a0<\/strong>pidi\u00f3 que el s\u00e1bado 30 de agosto se evite el riego de jardines, el uso de lavarropas y lavavajillas. Record\u00f3 que el lavado de veredas y veh\u00edculos con manguera o hidrolavadora est\u00e1\u00a0<strong>prohibido<\/strong>\u00a0durante todo el a\u00f1o las 24 horas del d\u00eda.<\/p>\n\n\n\n<p><strong>Fuente: www.diariouno.com.ar<\/strong><\/p>\n","protected":false},"excerpt":{"rendered":"<p>AYSAM\u00a0comunic\u00f3 que instalar\u00e1 un nuevo caudal\u00edmetro en la planta potabilizadora\u00a0Potrerillos, junto con los trabajos de apertura de compuertas del descargador de fondo que har\u00e1 la Direcci\u00f3n de Hidr\u00e1ulica. Por estas tareas alertaron sobre posibles\u00a0cortes\u00a0de\u00a0agua\u00a0en diferentes zonas del\u00a0Gran Mendoza. Las tareas ser\u00e1n para instalar un nuevo caudal\u00edmetro sobre el acueducto de 80 mil\u00edmetros a la salida [&hellip;]<\/p>\n","protected":false},"author":2,"featured_media":14418,"comment_status":"open","ping_status":"open","sticky":false,"template":"","format":"standard","meta":[],"categories":[50],"tags":[],"_links":{"self":[{"href":"https:\/\/pasaenmendoza.com\/index.php?rest_route=\/wp\/v2\/posts\/14417"}],"collection":[{"href":"https:\/\/pasaenmendoza.com\/index.php?rest_route=\/wp\/v2\/posts"}],"about":[{"href":"https:\/\/pasaenmendoza.com\/index.php?rest_route=\/wp\/v2\/types\/post"}],"author":[{"embeddable":true,"href":"https:\/\/pasaenmendoza.com\/index.php?rest_route=\/wp\/v2\/users\/2"}],"replies":[{"embeddable":true,"href":"https:\/\/pasaenmendoza.com\/index.php?rest_route=%2Fwp%2Fv2%2Fcomments&post=14417"}],"version-history":[{"count":1,"href":"https:\/\/pasaenmendoza.com\/index.php?rest_route=\/wp\/v2\/posts\/14417\/revisions"}],"predecessor-version":[{"id":14419,"href":"https:\/\/pasaenmendoza.com\/index.php?rest_route=\/wp\/v2\/posts\/14417\/revisions\/14419"}],"wp:featuredmedia":[{"embeddable":true,"href":"https:\/\/pasaenmendoza.com\/index.php?rest_route=\/wp\/v2\/media\/14418"}],"wp:attachment":[{"href":"https:\/\/pasaenmendoza.com\/index.php?rest_route=%2Fwp%2Fv2%2Fmedia&parent=14417"}],"wp:term":[{"taxonomy":"category","embeddable":true,"href":"https:\/\/pasaenmendoza.com\/index.php?rest_route=%2Fwp%2Fv2%2Fcategories&post=14417"},{"taxonomy":"post_tag","embeddable":true,"href":"https:\/\/pasaenmendoza.com\/index.php?rest_route=%2Fwp%2Fv2%2Ftags&post=14417"}],"curies":[{"name":"wp","href":"https:\/\/api.w.org\/{rel}","templated":true}]}}